{"id":70822,"date":"2026-09-04T14:44:20","date_gmt":"2026-09-04T17:44:20","guid":{"rendered":"https:\/\/safras.com.br\/es\/?p=70822"},"modified":"2026-09-04T14:46:03","modified_gmt":"2026-09-04T17:46:03","slug":"btg-pactual-mejora-proyecciones-para-bancos-argentinos","status":"publish","type":"post","link":"https:\/\/safras.com.br\/es\/btg-pactual-mejora-proyecciones-para-bancos-argentinos\/","title":{"rendered":"BTG mejora proyecciones para bancos argentinos en 2026"},"content":{"rendered":"<div id=\"model-response-message-contentr_e2724da831348151\" class=\"markdown markdown-main-panel md-content enable-luminous-fast-follows enable-updated-hr-color stronger\" dir=\"ltr\" aria-busy=\"false\" aria-live=\"polite\">\n<div>\n<p>Un informe elaborado por BTG Pactual proyect\u00f3 una mejora en las perspectivas de rentabilidad para los <a href=\"https:\/\/safras.com.br\/es\/gobierno-anuncia-medidas-para-impulsar-credito-hipotecario\/\"><strong><span style=\"color: #0000ff;\">bancos argentinos<\/span><\/strong><\/a> debido a la moderaci\u00f3n de los costos de riesgo y una menor p\u00e9rdida monetaria por la desaceleraci\u00f3n inflacionaria.<\/p>\n<p>Las entidades financieras prev\u00e9n que el crecimiento real del cr\u00e9dito se ubique entre 10,0% y 15,0% durante el transcurso del a\u00f1o. \u00abEl ciclo de calidad de activos puede haber comenzado a girar\u00bb, se\u00f1alaron los analistas.<\/p>\n<p>La entidad financiera elev\u00f3 el precio objetivo para Grupo Galicia a US$ 66 por ADR y para Banco Macro a US$ 109 por ADR, proyectando un potencial de suba del 50,0%.<\/p>\n<p>Por su parte, el estudio destac\u00f3 que el entorno pol\u00edtico y la posibilidad de reformas de mercado hacia 2027 podr\u00edan actuar como catalizadores para el sector.<\/p>\n<p>\u00abEl proceso de normalizaci\u00f3n de la morosidad ha tomado m\u00e1s tiempo de lo esperado\u00bb, concluy\u00f3 el informe t\u00e9cnico.<\/p>\n<\/div>\n<\/div>\n","protected":false},"excerpt":{"rendered":"<p>Un informe elaborado por BTG Pactual proyect\u00f3 una mejora en las perspectivas de rentabilidad para los bancos argentinos debido a la moderaci\u00f3n de los costos de riesgo y una menor p\u00e9rdida monetaria por la desaceleraci\u00f3n inflacionaria. Las entidades financieras prev\u00e9n que el crecimiento real del cr\u00e9dito se ubique entre 10,0% y 15,0% durante el transcurso [&hellip;]<\/p>\n","protected":false},"author":13,"featured_media":70823,"comment_status":"open","ping_status":"closed","sticky":false,"template":"","format":"standard","meta":{"_acf_changed":false,"footnotes":""},"categories":[444],"tags":[334,546,446],"commodity":[],"class_list":["post-70822","post","type-post","status-publish","format-standard","has-post-thumbnail","hentry","category-noticias-financieras","tag-argentina-es","tag-bancos","tag-btg"],"acf":[],"yoast_head":"<!-- This site is optimized with the Yoast SEO plugin v26.5 - https:\/\/yoast.com\/wordpress\/plugins\/seo\/ -->\n<title>BTG mejora proyecciones para bancos argentinos en 2026 - SAFRAS &amp; Mercado<\/title>\n<meta name=\"description\" content=\"BTG Pactual mejora proyecciones para bancos argentinos por menores costos de riesgo y prev\u00e9 una suba del cr\u00e9dito real de hasta 15,0%.\" \/>\n<meta name=\"robots\" content=\"index, follow, max-snippet:-1, max-image-preview:large, max-video-preview:-1\" \/>\n<link rel=\"canonical\" href=\"https:\/\/safras.com.br\/es\/btg-pactual-mejora-proyecciones-para-bancos-argentinos\/\" \/>\n<meta property=\"og:locale\" content=\"es_ES\" \/>\n<meta property=\"og:type\" content=\"article\" \/>\n<meta property=\"og:title\" content=\"BTG mejora proyecciones para bancos argentinos en 2026 - SAFRAS &amp; Mercado\" \/>\n<meta property=\"og:description\" content=\"BTG Pactual mejora proyecciones para bancos argentinos por menores costos de riesgo y prev\u00e9 una suba del cr\u00e9dito real de hasta 15,0%.\" \/>\n<meta property=\"og:url\" content=\"https:\/\/safras.com.br\/es\/btg-pactual-mejora-proyecciones-para-bancos-argentinos\/\" \/>\n<meta property=\"og:site_name\" content=\"SAFRAS &amp; Mercado\" \/>\n<meta property=\"article:published_time\" content=\"2026-09-04T17:44:20+00:00\" \/>\n<meta property=\"article:modified_time\" content=\"2026-09-04T17:46:03+00:00\" \/>\n<meta property=\"og:image\" content=\"https:\/\/safras.com.br\/es\/wp-content\/uploads\/2026\/09\/buenosaires4.jpeg\" \/>\n\t<meta property=\"og:image:width\" content=\"1280\" \/>\n\t<meta property=\"og:image:height\" content=\"853\" \/>\n\t<meta property=\"og:image:type\" content=\"image\/jpeg\" \/>\n<meta name=\"author\" content=\"Horacio Vera\" \/>\n<meta name=\"twitter:card\" content=\"summary_large_image\" \/>\n<meta name=\"twitter:label1\" content=\"Escrito por\" \/>\n\t<meta name=\"twitter:data1\" content=\"Horacio Vera\" \/>\n\t<meta name=\"twitter:label2\" content=\"Tiempo de lectura\" \/>\n\t<meta name=\"twitter:data2\" content=\"1 minuto\" \/>\n<script type=\"application\/ld+json\" class=\"yoast-schema-graph\">{\"@context\":\"https:\/\/schema.org\",\"@graph\":[{\"@type\":\"Article\",\"@id\":\"https:\/\/safras.com.br\/es\/btg-pactual-mejora-proyecciones-para-bancos-argentinos\/#article\",\"isPartOf\":{\"@id\":\"https:\/\/safras.com.br\/es\/btg-pactual-mejora-proyecciones-para-bancos-argentinos\/\"},\"author\":{\"name\":\"Horacio Vera\",\"@id\":\"https:\/\/safras.com.br\/es\/#\/schema\/person\/8a6e0df178260e340253292bf04da747\"},\"headline\":\"BTG mejora proyecciones para bancos argentinos en 2026\",\"datePublished\":\"2026-09-04T17:44:20+00:00\",\"dateModified\":\"2026-09-04T17:46:03+00:00\",\"mainEntityOfPage\":{\"@id\":\"https:\/\/safras.com.br\/es\/btg-pactual-mejora-proyecciones-para-bancos-argentinos\/\"},\"wordCount\":159,\"commentCount\":0,\"publisher\":{\"@id\":\"https:\/\/safras.com.br\/es\/#organization\"},\"image\":{\"@id\":\"https:\/\/safras.com.br\/es\/btg-pactual-mejora-proyecciones-para-bancos-argentinos\/#primaryimage\"},\"thumbnailUrl\":\"https:\/\/safras.com.br\/es\/wp-content\/uploads\/2026\/09\/buenosaires4.jpeg\",\"keywords\":[\"ARGENTINA\",\"bancos\",\"BTG\"],\"articleSection\":[\"Noticias Financieras\"],\"inLanguage\":\"es\",\"potentialAction\":[{\"@type\":\"CommentAction\",\"name\":\"Comment\",\"target\":[\"https:\/\/safras.com.br\/es\/btg-pactual-mejora-proyecciones-para-bancos-argentinos\/#respond\"]}]},{\"@type\":\"WebPage\",\"@id\":\"https:\/\/safras.com.br\/es\/btg-pactual-mejora-proyecciones-para-bancos-argentinos\/\",\"url\":\"https:\/\/safras.com.br\/es\/btg-pactual-mejora-proyecciones-para-bancos-argentinos\/\",\"name\":\"BTG mejora proyecciones para bancos argentinos en 2026 - SAFRAS &amp; Mercado\",\"isPartOf\":{\"@id\":\"https:\/\/safras.com.br\/es\/#website\"},\"primaryImageOfPage\":{\"@id\":\"https:\/\/safras.com.br\/es\/btg-pactual-mejora-proyecciones-para-bancos-argentinos\/#primaryimage\"},\"image\":{\"@id\":\"https:\/\/safras.com.br\/es\/btg-pactual-mejora-proyecciones-para-bancos-argentinos\/#primaryimage\"},\"thumbnailUrl\":\"https:\/\/safras.com.br\/es\/wp-content\/uploads\/2026\/09\/buenosaires4.jpeg\",\"datePublished\":\"2026-09-04T17:44:20+00:00\",\"dateModified\":\"2026-09-04T17:46:03+00:00\",\"description\":\"BTG Pactual mejora proyecciones para bancos argentinos por menores costos de riesgo y prev\u00e9 una suba del cr\u00e9dito real de hasta 15,0%.\",\"breadcrumb\":{\"@id\":\"https:\/\/safras.com.br\/es\/btg-pactual-mejora-proyecciones-para-bancos-argentinos\/#breadcrumb\"},\"inLanguage\":\"es\",\"potentialAction\":[{\"@type\":\"ReadAction\",\"target\":[\"https:\/\/safras.com.br\/es\/btg-pactual-mejora-proyecciones-para-bancos-argentinos\/\"]}]},{\"@type\":\"ImageObject\",\"inLanguage\":\"es\",\"@id\":\"https:\/\/safras.com.br\/es\/btg-pactual-mejora-proyecciones-para-bancos-argentinos\/#primaryimage\",\"url\":\"https:\/\/safras.com.br\/es\/wp-content\/uploads\/2026\/09\/buenosaires4.jpeg\",\"contentUrl\":\"https:\/\/safras.com.br\/es\/wp-content\/uploads\/2026\/09\/buenosaires4.jpeg\",\"width\":1280,\"height\":853,\"caption\":\"buenosaires4\"},{\"@type\":\"BreadcrumbList\",\"@id\":\"https:\/\/safras.com.br\/es\/btg-pactual-mejora-proyecciones-para-bancos-argentinos\/#breadcrumb\",\"itemListElement\":[{\"@type\":\"ListItem\",\"position\":1,\"name\":\"Portada\",\"item\":\"https:\/\/safras.com.br\/es\/\"},{\"@type\":\"ListItem\",\"position\":2,\"name\":\"BTG mejora proyecciones para bancos argentinos en 2026\"}]},{\"@type\":\"WebSite\",\"@id\":\"https:\/\/safras.com.br\/es\/#website\",\"url\":\"https:\/\/safras.com.br\/es\/\",\"name\":\"SAFRAS & Mercado\",\"description\":\"El ecosistema de agronegocios\",\"publisher\":{\"@id\":\"https:\/\/safras.com.br\/es\/#organization\"},\"potentialAction\":[{\"@type\":\"SearchAction\",\"target\":{\"@type\":\"EntryPoint\",\"urlTemplate\":\"https:\/\/safras.com.br\/es\/?s={search_term_string}\"},\"query-input\":{\"@type\":\"PropertyValueSpecification\",\"valueRequired\":true,\"valueName\":\"search_term_string\"}}],\"inLanguage\":\"es\"},{\"@type\":\"Organization\",\"@id\":\"https:\/\/safras.com.br\/es\/#organization\",\"name\":\"SAFRAS & Mercado\",\"url\":\"https:\/\/safras.com.br\/es\/\",\"logo\":{\"@type\":\"ImageObject\",\"inLanguage\":\"es\",\"@id\":\"https:\/\/safras.com.br\/es\/#\/schema\/logo\/image\/\",\"url\":\"https:\/\/safras.com.br\/es\/wp-content\/uploads\/2023\/01\/cropped-favicon.png\",\"contentUrl\":\"https:\/\/safras.com.br\/es\/wp-content\/uploads\/2023\/01\/cropped-favicon.png\",\"width\":512,\"height\":512,\"caption\":\"SAFRAS & Mercado\"},\"image\":{\"@id\":\"https:\/\/safras.com.br\/es\/#\/schema\/logo\/image\/\"}},{\"@type\":\"Person\",\"@id\":\"https:\/\/safras.com.br\/es\/#\/schema\/person\/8a6e0df178260e340253292bf04da747\",\"name\":\"Horacio Vera\",\"image\":{\"@type\":\"ImageObject\",\"inLanguage\":\"es\",\"@id\":\"https:\/\/safras.com.br\/es\/#\/schema\/person\/image\/\",\"url\":\"https:\/\/secure.gravatar.com\/avatar\/bc30669cd90fb2e21304f48bfae82357e2f9224933e78600478745d017747a8f?s=96&d=mm&r=g\",\"contentUrl\":\"https:\/\/secure.gravatar.com\/avatar\/bc30669cd90fb2e21304f48bfae82357e2f9224933e78600478745d017747a8f?s=96&d=mm&r=g\",\"caption\":\"Horacio Vera\"},\"url\":\"https:\/\/safras.com.br\/es\/author\/sf_horacio\/\"}]}<\/script>\n<!-- \/ Yoast SEO plugin. -->","yoast_head_json":{"title":"BTG mejora proyecciones para bancos argentinos en 2026 - SAFRAS &amp; Mercado","description":"BTG Pactual mejora proyecciones para bancos argentinos por menores costos de riesgo y prev\u00e9 una suba del cr\u00e9dito real de hasta 15,0%.","robots":{"index":"index","follow":"follow","max-snippet":"max-snippet:-1","max-image-preview":"max-image-preview:large","max-video-preview":"max-video-preview:-1"},"canonical":"https:\/\/safras.com.br\/es\/btg-pactual-mejora-proyecciones-para-bancos-argentinos\/","og_locale":"es_ES","og_type":"article","og_title":"BTG mejora proyecciones para bancos argentinos en 2026 - SAFRAS &amp; Mercado","og_description":"BTG Pactual mejora proyecciones para bancos argentinos por menores costos de riesgo y prev\u00e9 una suba del cr\u00e9dito real de hasta 15,0%.","og_url":"https:\/\/safras.com.br\/es\/btg-pactual-mejora-proyecciones-para-bancos-argentinos\/","og_site_name":"SAFRAS &amp; Mercado","article_published_time":"2026-09-04T17:44:20+00:00","article_modified_time":"2026-09-04T17:46:03+00:00","og_image":[{"width":1280,"height":853,"url":"https:\/\/safras.com.br\/es\/wp-content\/uploads\/2026\/09\/buenosaires4.jpeg","type":"image\/jpeg"}],"author":"Horacio Vera","twitter_card":"summary_large_image","twitter_misc":{"Escrito por":"Horacio Vera","Tiempo de lectura":"1 minuto"},"schema":{"@context":"https:\/\/schema.org","@graph":[{"@type":"Article","@id":"https:\/\/safras.com.br\/es\/btg-pactual-mejora-proyecciones-para-bancos-argentinos\/#article","isPartOf":{"@id":"https:\/\/safras.com.br\/es\/btg-pactual-mejora-proyecciones-para-bancos-argentinos\/"},"author":{"name":"Horacio Vera","@id":"https:\/\/safras.com.br\/es\/#\/schema\/person\/8a6e0df178260e340253292bf04da747"},"headline":"BTG mejora proyecciones para bancos argentinos en 2026","datePublished":"2026-09-04T17:44:20+00:00","dateModified":"2026-09-04T17:46:03+00:00","mainEntityOfPage":{"@id":"https:\/\/safras.com.br\/es\/btg-pactual-mejora-proyecciones-para-bancos-argentinos\/"},"wordCount":159,"commentCount":0,"publisher":{"@id":"https:\/\/safras.com.br\/es\/#organization"},"image":{"@id":"https:\/\/safras.com.br\/es\/btg-pactual-mejora-proyecciones-para-bancos-argentinos\/#primaryimage"},"thumbnailUrl":"https:\/\/safras.com.br\/es\/wp-content\/uploads\/2026\/09\/buenosaires4.jpeg","keywords":["ARGENTINA","bancos","BTG"],"articleSection":["Noticias Financieras"],"inLanguage":"es","potentialAction":[{"@type":"CommentAction","name":"Comment","target":["https:\/\/safras.com.br\/es\/btg-pactual-mejora-proyecciones-para-bancos-argentinos\/#respond"]}]},{"@type":"WebPage","@id":"https:\/\/safras.com.br\/es\/btg-pactual-mejora-proyecciones-para-bancos-argentinos\/","url":"https:\/\/safras.com.br\/es\/btg-pactual-mejora-proyecciones-para-bancos-argentinos\/","name":"BTG mejora proyecciones para bancos argentinos en 2026 - SAFRAS &amp; Mercado","isPartOf":{"@id":"https:\/\/safras.com.br\/es\/#website"},"primaryImageOfPage":{"@id":"https:\/\/safras.com.br\/es\/btg-pactual-mejora-proyecciones-para-bancos-argentinos\/#primaryimage"},"image":{"@id":"https:\/\/safras.com.br\/es\/btg-pactual-mejora-proyecciones-para-bancos-argentinos\/#primaryimage"},"thumbnailUrl":"https:\/\/safras.com.br\/es\/wp-content\/uploads\/2026\/09\/buenosaires4.jpeg","datePublished":"2026-09-04T17:44:20+00:00","dateModified":"2026-09-04T17:46:03+00:00","description":"BTG Pactual mejora proyecciones para bancos argentinos por menores costos de riesgo y prev\u00e9 una suba del cr\u00e9dito real de hasta 15,0%.","breadcrumb":{"@id":"https:\/\/safras.com.br\/es\/btg-pactual-mejora-proyecciones-para-bancos-argentinos\/#breadcrumb"},"inLanguage":"es","potentialAction":[{"@type":"ReadAction","target":["https:\/\/safras.com.br\/es\/btg-pactual-mejora-proyecciones-para-bancos-argentinos\/"]}]},{"@type":"ImageObject","inLanguage":"es","@id":"https:\/\/safras.com.br\/es\/btg-pactual-mejora-proyecciones-para-bancos-argentinos\/#primaryimage","url":"https:\/\/safras.com.br\/es\/wp-content\/uploads\/2026\/09\/buenosaires4.jpeg","contentUrl":"https:\/\/safras.com.br\/es\/wp-content\/uploads\/2026\/09\/buenosaires4.jpeg","width":1280,"height":853,"caption":"buenosaires4"},{"@type":"BreadcrumbList","@id":"https:\/\/safras.com.br\/es\/btg-pactual-mejora-proyecciones-para-bancos-argentinos\/#breadcrumb","itemListElement":[{"@type":"ListItem","position":1,"name":"Portada","item":"https:\/\/safras.com.br\/es\/"},{"@type":"ListItem","position":2,"name":"BTG mejora proyecciones para bancos argentinos en 2026"}]},{"@type":"WebSite","@id":"https:\/\/safras.com.br\/es\/#website","url":"https:\/\/safras.com.br\/es\/","name":"SAFRAS & Mercado","description":"El ecosistema de agronegocios","publisher":{"@id":"https:\/\/safras.com.br\/es\/#organization"},"potentialAction":[{"@type":"SearchAction","target":{"@type":"EntryPoint","urlTemplate":"https:\/\/safras.com.br\/es\/?s={search_term_string}"},"query-input":{"@type":"PropertyValueSpecification","valueRequired":true,"valueName":"search_term_string"}}],"inLanguage":"es"},{"@type":"Organization","@id":"https:\/\/safras.com.br\/es\/#organization","name":"SAFRAS & Mercado","url":"https:\/\/safras.com.br\/es\/","logo":{"@type":"ImageObject","inLanguage":"es","@id":"https:\/\/safras.com.br\/es\/#\/schema\/logo\/image\/","url":"https:\/\/safras.com.br\/es\/wp-content\/uploads\/2023\/01\/cropped-favicon.png","contentUrl":"https:\/\/safras.com.br\/es\/wp-content\/uploads\/2023\/01\/cropped-favicon.png","width":512,"height":512,"caption":"SAFRAS & Mercado"},"image":{"@id":"https:\/\/safras.com.br\/es\/#\/schema\/logo\/image\/"}},{"@type":"Person","@id":"https:\/\/safras.com.br\/es\/#\/schema\/person\/8a6e0df178260e340253292bf04da747","name":"Horacio Vera","image":{"@type":"ImageObject","inLanguage":"es","@id":"https:\/\/safras.com.br\/es\/#\/schema\/person\/image\/","url":"https:\/\/secure.gravatar.com\/avatar\/bc30669cd90fb2e21304f48bfae82357e2f9224933e78600478745d017747a8f?s=96&d=mm&r=g","contentUrl":"https:\/\/secure.gravatar.com\/avatar\/bc30669cd90fb2e21304f48bfae82357e2f9224933e78600478745d017747a8f?s=96&d=mm&r=g","caption":"Horacio Vera"},"url":"https:\/\/safras.com.br\/es\/author\/sf_horacio\/"}]}},"_links":{"self":[{"href":"https:\/\/safras.com.br\/es\/wp-json\/wp\/v2\/posts\/70822","targetHints":{"allow":["GET"]}}],"collection":[{"href":"https:\/\/safras.com.br\/es\/wp-json\/wp\/v2\/posts"}],"about":[{"href":"https:\/\/safras.com.br\/es\/wp-json\/wp\/v2\/types\/post"}],"author":[{"embeddable":true,"href":"https:\/\/safras.com.br\/es\/wp-json\/wp\/v2\/users\/13"}],"replies":[{"embeddable":true,"href":"https:\/\/safras.com.br\/es\/wp-json\/wp\/v2\/comments?post=70822"}],"version-history":[{"count":3,"href":"https:\/\/safras.com.br\/es\/wp-json\/wp\/v2\/posts\/70822\/revisions"}],"predecessor-version":[{"id":70826,"href":"https:\/\/safras.com.br\/es\/wp-json\/wp\/v2\/posts\/70822\/revisions\/70826"}],"wp:featuredmedia":[{"embeddable":true,"href":"https:\/\/safras.com.br\/es\/wp-json\/wp\/v2\/media\/70823"}],"wp:attachment":[{"href":"https:\/\/safras.com.br\/es\/wp-json\/wp\/v2\/media?parent=70822"}],"wp:term":[{"taxonomy":"category","embeddable":true,"href":"https:\/\/safras.com.br\/es\/wp-json\/wp\/v2\/categories?post=70822"},{"taxonomy":"post_tag","embeddable":true,"href":"https:\/\/safras.com.br\/es\/wp-json\/wp\/v2\/tags?post=70822"},{"taxonomy":"commodity","embeddable":true,"href":"https:\/\/safras.com.br\/es\/wp-json\/wp\/v2\/commodity?post=70822"}],"curies":[{"name":"wp","href":"https:\/\/api.w.org\/{rel}","templated":true}]}}