{"id":70820,"date":"2026-09-04T14:09:19","date_gmt":"2026-09-04T17:09:19","guid":{"rendered":"https:\/\/safras.com.br\/es\/?p=70820"},"modified":"2026-09-04T14:09:19","modified_gmt":"2026-09-04T17:09:19","slug":"empresas-esperan-recuperacion-del-consumo-en-2027-iaef-y-ey","status":"publish","type":"post","link":"https:\/\/safras.com.br\/es\/empresas-esperan-recuperacion-del-consumo-en-2027-iaef-y-ey\/","title":{"rendered":"Empresas esperan recuperaci\u00f3n del consumo en 2027 &#8211; IAEF y EY"},"content":{"rendered":"<p>Un 68% de empresas encuestadas por la consultora <strong>EY Argentina y el IAEF<\/strong> proyect\u00f3 un crecimiento en sus ventas para 2027.<\/p>\n<p>La 23 Encuesta anual de Financiaci\u00f3n e Inversi\u00f3n mostr\u00f3 que el 53% de los ejecutivos espera mejorar su rentabilidad durante el pr\u00f3ximo ejercicio econ\u00f3mico. Las firmas se\u00f1alaron que destinar\u00e1n sus inversiones a bienes de capital e incorporaci\u00f3n de tecnolog\u00eda en un 70% de los casos.<\/p>\n<p>\u00abLa Argentina tiene la oportunidad de dar el salto de la estabilidad al crecimiento si logra sostener las reglas de juego en el tiempo\u00bb, afirm\u00f3 Alejandro Kelman, socio de EY Argentina.<\/p>\n<p>Asimismo, el relevamiento posicion\u00f3 al sector energ\u00e9tico como la actividad con mayor potencial de desarrollo en el pa\u00eds con el 37,0% de las respuestas favorables. \u00abLa resiliencia de las compa\u00f1\u00edas es notable y se refleja en que la mayor\u00eda sigue invirtiendo y proyectando crecimiento para el 2027\u00bb, concluy\u00f3 Kelman.<\/p>\n<p>&nbsp;<\/p>\n","protected":false},"excerpt":{"rendered":"<p>Un 68% de empresas encuestadas por la consultora EY Argentina y el IAEF proyect\u00f3 un crecimiento en sus ventas para 2027. La 23 Encuesta anual de Financiaci\u00f3n e Inversi\u00f3n mostr\u00f3 que el 53% de los ejecutivos espera mejorar su rentabilidad durante el pr\u00f3ximo ejercicio econ\u00f3mico. Las firmas se\u00f1alaron que destinar\u00e1n sus inversiones a bienes de [&hellip;]<\/p>\n","protected":false},"author":13,"featured_media":70266,"comment_status":"open","ping_status":"closed","sticky":false,"template":"","format":"standard","meta":{"_acf_changed":false,"footnotes":""},"categories":[444],"tags":[334,423],"commodity":[],"class_list":["post-70820","post","type-post","status-publish","format-standard","has-post-thumbnail","hentry","category-noticias-financieras","tag-argentina-es","tag-empresas"],"acf":[],"yoast_head":"<!-- This site is optimized with the Yoast SEO plugin v26.5 - https:\/\/yoast.com\/wordpress\/plugins\/seo\/ -->\n<title>Empresas esperan recuperaci\u00f3n del consumo en 2027 - IAEF y EY - SAFRAS &amp; Mercado<\/title>\n<meta name=\"robots\" content=\"index, follow, max-snippet:-1, max-image-preview:large, max-video-preview:-1\" \/>\n<link rel=\"canonical\" href=\"https:\/\/safras.com.br\/es\/empresas-esperan-recuperacion-del-consumo-en-2027-iaef-y-ey\/\" \/>\n<meta property=\"og:locale\" content=\"es_ES\" \/>\n<meta property=\"og:type\" content=\"article\" \/>\n<meta property=\"og:title\" content=\"Empresas esperan recuperaci\u00f3n del consumo en 2027 - IAEF y EY - SAFRAS &amp; Mercado\" \/>\n<meta property=\"og:description\" content=\"Un 68% de empresas encuestadas por la consultora EY Argentina y el IAEF proyect\u00f3 un crecimiento en sus ventas para 2027. La 23 Encuesta anual de Financiaci\u00f3n e Inversi\u00f3n mostr\u00f3 que el 53% de los ejecutivos espera mejorar su rentabilidad durante el pr\u00f3ximo ejercicio econ\u00f3mico. Las firmas se\u00f1alaron que destinar\u00e1n sus inversiones a bienes de [&hellip;]\" \/>\n<meta property=\"og:url\" content=\"https:\/\/safras.com.br\/es\/empresas-esperan-recuperacion-del-consumo-en-2027-iaef-y-ey\/\" \/>\n<meta property=\"og:site_name\" content=\"SAFRAS &amp; Mercado\" \/>\n<meta property=\"article:published_time\" content=\"2026-09-04T17:09:19+00:00\" \/>\n<meta property=\"og:image\" content=\"https:\/\/safras.com.br\/es\/wp-content\/uploads\/2026\/07\/argentina1.jpg\" \/>\n\t<meta property=\"og:image:width\" content=\"900\" \/>\n\t<meta property=\"og:image:height\" content=\"468\" \/>\n\t<meta property=\"og:image:type\" content=\"image\/jpeg\" \/>\n<meta name=\"author\" content=\"Horacio Vera\" \/>\n<meta name=\"twitter:card\" content=\"summary_large_image\" \/>\n<meta name=\"twitter:label1\" content=\"Escrito por\" \/>\n\t<meta name=\"twitter:data1\" content=\"Horacio Vera\" \/>\n\t<meta name=\"twitter:label2\" content=\"Tiempo de lectura\" \/>\n\t<meta name=\"twitter:data2\" content=\"1 minuto\" \/>\n<script type=\"application\/ld+json\" class=\"yoast-schema-graph\">{\"@context\":\"https:\/\/schema.org\",\"@graph\":[{\"@type\":\"Article\",\"@id\":\"https:\/\/safras.com.br\/es\/empresas-esperan-recuperacion-del-consumo-en-2027-iaef-y-ey\/#article\",\"isPartOf\":{\"@id\":\"https:\/\/safras.com.br\/es\/empresas-esperan-recuperacion-del-consumo-en-2027-iaef-y-ey\/\"},\"author\":{\"name\":\"Horacio Vera\",\"@id\":\"https:\/\/safras.com.br\/es\/#\/schema\/person\/8a6e0df178260e340253292bf04da747\"},\"headline\":\"Empresas esperan recuperaci\u00f3n del consumo en 2027 &#8211; IAEF y EY\",\"datePublished\":\"2026-09-04T17:09:19+00:00\",\"mainEntityOfPage\":{\"@id\":\"https:\/\/safras.com.br\/es\/empresas-esperan-recuperacion-del-consumo-en-2027-iaef-y-ey\/\"},\"wordCount\":163,\"commentCount\":0,\"publisher\":{\"@id\":\"https:\/\/safras.com.br\/es\/#organization\"},\"image\":{\"@id\":\"https:\/\/safras.com.br\/es\/empresas-esperan-recuperacion-del-consumo-en-2027-iaef-y-ey\/#primaryimage\"},\"thumbnailUrl\":\"https:\/\/safras.com.br\/es\/wp-content\/uploads\/2026\/07\/argentina1.jpg\",\"keywords\":[\"ARGENTINA\",\"Empresas\"],\"articleSection\":[\"Noticias Financieras\"],\"inLanguage\":\"es\",\"potentialAction\":[{\"@type\":\"CommentAction\",\"name\":\"Comment\",\"target\":[\"https:\/\/safras.com.br\/es\/empresas-esperan-recuperacion-del-consumo-en-2027-iaef-y-ey\/#respond\"]}]},{\"@type\":\"WebPage\",\"@id\":\"https:\/\/safras.com.br\/es\/empresas-esperan-recuperacion-del-consumo-en-2027-iaef-y-ey\/\",\"url\":\"https:\/\/safras.com.br\/es\/empresas-esperan-recuperacion-del-consumo-en-2027-iaef-y-ey\/\",\"name\":\"Empresas esperan recuperaci\u00f3n del consumo en 2027 - IAEF y EY - SAFRAS &amp; Mercado\",\"isPartOf\":{\"@id\":\"https:\/\/safras.com.br\/es\/#website\"},\"primaryImageOfPage\":{\"@id\":\"https:\/\/safras.com.br\/es\/empresas-esperan-recuperacion-del-consumo-en-2027-iaef-y-ey\/#primaryimage\"},\"image\":{\"@id\":\"https:\/\/safras.com.br\/es\/empresas-esperan-recuperacion-del-consumo-en-2027-iaef-y-ey\/#primaryimage\"},\"thumbnailUrl\":\"https:\/\/safras.com.br\/es\/wp-content\/uploads\/2026\/07\/argentina1.jpg\",\"datePublished\":\"2026-09-04T17:09:19+00:00\",\"breadcrumb\":{\"@id\":\"https:\/\/safras.com.br\/es\/empresas-esperan-recuperacion-del-consumo-en-2027-iaef-y-ey\/#breadcrumb\"},\"inLanguage\":\"es\",\"potentialAction\":[{\"@type\":\"ReadAction\",\"target\":[\"https:\/\/safras.com.br\/es\/empresas-esperan-recuperacion-del-consumo-en-2027-iaef-y-ey\/\"]}]},{\"@type\":\"ImageObject\",\"inLanguage\":\"es\",\"@id\":\"https:\/\/safras.com.br\/es\/empresas-esperan-recuperacion-del-consumo-en-2027-iaef-y-ey\/#primaryimage\",\"url\":\"https:\/\/safras.com.br\/es\/wp-content\/uploads\/2026\/07\/argentina1.jpg\",\"contentUrl\":\"https:\/\/safras.com.br\/es\/wp-content\/uploads\/2026\/07\/argentina1.jpg\",\"width\":900,\"height\":468,\"caption\":\"argentina1\"},{\"@type\":\"BreadcrumbList\",\"@id\":\"https:\/\/safras.com.br\/es\/empresas-esperan-recuperacion-del-consumo-en-2027-iaef-y-ey\/#breadcrumb\",\"itemListElement\":[{\"@type\":\"ListItem\",\"position\":1,\"name\":\"Portada\",\"item\":\"https:\/\/safras.com.br\/es\/\"},{\"@type\":\"ListItem\",\"position\":2,\"name\":\"Empresas esperan recuperaci\u00f3n del consumo en 2027 &#8211; IAEF y EY\"}]},{\"@type\":\"WebSite\",\"@id\":\"https:\/\/safras.com.br\/es\/#website\",\"url\":\"https:\/\/safras.com.br\/es\/\",\"name\":\"SAFRAS & Mercado\",\"description\":\"El ecosistema de agronegocios\",\"publisher\":{\"@id\":\"https:\/\/safras.com.br\/es\/#organization\"},\"potentialAction\":[{\"@type\":\"SearchAction\",\"target\":{\"@type\":\"EntryPoint\",\"urlTemplate\":\"https:\/\/safras.com.br\/es\/?s={search_term_string}\"},\"query-input\":{\"@type\":\"PropertyValueSpecification\",\"valueRequired\":true,\"valueName\":\"search_term_string\"}}],\"inLanguage\":\"es\"},{\"@type\":\"Organization\",\"@id\":\"https:\/\/safras.com.br\/es\/#organization\",\"name\":\"SAFRAS & Mercado\",\"url\":\"https:\/\/safras.com.br\/es\/\",\"logo\":{\"@type\":\"ImageObject\",\"inLanguage\":\"es\",\"@id\":\"https:\/\/safras.com.br\/es\/#\/schema\/logo\/image\/\",\"url\":\"https:\/\/safras.com.br\/es\/wp-content\/uploads\/2023\/01\/cropped-favicon.png\",\"contentUrl\":\"https:\/\/safras.com.br\/es\/wp-content\/uploads\/2023\/01\/cropped-favicon.png\",\"width\":512,\"height\":512,\"caption\":\"SAFRAS & Mercado\"},\"image\":{\"@id\":\"https:\/\/safras.com.br\/es\/#\/schema\/logo\/image\/\"}},{\"@type\":\"Person\",\"@id\":\"https:\/\/safras.com.br\/es\/#\/schema\/person\/8a6e0df178260e340253292bf04da747\",\"name\":\"Horacio Vera\",\"image\":{\"@type\":\"ImageObject\",\"inLanguage\":\"es\",\"@id\":\"https:\/\/safras.com.br\/es\/#\/schema\/person\/image\/\",\"url\":\"https:\/\/secure.gravatar.com\/avatar\/bc30669cd90fb2e21304f48bfae82357e2f9224933e78600478745d017747a8f?s=96&d=mm&r=g\",\"contentUrl\":\"https:\/\/secure.gravatar.com\/avatar\/bc30669cd90fb2e21304f48bfae82357e2f9224933e78600478745d017747a8f?s=96&d=mm&r=g\",\"caption\":\"Horacio Vera\"},\"url\":\"https:\/\/safras.com.br\/es\/author\/sf_horacio\/\"}]}<\/script>\n<!-- \/ Yoast SEO plugin. -->","yoast_head_json":{"title":"Empresas esperan recuperaci\u00f3n del consumo en 2027 - IAEF y EY - SAFRAS &amp; Mercado","robots":{"index":"index","follow":"follow","max-snippet":"max-snippet:-1","max-image-preview":"max-image-preview:large","max-video-preview":"max-video-preview:-1"},"canonical":"https:\/\/safras.com.br\/es\/empresas-esperan-recuperacion-del-consumo-en-2027-iaef-y-ey\/","og_locale":"es_ES","og_type":"article","og_title":"Empresas esperan recuperaci\u00f3n del consumo en 2027 - IAEF y EY - SAFRAS &amp; Mercado","og_description":"Un 68% de empresas encuestadas por la consultora EY Argentina y el IAEF proyect\u00f3 un crecimiento en sus ventas para 2027. La 23 Encuesta anual de Financiaci\u00f3n e Inversi\u00f3n mostr\u00f3 que el 53% de los ejecutivos espera mejorar su rentabilidad durante el pr\u00f3ximo ejercicio econ\u00f3mico. Las firmas se\u00f1alaron que destinar\u00e1n sus inversiones a bienes de [&hellip;]","og_url":"https:\/\/safras.com.br\/es\/empresas-esperan-recuperacion-del-consumo-en-2027-iaef-y-ey\/","og_site_name":"SAFRAS &amp; Mercado","article_published_time":"2026-09-04T17:09:19+00:00","og_image":[{"width":900,"height":468,"url":"https:\/\/safras.com.br\/es\/wp-content\/uploads\/2026\/07\/argentina1.jpg","type":"image\/jpeg"}],"author":"Horacio Vera","twitter_card":"summary_large_image","twitter_misc":{"Escrito por":"Horacio Vera","Tiempo de lectura":"1 minuto"},"schema":{"@context":"https:\/\/schema.org","@graph":[{"@type":"Article","@id":"https:\/\/safras.com.br\/es\/empresas-esperan-recuperacion-del-consumo-en-2027-iaef-y-ey\/#article","isPartOf":{"@id":"https:\/\/safras.com.br\/es\/empresas-esperan-recuperacion-del-consumo-en-2027-iaef-y-ey\/"},"author":{"name":"Horacio Vera","@id":"https:\/\/safras.com.br\/es\/#\/schema\/person\/8a6e0df178260e340253292bf04da747"},"headline":"Empresas esperan recuperaci\u00f3n del consumo en 2027 &#8211; IAEF y EY","datePublished":"2026-09-04T17:09:19+00:00","mainEntityOfPage":{"@id":"https:\/\/safras.com.br\/es\/empresas-esperan-recuperacion-del-consumo-en-2027-iaef-y-ey\/"},"wordCount":163,"commentCount":0,"publisher":{"@id":"https:\/\/safras.com.br\/es\/#organization"},"image":{"@id":"https:\/\/safras.com.br\/es\/empresas-esperan-recuperacion-del-consumo-en-2027-iaef-y-ey\/#primaryimage"},"thumbnailUrl":"https:\/\/safras.com.br\/es\/wp-content\/uploads\/2026\/07\/argentina1.jpg","keywords":["ARGENTINA","Empresas"],"articleSection":["Noticias Financieras"],"inLanguage":"es","potentialAction":[{"@type":"CommentAction","name":"Comment","target":["https:\/\/safras.com.br\/es\/empresas-esperan-recuperacion-del-consumo-en-2027-iaef-y-ey\/#respond"]}]},{"@type":"WebPage","@id":"https:\/\/safras.com.br\/es\/empresas-esperan-recuperacion-del-consumo-en-2027-iaef-y-ey\/","url":"https:\/\/safras.com.br\/es\/empresas-esperan-recuperacion-del-consumo-en-2027-iaef-y-ey\/","name":"Empresas esperan recuperaci\u00f3n del consumo en 2027 - IAEF y EY - SAFRAS &amp; Mercado","isPartOf":{"@id":"https:\/\/safras.com.br\/es\/#website"},"primaryImageOfPage":{"@id":"https:\/\/safras.com.br\/es\/empresas-esperan-recuperacion-del-consumo-en-2027-iaef-y-ey\/#primaryimage"},"image":{"@id":"https:\/\/safras.com.br\/es\/empresas-esperan-recuperacion-del-consumo-en-2027-iaef-y-ey\/#primaryimage"},"thumbnailUrl":"https:\/\/safras.com.br\/es\/wp-content\/uploads\/2026\/07\/argentina1.jpg","datePublished":"2026-09-04T17:09:19+00:00","breadcrumb":{"@id":"https:\/\/safras.com.br\/es\/empresas-esperan-recuperacion-del-consumo-en-2027-iaef-y-ey\/#breadcrumb"},"inLanguage":"es","potentialAction":[{"@type":"ReadAction","target":["https:\/\/safras.com.br\/es\/empresas-esperan-recuperacion-del-consumo-en-2027-iaef-y-ey\/"]}]},{"@type":"ImageObject","inLanguage":"es","@id":"https:\/\/safras.com.br\/es\/empresas-esperan-recuperacion-del-consumo-en-2027-iaef-y-ey\/#primaryimage","url":"https:\/\/safras.com.br\/es\/wp-content\/uploads\/2026\/07\/argentina1.jpg","contentUrl":"https:\/\/safras.com.br\/es\/wp-content\/uploads\/2026\/07\/argentina1.jpg","width":900,"height":468,"caption":"argentina1"},{"@type":"BreadcrumbList","@id":"https:\/\/safras.com.br\/es\/empresas-esperan-recuperacion-del-consumo-en-2027-iaef-y-ey\/#breadcrumb","itemListElement":[{"@type":"ListItem","position":1,"name":"Portada","item":"https:\/\/safras.com.br\/es\/"},{"@type":"ListItem","position":2,"name":"Empresas esperan recuperaci\u00f3n del consumo en 2027 &#8211; IAEF y EY"}]},{"@type":"WebSite","@id":"https:\/\/safras.com.br\/es\/#website","url":"https:\/\/safras.com.br\/es\/","name":"SAFRAS & Mercado","description":"El ecosistema de agronegocios","publisher":{"@id":"https:\/\/safras.com.br\/es\/#organization"},"potentialAction":[{"@type":"SearchAction","target":{"@type":"EntryPoint","urlTemplate":"https:\/\/safras.com.br\/es\/?s={search_term_string}"},"query-input":{"@type":"PropertyValueSpecification","valueRequired":true,"valueName":"search_term_string"}}],"inLanguage":"es"},{"@type":"Organization","@id":"https:\/\/safras.com.br\/es\/#organization","name":"SAFRAS & Mercado","url":"https:\/\/safras.com.br\/es\/","logo":{"@type":"ImageObject","inLanguage":"es","@id":"https:\/\/safras.com.br\/es\/#\/schema\/logo\/image\/","url":"https:\/\/safras.com.br\/es\/wp-content\/uploads\/2023\/01\/cropped-favicon.png","contentUrl":"https:\/\/safras.com.br\/es\/wp-content\/uploads\/2023\/01\/cropped-favicon.png","width":512,"height":512,"caption":"SAFRAS & Mercado"},"image":{"@id":"https:\/\/safras.com.br\/es\/#\/schema\/logo\/image\/"}},{"@type":"Person","@id":"https:\/\/safras.com.br\/es\/#\/schema\/person\/8a6e0df178260e340253292bf04da747","name":"Horacio Vera","image":{"@type":"ImageObject","inLanguage":"es","@id":"https:\/\/safras.com.br\/es\/#\/schema\/person\/image\/","url":"https:\/\/secure.gravatar.com\/avatar\/bc30669cd90fb2e21304f48bfae82357e2f9224933e78600478745d017747a8f?s=96&d=mm&r=g","contentUrl":"https:\/\/secure.gravatar.com\/avatar\/bc30669cd90fb2e21304f48bfae82357e2f9224933e78600478745d017747a8f?s=96&d=mm&r=g","caption":"Horacio Vera"},"url":"https:\/\/safras.com.br\/es\/author\/sf_horacio\/"}]}},"_links":{"self":[{"href":"https:\/\/safras.com.br\/es\/wp-json\/wp\/v2\/posts\/70820","targetHints":{"allow":["GET"]}}],"collection":[{"href":"https:\/\/safras.com.br\/es\/wp-json\/wp\/v2\/posts"}],"about":[{"href":"https:\/\/safras.com.br\/es\/wp-json\/wp\/v2\/types\/post"}],"author":[{"embeddable":true,"href":"https:\/\/safras.com.br\/es\/wp-json\/wp\/v2\/users\/13"}],"replies":[{"embeddable":true,"href":"https:\/\/safras.com.br\/es\/wp-json\/wp\/v2\/comments?post=70820"}],"version-history":[{"count":1,"href":"https:\/\/safras.com.br\/es\/wp-json\/wp\/v2\/posts\/70820\/revisions"}],"predecessor-version":[{"id":70821,"href":"https:\/\/safras.com.br\/es\/wp-json\/wp\/v2\/posts\/70820\/revisions\/70821"}],"wp:featuredmedia":[{"embeddable":true,"href":"https:\/\/safras.com.br\/es\/wp-json\/wp\/v2\/media\/70266"}],"wp:attachment":[{"href":"https:\/\/safras.com.br\/es\/wp-json\/wp\/v2\/media?parent=70820"}],"wp:term":[{"taxonomy":"category","embeddable":true,"href":"https:\/\/safras.com.br\/es\/wp-json\/wp\/v2\/categories?post=70820"},{"taxonomy":"post_tag","embeddable":true,"href":"https:\/\/safras.com.br\/es\/wp-json\/wp\/v2\/tags?post=70820"},{"taxonomy":"commodity","embeddable":true,"href":"https:\/\/safras.com.br\/es\/wp-json\/wp\/v2\/commodity?post=70820"}],"curies":[{"name":"wp","href":"https:\/\/api.w.org\/{rel}","templated":true}]}}