{"id":70806,"date":"2026-09-03T15:21:32","date_gmt":"2026-09-03T18:21:32","guid":{"rendered":"https:\/\/safras.com.br\/es\/?p=70806"},"modified":"2026-09-03T15:21:32","modified_gmt":"2026-09-03T18:21:32","slug":"siembra-de-maiz-2026-27-avanza-15-en-argentina-dice-bolsa-de-cereales","status":"publish","type":"post","link":"https:\/\/safras.com.br\/es\/siembra-de-maiz-2026-27-avanza-15-en-argentina-dice-bolsa-de-cereales\/","title":{"rendered":"Siembra de ma\u00edz 2026\/27 avanza 1,5% en Argentina, dice Bolsa de Cereales"},"content":{"rendered":"<p>La <strong>Bolsa de Cereales<\/strong> de Buenos Aires inform\u00f3 que inici\u00f3 la <strong>siembra<\/strong> de <a href=\"https:\/\/safras.com.br\/es\/maiz-lidera-exportaciones-en-cordoba-por-us1-450-mi-y-participacion-del-25-del-total-en-1s26\/\">ma\u00edz<\/a> para la <strong>campa\u00f1a 2026\/27<\/strong> con un avance nacional de <strong>1,5%<\/strong> sobre las 8,4 millones de hect\u00e1reas proyectadas.<\/p>\n<p>En este sentido, la Bolsa sostuvo que el progreso se concentra sobre el <strong>centro-norte de Santa Fe<\/strong>, donde ya se sembr\u00f3 el 13% de la superficie proyectada para la regi\u00f3n.<\/p>\n<p>Por otro lado, la <strong>cosecha de ma\u00edz 2025\/26 avanz\u00f3 al 92,5%<\/strong> del \u00e1rea apta a nivel nacional, con un rendimiento promedio de 77,8 qq\/Ha.<\/p>\n","protected":false},"excerpt":{"rendered":"<p>La Bolsa de Cereales de Buenos Aires inform\u00f3 que inici\u00f3 la siembra de ma\u00edz para la campa\u00f1a 2026\/27 con un avance nacional de 1,5% sobre las 8,4 millones de hect\u00e1reas proyectadas. En este sentido, la Bolsa sostuvo que el progreso se concentra sobre el centro-norte de Santa Fe, donde ya se sembr\u00f3 el 13% de [&hellip;]<\/p>\n","protected":false},"author":28,"featured_media":69070,"comment_status":"open","ping_status":"closed","sticky":false,"template":"","format":"standard","meta":{"_acf_changed":false,"footnotes":""},"categories":[267],"tags":[1147,527,1027,342,329,373],"commodity":[46],"class_list":["post-70806","post","type-post","status-publish","format-standard","has-post-thumbnail","hentry","category-agronegocio-es","tag-2025-26","tag-bolsa-de-cereales","tag-campana-2026-27","tag-cosecha-es","tag-maiz-es","tag-siembra-es","commodity-maiz"],"acf":[],"yoast_head":"<!-- This site is optimized with the Yoast SEO plugin v26.5 - https:\/\/yoast.com\/wordpress\/plugins\/seo\/ -->\n<title>Siembra de ma\u00edz 2026\/27 avanza 1,5% en Argentina, dice Bolsa de Cereales - SAFRAS &amp; Mercado<\/title>\n<meta name=\"description\" content=\"La Bolsa de Cereales de Buenos Aires inform\u00f3 que inici\u00f3 la siembra de ma\u00edz para la campa\u00f1a 2026\/27 con un avance nacional de 1,5%.\" \/>\n<meta name=\"robots\" content=\"index, follow, max-snippet:-1, max-image-preview:large, max-video-preview:-1\" \/>\n<link rel=\"canonical\" href=\"https:\/\/safras.com.br\/es\/siembra-de-maiz-2026-27-avanza-15-en-argentina-dice-bolsa-de-cereales\/\" \/>\n<meta property=\"og:locale\" content=\"es_ES\" \/>\n<meta property=\"og:type\" content=\"article\" \/>\n<meta property=\"og:title\" content=\"Siembra de ma\u00edz 2026\/27 avanza 1,5% en Argentina, dice Bolsa de Cereales - SAFRAS &amp; Mercado\" \/>\n<meta property=\"og:description\" content=\"La Bolsa de Cereales de Buenos Aires inform\u00f3 que inici\u00f3 la siembra de ma\u00edz para la campa\u00f1a 2026\/27 con un avance nacional de 1,5%.\" \/>\n<meta property=\"og:url\" content=\"https:\/\/safras.com.br\/es\/siembra-de-maiz-2026-27-avanza-15-en-argentina-dice-bolsa-de-cereales\/\" \/>\n<meta property=\"og:site_name\" content=\"SAFRAS &amp; Mercado\" \/>\n<meta property=\"article:published_time\" content=\"2026-09-03T18:21:32+00:00\" \/>\n<meta property=\"og:image\" content=\"https:\/\/safras.com.br\/es\/wp-content\/uploads\/2026\/04\/maiz-20-.jpg\" \/>\n\t<meta property=\"og:image:width\" content=\"1280\" \/>\n\t<meta property=\"og:image:height\" content=\"883\" \/>\n\t<meta property=\"og:image:type\" content=\"image\/png\" \/>\n<meta name=\"author\" content=\"geronimo kener\" \/>\n<meta name=\"twitter:card\" content=\"summary_large_image\" \/>\n<meta name=\"twitter:label1\" content=\"Escrito por\" \/>\n\t<meta name=\"twitter:data1\" content=\"geronimo kener\" \/>\n\t<meta name=\"twitter:label2\" content=\"Tiempo de lectura\" \/>\n\t<meta name=\"twitter:data2\" content=\"1 minuto\" \/>\n<script type=\"application\/ld+json\" class=\"yoast-schema-graph\">{\"@context\":\"https:\/\/schema.org\",\"@graph\":[{\"@type\":\"Article\",\"@id\":\"https:\/\/safras.com.br\/es\/siembra-de-maiz-2026-27-avanza-15-en-argentina-dice-bolsa-de-cereales\/#article\",\"isPartOf\":{\"@id\":\"https:\/\/safras.com.br\/es\/siembra-de-maiz-2026-27-avanza-15-en-argentina-dice-bolsa-de-cereales\/\"},\"author\":{\"name\":\"geronimo kener\",\"@id\":\"https:\/\/safras.com.br\/es\/#\/schema\/person\/3c7009f94cf442d9df6f2cd1eedd0bfd\"},\"headline\":\"Siembra de ma\u00edz 2026\/27 avanza 1,5% en Argentina, dice Bolsa de Cereales\",\"datePublished\":\"2026-09-03T18:21:32+00:00\",\"mainEntityOfPage\":{\"@id\":\"https:\/\/safras.com.br\/es\/siembra-de-maiz-2026-27-avanza-15-en-argentina-dice-bolsa-de-cereales\/\"},\"wordCount\":95,\"commentCount\":0,\"publisher\":{\"@id\":\"https:\/\/safras.com.br\/es\/#organization\"},\"image\":{\"@id\":\"https:\/\/safras.com.br\/es\/siembra-de-maiz-2026-27-avanza-15-en-argentina-dice-bolsa-de-cereales\/#primaryimage\"},\"thumbnailUrl\":\"https:\/\/safras.com.br\/es\/wp-content\/uploads\/2026\/04\/maiz-20-.jpg\",\"keywords\":[\"2025\/26\",\"Bolsa de Cereales\",\"Campa\u00f1a 2026\/27\",\"cosecha\",\"ma\u00edz\",\"siembra\"],\"articleSection\":[\"Noticias Agronegocio\"],\"inLanguage\":\"es\",\"potentialAction\":[{\"@type\":\"CommentAction\",\"name\":\"Comment\",\"target\":[\"https:\/\/safras.com.br\/es\/siembra-de-maiz-2026-27-avanza-15-en-argentina-dice-bolsa-de-cereales\/#respond\"]}]},{\"@type\":\"WebPage\",\"@id\":\"https:\/\/safras.com.br\/es\/siembra-de-maiz-2026-27-avanza-15-en-argentina-dice-bolsa-de-cereales\/\",\"url\":\"https:\/\/safras.com.br\/es\/siembra-de-maiz-2026-27-avanza-15-en-argentina-dice-bolsa-de-cereales\/\",\"name\":\"Siembra de ma\u00edz 2026\/27 avanza 1,5% en Argentina, dice Bolsa de Cereales - SAFRAS &amp; Mercado\",\"isPartOf\":{\"@id\":\"https:\/\/safras.com.br\/es\/#website\"},\"primaryImageOfPage\":{\"@id\":\"https:\/\/safras.com.br\/es\/siembra-de-maiz-2026-27-avanza-15-en-argentina-dice-bolsa-de-cereales\/#primaryimage\"},\"image\":{\"@id\":\"https:\/\/safras.com.br\/es\/siembra-de-maiz-2026-27-avanza-15-en-argentina-dice-bolsa-de-cereales\/#primaryimage\"},\"thumbnailUrl\":\"https:\/\/safras.com.br\/es\/wp-content\/uploads\/2026\/04\/maiz-20-.jpg\",\"datePublished\":\"2026-09-03T18:21:32+00:00\",\"description\":\"La Bolsa de Cereales de Buenos Aires inform\u00f3 que inici\u00f3 la siembra de ma\u00edz para la campa\u00f1a 2026\/27 con un avance nacional de 1,5%.\",\"breadcrumb\":{\"@id\":\"https:\/\/safras.com.br\/es\/siembra-de-maiz-2026-27-avanza-15-en-argentina-dice-bolsa-de-cereales\/#breadcrumb\"},\"inLanguage\":\"es\",\"potentialAction\":[{\"@type\":\"ReadAction\",\"target\":[\"https:\/\/safras.com.br\/es\/siembra-de-maiz-2026-27-avanza-15-en-argentina-dice-bolsa-de-cereales\/\"]}]},{\"@type\":\"ImageObject\",\"inLanguage\":\"es\",\"@id\":\"https:\/\/safras.com.br\/es\/siembra-de-maiz-2026-27-avanza-15-en-argentina-dice-bolsa-de-cereales\/#primaryimage\",\"url\":\"https:\/\/safras.com.br\/es\/wp-content\/uploads\/2026\/04\/maiz-20-.jpg\",\"contentUrl\":\"https:\/\/safras.com.br\/es\/wp-content\/uploads\/2026\/04\/maiz-20-.jpg\",\"width\":1280,\"height\":883,\"caption\":\"maiz \/ Pixabay\"},{\"@type\":\"BreadcrumbList\",\"@id\":\"https:\/\/safras.com.br\/es\/siembra-de-maiz-2026-27-avanza-15-en-argentina-dice-bolsa-de-cereales\/#breadcrumb\",\"itemListElement\":[{\"@type\":\"ListItem\",\"position\":1,\"name\":\"Portada\",\"item\":\"https:\/\/safras.com.br\/es\/\"},{\"@type\":\"ListItem\",\"position\":2,\"name\":\"Siembra de ma\u00edz 2026\/27 avanza 1,5% en Argentina, dice Bolsa de Cereales\"}]},{\"@type\":\"WebSite\",\"@id\":\"https:\/\/safras.com.br\/es\/#website\",\"url\":\"https:\/\/safras.com.br\/es\/\",\"name\":\"SAFRAS & Mercado\",\"description\":\"El ecosistema de agronegocios\",\"publisher\":{\"@id\":\"https:\/\/safras.com.br\/es\/#organization\"},\"potentialAction\":[{\"@type\":\"SearchAction\",\"target\":{\"@type\":\"EntryPoint\",\"urlTemplate\":\"https:\/\/safras.com.br\/es\/?s={search_term_string}\"},\"query-input\":{\"@type\":\"PropertyValueSpecification\",\"valueRequired\":true,\"valueName\":\"search_term_string\"}}],\"inLanguage\":\"es\"},{\"@type\":\"Organization\",\"@id\":\"https:\/\/safras.com.br\/es\/#organization\",\"name\":\"SAFRAS & Mercado\",\"url\":\"https:\/\/safras.com.br\/es\/\",\"logo\":{\"@type\":\"ImageObject\",\"inLanguage\":\"es\",\"@id\":\"https:\/\/safras.com.br\/es\/#\/schema\/logo\/image\/\",\"url\":\"https:\/\/safras.com.br\/es\/wp-content\/uploads\/2023\/01\/cropped-favicon.png\",\"contentUrl\":\"https:\/\/safras.com.br\/es\/wp-content\/uploads\/2023\/01\/cropped-favicon.png\",\"width\":512,\"height\":512,\"caption\":\"SAFRAS & Mercado\"},\"image\":{\"@id\":\"https:\/\/safras.com.br\/es\/#\/schema\/logo\/image\/\"}},{\"@type\":\"Person\",\"@id\":\"https:\/\/safras.com.br\/es\/#\/schema\/person\/3c7009f94cf442d9df6f2cd1eedd0bfd\",\"name\":\"geronimo kener\",\"image\":{\"@type\":\"ImageObject\",\"inLanguage\":\"es\",\"@id\":\"https:\/\/safras.com.br\/es\/#\/schema\/person\/image\/\",\"url\":\"https:\/\/secure.gravatar.com\/avatar\/97803e93b95c46f5640aea59976da81aba4ba2ddb9a9f119122d0a068646612f?s=96&d=mm&r=g\",\"contentUrl\":\"https:\/\/secure.gravatar.com\/avatar\/97803e93b95c46f5640aea59976da81aba4ba2ddb9a9f119122d0a068646612f?s=96&d=mm&r=g\",\"caption\":\"geronimo kener\"},\"sameAs\":[\"http:\/\/safras.com.br\/es\"],\"url\":\"https:\/\/safras.com.br\/es\/author\/geronimo-kener\/\"}]}<\/script>\n<!-- \/ Yoast SEO plugin. -->","yoast_head_json":{"title":"Siembra de ma\u00edz 2026\/27 avanza 1,5% en Argentina, dice Bolsa de Cereales - SAFRAS &amp; Mercado","description":"La Bolsa de Cereales de Buenos Aires inform\u00f3 que inici\u00f3 la siembra de ma\u00edz para la campa\u00f1a 2026\/27 con un avance nacional de 1,5%.","robots":{"index":"index","follow":"follow","max-snippet":"max-snippet:-1","max-image-preview":"max-image-preview:large","max-video-preview":"max-video-preview:-1"},"canonical":"https:\/\/safras.com.br\/es\/siembra-de-maiz-2026-27-avanza-15-en-argentina-dice-bolsa-de-cereales\/","og_locale":"es_ES","og_type":"article","og_title":"Siembra de ma\u00edz 2026\/27 avanza 1,5% en Argentina, dice Bolsa de Cereales - SAFRAS &amp; Mercado","og_description":"La Bolsa de Cereales de Buenos Aires inform\u00f3 que inici\u00f3 la siembra de ma\u00edz para la campa\u00f1a 2026\/27 con un avance nacional de 1,5%.","og_url":"https:\/\/safras.com.br\/es\/siembra-de-maiz-2026-27-avanza-15-en-argentina-dice-bolsa-de-cereales\/","og_site_name":"SAFRAS &amp; Mercado","article_published_time":"2026-09-03T18:21:32+00:00","og_image":[{"width":1280,"height":883,"url":"https:\/\/safras.com.br\/es\/wp-content\/uploads\/2026\/04\/maiz-20-.jpg","type":"image\/png"}],"author":"geronimo kener","twitter_card":"summary_large_image","twitter_misc":{"Escrito por":"geronimo kener","Tiempo de lectura":"1 minuto"},"schema":{"@context":"https:\/\/schema.org","@graph":[{"@type":"Article","@id":"https:\/\/safras.com.br\/es\/siembra-de-maiz-2026-27-avanza-15-en-argentina-dice-bolsa-de-cereales\/#article","isPartOf":{"@id":"https:\/\/safras.com.br\/es\/siembra-de-maiz-2026-27-avanza-15-en-argentina-dice-bolsa-de-cereales\/"},"author":{"name":"geronimo kener","@id":"https:\/\/safras.com.br\/es\/#\/schema\/person\/3c7009f94cf442d9df6f2cd1eedd0bfd"},"headline":"Siembra de ma\u00edz 2026\/27 avanza 1,5% en Argentina, dice Bolsa de Cereales","datePublished":"2026-09-03T18:21:32+00:00","mainEntityOfPage":{"@id":"https:\/\/safras.com.br\/es\/siembra-de-maiz-2026-27-avanza-15-en-argentina-dice-bolsa-de-cereales\/"},"wordCount":95,"commentCount":0,"publisher":{"@id":"https:\/\/safras.com.br\/es\/#organization"},"image":{"@id":"https:\/\/safras.com.br\/es\/siembra-de-maiz-2026-27-avanza-15-en-argentina-dice-bolsa-de-cereales\/#primaryimage"},"thumbnailUrl":"https:\/\/safras.com.br\/es\/wp-content\/uploads\/2026\/04\/maiz-20-.jpg","keywords":["2025\/26","Bolsa de Cereales","Campa\u00f1a 2026\/27","cosecha","ma\u00edz","siembra"],"articleSection":["Noticias Agronegocio"],"inLanguage":"es","potentialAction":[{"@type":"CommentAction","name":"Comment","target":["https:\/\/safras.com.br\/es\/siembra-de-maiz-2026-27-avanza-15-en-argentina-dice-bolsa-de-cereales\/#respond"]}]},{"@type":"WebPage","@id":"https:\/\/safras.com.br\/es\/siembra-de-maiz-2026-27-avanza-15-en-argentina-dice-bolsa-de-cereales\/","url":"https:\/\/safras.com.br\/es\/siembra-de-maiz-2026-27-avanza-15-en-argentina-dice-bolsa-de-cereales\/","name":"Siembra de ma\u00edz 2026\/27 avanza 1,5% en Argentina, dice Bolsa de Cereales - SAFRAS &amp; Mercado","isPartOf":{"@id":"https:\/\/safras.com.br\/es\/#website"},"primaryImageOfPage":{"@id":"https:\/\/safras.com.br\/es\/siembra-de-maiz-2026-27-avanza-15-en-argentina-dice-bolsa-de-cereales\/#primaryimage"},"image":{"@id":"https:\/\/safras.com.br\/es\/siembra-de-maiz-2026-27-avanza-15-en-argentina-dice-bolsa-de-cereales\/#primaryimage"},"thumbnailUrl":"https:\/\/safras.com.br\/es\/wp-content\/uploads\/2026\/04\/maiz-20-.jpg","datePublished":"2026-09-03T18:21:32+00:00","description":"La Bolsa de Cereales de Buenos Aires inform\u00f3 que inici\u00f3 la siembra de ma\u00edz para la campa\u00f1a 2026\/27 con un avance nacional de 1,5%.","breadcrumb":{"@id":"https:\/\/safras.com.br\/es\/siembra-de-maiz-2026-27-avanza-15-en-argentina-dice-bolsa-de-cereales\/#breadcrumb"},"inLanguage":"es","potentialAction":[{"@type":"ReadAction","target":["https:\/\/safras.com.br\/es\/siembra-de-maiz-2026-27-avanza-15-en-argentina-dice-bolsa-de-cereales\/"]}]},{"@type":"ImageObject","inLanguage":"es","@id":"https:\/\/safras.com.br\/es\/siembra-de-maiz-2026-27-avanza-15-en-argentina-dice-bolsa-de-cereales\/#primaryimage","url":"https:\/\/safras.com.br\/es\/wp-content\/uploads\/2026\/04\/maiz-20-.jpg","contentUrl":"https:\/\/safras.com.br\/es\/wp-content\/uploads\/2026\/04\/maiz-20-.jpg","width":1280,"height":883,"caption":"maiz \/ Pixabay"},{"@type":"BreadcrumbList","@id":"https:\/\/safras.com.br\/es\/siembra-de-maiz-2026-27-avanza-15-en-argentina-dice-bolsa-de-cereales\/#breadcrumb","itemListElement":[{"@type":"ListItem","position":1,"name":"Portada","item":"https:\/\/safras.com.br\/es\/"},{"@type":"ListItem","position":2,"name":"Siembra de ma\u00edz 2026\/27 avanza 1,5% en Argentina, dice Bolsa de Cereales"}]},{"@type":"WebSite","@id":"https:\/\/safras.com.br\/es\/#website","url":"https:\/\/safras.com.br\/es\/","name":"SAFRAS & Mercado","description":"El ecosistema de agronegocios","publisher":{"@id":"https:\/\/safras.com.br\/es\/#organization"},"potentialAction":[{"@type":"SearchAction","target":{"@type":"EntryPoint","urlTemplate":"https:\/\/safras.com.br\/es\/?s={search_term_string}"},"query-input":{"@type":"PropertyValueSpecification","valueRequired":true,"valueName":"search_term_string"}}],"inLanguage":"es"},{"@type":"Organization","@id":"https:\/\/safras.com.br\/es\/#organization","name":"SAFRAS & Mercado","url":"https:\/\/safras.com.br\/es\/","logo":{"@type":"ImageObject","inLanguage":"es","@id":"https:\/\/safras.com.br\/es\/#\/schema\/logo\/image\/","url":"https:\/\/safras.com.br\/es\/wp-content\/uploads\/2023\/01\/cropped-favicon.png","contentUrl":"https:\/\/safras.com.br\/es\/wp-content\/uploads\/2023\/01\/cropped-favicon.png","width":512,"height":512,"caption":"SAFRAS & Mercado"},"image":{"@id":"https:\/\/safras.com.br\/es\/#\/schema\/logo\/image\/"}},{"@type":"Person","@id":"https:\/\/safras.com.br\/es\/#\/schema\/person\/3c7009f94cf442d9df6f2cd1eedd0bfd","name":"geronimo kener","image":{"@type":"ImageObject","inLanguage":"es","@id":"https:\/\/safras.com.br\/es\/#\/schema\/person\/image\/","url":"https:\/\/secure.gravatar.com\/avatar\/97803e93b95c46f5640aea59976da81aba4ba2ddb9a9f119122d0a068646612f?s=96&d=mm&r=g","contentUrl":"https:\/\/secure.gravatar.com\/avatar\/97803e93b95c46f5640aea59976da81aba4ba2ddb9a9f119122d0a068646612f?s=96&d=mm&r=g","caption":"geronimo kener"},"sameAs":["http:\/\/safras.com.br\/es"],"url":"https:\/\/safras.com.br\/es\/author\/geronimo-kener\/"}]}},"_links":{"self":[{"href":"https:\/\/safras.com.br\/es\/wp-json\/wp\/v2\/posts\/70806","targetHints":{"allow":["GET"]}}],"collection":[{"href":"https:\/\/safras.com.br\/es\/wp-json\/wp\/v2\/posts"}],"about":[{"href":"https:\/\/safras.com.br\/es\/wp-json\/wp\/v2\/types\/post"}],"author":[{"embeddable":true,"href":"https:\/\/safras.com.br\/es\/wp-json\/wp\/v2\/users\/28"}],"replies":[{"embeddable":true,"href":"https:\/\/safras.com.br\/es\/wp-json\/wp\/v2\/comments?post=70806"}],"version-history":[{"count":1,"href":"https:\/\/safras.com.br\/es\/wp-json\/wp\/v2\/posts\/70806\/revisions"}],"predecessor-version":[{"id":70809,"href":"https:\/\/safras.com.br\/es\/wp-json\/wp\/v2\/posts\/70806\/revisions\/70809"}],"wp:featuredmedia":[{"embeddable":true,"href":"https:\/\/safras.com.br\/es\/wp-json\/wp\/v2\/media\/69070"}],"wp:attachment":[{"href":"https:\/\/safras.com.br\/es\/wp-json\/wp\/v2\/media?parent=70806"}],"wp:term":[{"taxonomy":"category","embeddable":true,"href":"https:\/\/safras.com.br\/es\/wp-json\/wp\/v2\/categories?post=70806"},{"taxonomy":"post_tag","embeddable":true,"href":"https:\/\/safras.com.br\/es\/wp-json\/wp\/v2\/tags?post=70806"},{"taxonomy":"commodity","embeddable":true,"href":"https:\/\/safras.com.br\/es\/wp-json\/wp\/v2\/commodity?post=70806"}],"curies":[{"name":"wp","href":"https:\/\/api.w.org\/{rel}","templated":true}]}}