{"id":70801,"date":"2026-09-03T14:19:11","date_gmt":"2026-09-03T17:19:11","guid":{"rendered":"https:\/\/safras.com.br\/es\/?p=70801"},"modified":"2026-09-03T14:19:11","modified_gmt":"2026-09-03T17:19:11","slug":"biocombustibles-senado-dictamen-marco-regulatorio","status":"publish","type":"post","link":"https:\/\/safras.com.br\/es\/biocombustibles-senado-dictamen-marco-regulatorio\/","title":{"rendered":"Nueva ley de Biocombustibles obtiene dictamen en el Senado"},"content":{"rendered":"<div id=\"model-response-message-contentr_696fdf4b80253c66\" class=\"markdown markdown-main-panel md-content enable-luminous-fast-follows enable-updated-hr-color stronger\" dir=\"ltr\" aria-busy=\"false\" aria-live=\"polite\">\n<div>El Senado de la Naci\u00f3n avanz\u00f3 en la firma de un dictamen de consenso para el sector de los<span style=\"color: #0000ff;\"><a style=\"color: #0000ff;\" href=\"https:\/\/safras.com.br\/es\/senado-debatio-cambios-en-ley-de-biocombustibles-pasa-a-cuarto-intermedio\/\"> <b data-path-to-node=\"1\" data-index-in-node=\"91\">biocombustibles<\/b><\/a><\/span>. La iniciativa parlamentaria propone fijar una vigencia de 15 a\u00f1os para el r\u00e9gimen y establece un incremento gradual en los cortes obligatorios de mezcla con combustibles f\u00f3siles.<\/div>\n<h2 data-path-to-node=\"2\">Cambios en las mezclas y mercado para los biocombustibles<\/h2>\n<div>El proyecto eleva la mezcla obligatoria de biodi\u00e9sel al 7,5% inicial para llevarlo al 10,0% en un a\u00f1o, mientras que el bioetanol alcanzar\u00e1 el 15,0%. Asimismo, autoriza a las provincias a fijar reg\u00edmenes de fomento propios y establece subastas electr\u00f3nicas para la comercializaci\u00f3n de los <b data-path-to-node=\"3\" data-index-in-node=\"288\">biocombustibles<\/b>.<\/div>\n<\/div>\n","protected":false},"excerpt":{"rendered":"<p>El Senado de la Naci\u00f3n avanz\u00f3 en la firma de un dictamen de consenso para el sector de los biocombustibles. La iniciativa parlamentaria propone fijar una vigencia de 15 a\u00f1os para el r\u00e9gimen y establece un incremento gradual en los cortes obligatorios de mezcla con combustibles f\u00f3siles. Cambios en las mezclas y mercado para los [&hellip;]<\/p>\n","protected":false},"author":13,"featured_media":70802,"comment_status":"open","ping_status":"closed","sticky":false,"template":"","format":"standard","meta":{"_acf_changed":false,"footnotes":""},"categories":[267],"tags":[334,349],"commodity":[39],"class_list":["post-70801","post","type-post","status-publish","format-standard","has-post-thumbnail","hentry","category-agronegocio-es","tag-argentina-es","tag-biocombustibles","commodity-biodiesel"],"acf":[],"yoast_head":"<!-- This site is optimized with the Yoast SEO plugin v26.5 - https:\/\/yoast.com\/wordpress\/plugins\/seo\/ -->\n<title>Nueva ley de Biocombustibles obtiene dictamen en el Senado - SAFRAS &amp; Mercado<\/title>\n<meta name=\"description\" content=\"El Senado avanz\u00f3 con el dictamen de biocombustibles para elevar los cortes obligatorios al 15% en bioetanol y 10% en biodi\u00e9sel.\" \/>\n<meta name=\"robots\" content=\"index, follow, max-snippet:-1, max-image-preview:large, max-video-preview:-1\" \/>\n<link rel=\"canonical\" href=\"https:\/\/safras.com.br\/es\/biocombustibles-senado-dictamen-marco-regulatorio\/\" \/>\n<meta property=\"og:locale\" content=\"es_ES\" \/>\n<meta property=\"og:type\" content=\"article\" \/>\n<meta property=\"og:title\" content=\"Nueva ley de Biocombustibles obtiene dictamen en el Senado - SAFRAS &amp; Mercado\" \/>\n<meta property=\"og:description\" content=\"El Senado avanz\u00f3 con el dictamen de biocombustibles para elevar los cortes obligatorios al 15% en bioetanol y 10% en biodi\u00e9sel.\" \/>\n<meta property=\"og:url\" content=\"https:\/\/safras.com.br\/es\/biocombustibles-senado-dictamen-marco-regulatorio\/\" \/>\n<meta property=\"og:site_name\" content=\"SAFRAS &amp; Mercado\" \/>\n<meta property=\"article:published_time\" content=\"2026-09-03T17:19:11+00:00\" \/>\n<meta property=\"og:image\" content=\"https:\/\/safras.com.br\/es\/wp-content\/uploads\/2026\/09\/02.jpeg\" \/>\n\t<meta property=\"og:image:width\" content=\"960\" \/>\n\t<meta property=\"og:image:height\" content=\"1280\" \/>\n\t<meta property=\"og:image:type\" content=\"image\/jpeg\" \/>\n<meta name=\"author\" content=\"Horacio Vera\" \/>\n<meta name=\"twitter:card\" content=\"summary_large_image\" \/>\n<meta name=\"twitter:label1\" content=\"Escrito por\" \/>\n\t<meta name=\"twitter:data1\" content=\"Horacio Vera\" \/>\n\t<meta name=\"twitter:label2\" content=\"Tiempo de lectura\" \/>\n\t<meta name=\"twitter:data2\" content=\"1 minuto\" \/>\n<script type=\"application\/ld+json\" class=\"yoast-schema-graph\">{\"@context\":\"https:\/\/schema.org\",\"@graph\":[{\"@type\":\"Article\",\"@id\":\"https:\/\/safras.com.br\/es\/biocombustibles-senado-dictamen-marco-regulatorio\/#article\",\"isPartOf\":{\"@id\":\"https:\/\/safras.com.br\/es\/biocombustibles-senado-dictamen-marco-regulatorio\/\"},\"author\":{\"name\":\"Horacio Vera\",\"@id\":\"https:\/\/safras.com.br\/es\/#\/schema\/person\/8a6e0df178260e340253292bf04da747\"},\"headline\":\"Nueva ley de Biocombustibles obtiene dictamen en el Senado\",\"datePublished\":\"2026-09-03T17:19:11+00:00\",\"mainEntityOfPage\":{\"@id\":\"https:\/\/safras.com.br\/es\/biocombustibles-senado-dictamen-marco-regulatorio\/\"},\"wordCount\":116,\"commentCount\":0,\"publisher\":{\"@id\":\"https:\/\/safras.com.br\/es\/#organization\"},\"image\":{\"@id\":\"https:\/\/safras.com.br\/es\/biocombustibles-senado-dictamen-marco-regulatorio\/#primaryimage\"},\"thumbnailUrl\":\"https:\/\/safras.com.br\/es\/wp-content\/uploads\/2026\/09\/02.jpeg\",\"keywords\":[\"ARGENTINA\",\"biocombustibles\"],\"articleSection\":[\"Noticias Agronegocio\"],\"inLanguage\":\"es\",\"potentialAction\":[{\"@type\":\"CommentAction\",\"name\":\"Comment\",\"target\":[\"https:\/\/safras.com.br\/es\/biocombustibles-senado-dictamen-marco-regulatorio\/#respond\"]}]},{\"@type\":\"WebPage\",\"@id\":\"https:\/\/safras.com.br\/es\/biocombustibles-senado-dictamen-marco-regulatorio\/\",\"url\":\"https:\/\/safras.com.br\/es\/biocombustibles-senado-dictamen-marco-regulatorio\/\",\"name\":\"Nueva ley de Biocombustibles obtiene dictamen en el Senado - SAFRAS &amp; Mercado\",\"isPartOf\":{\"@id\":\"https:\/\/safras.com.br\/es\/#website\"},\"primaryImageOfPage\":{\"@id\":\"https:\/\/safras.com.br\/es\/biocombustibles-senado-dictamen-marco-regulatorio\/#primaryimage\"},\"image\":{\"@id\":\"https:\/\/safras.com.br\/es\/biocombustibles-senado-dictamen-marco-regulatorio\/#primaryimage\"},\"thumbnailUrl\":\"https:\/\/safras.com.br\/es\/wp-content\/uploads\/2026\/09\/02.jpeg\",\"datePublished\":\"2026-09-03T17:19:11+00:00\",\"description\":\"El Senado avanz\u00f3 con el dictamen de biocombustibles para elevar los cortes obligatorios al 15% en bioetanol y 10% en biodi\u00e9sel.\",\"breadcrumb\":{\"@id\":\"https:\/\/safras.com.br\/es\/biocombustibles-senado-dictamen-marco-regulatorio\/#breadcrumb\"},\"inLanguage\":\"es\",\"potentialAction\":[{\"@type\":\"ReadAction\",\"target\":[\"https:\/\/safras.com.br\/es\/biocombustibles-senado-dictamen-marco-regulatorio\/\"]}]},{\"@type\":\"ImageObject\",\"inLanguage\":\"es\",\"@id\":\"https:\/\/safras.com.br\/es\/biocombustibles-senado-dictamen-marco-regulatorio\/#primaryimage\",\"url\":\"https:\/\/safras.com.br\/es\/wp-content\/uploads\/2026\/09\/02.jpeg\",\"contentUrl\":\"https:\/\/safras.com.br\/es\/wp-content\/uploads\/2026\/09\/02.jpeg\",\"width\":960,\"height\":1280,\"caption\":\"02\"},{\"@type\":\"BreadcrumbList\",\"@id\":\"https:\/\/safras.com.br\/es\/biocombustibles-senado-dictamen-marco-regulatorio\/#breadcrumb\",\"itemListElement\":[{\"@type\":\"ListItem\",\"position\":1,\"name\":\"Portada\",\"item\":\"https:\/\/safras.com.br\/es\/\"},{\"@type\":\"ListItem\",\"position\":2,\"name\":\"Nueva ley de Biocombustibles obtiene dictamen en el Senado\"}]},{\"@type\":\"WebSite\",\"@id\":\"https:\/\/safras.com.br\/es\/#website\",\"url\":\"https:\/\/safras.com.br\/es\/\",\"name\":\"SAFRAS & Mercado\",\"description\":\"El ecosistema de agronegocios\",\"publisher\":{\"@id\":\"https:\/\/safras.com.br\/es\/#organization\"},\"potentialAction\":[{\"@type\":\"SearchAction\",\"target\":{\"@type\":\"EntryPoint\",\"urlTemplate\":\"https:\/\/safras.com.br\/es\/?s={search_term_string}\"},\"query-input\":{\"@type\":\"PropertyValueSpecification\",\"valueRequired\":true,\"valueName\":\"search_term_string\"}}],\"inLanguage\":\"es\"},{\"@type\":\"Organization\",\"@id\":\"https:\/\/safras.com.br\/es\/#organization\",\"name\":\"SAFRAS & Mercado\",\"url\":\"https:\/\/safras.com.br\/es\/\",\"logo\":{\"@type\":\"ImageObject\",\"inLanguage\":\"es\",\"@id\":\"https:\/\/safras.com.br\/es\/#\/schema\/logo\/image\/\",\"url\":\"https:\/\/safras.com.br\/es\/wp-content\/uploads\/2023\/01\/cropped-favicon.png\",\"contentUrl\":\"https:\/\/safras.com.br\/es\/wp-content\/uploads\/2023\/01\/cropped-favicon.png\",\"width\":512,\"height\":512,\"caption\":\"SAFRAS & Mercado\"},\"image\":{\"@id\":\"https:\/\/safras.com.br\/es\/#\/schema\/logo\/image\/\"}},{\"@type\":\"Person\",\"@id\":\"https:\/\/safras.com.br\/es\/#\/schema\/person\/8a6e0df178260e340253292bf04da747\",\"name\":\"Horacio Vera\",\"image\":{\"@type\":\"ImageObject\",\"inLanguage\":\"es\",\"@id\":\"https:\/\/safras.com.br\/es\/#\/schema\/person\/image\/\",\"url\":\"https:\/\/secure.gravatar.com\/avatar\/bc30669cd90fb2e21304f48bfae82357e2f9224933e78600478745d017747a8f?s=96&d=mm&r=g\",\"contentUrl\":\"https:\/\/secure.gravatar.com\/avatar\/bc30669cd90fb2e21304f48bfae82357e2f9224933e78600478745d017747a8f?s=96&d=mm&r=g\",\"caption\":\"Horacio Vera\"},\"url\":\"https:\/\/safras.com.br\/es\/author\/sf_horacio\/\"}]}<\/script>\n<!-- \/ Yoast SEO plugin. -->","yoast_head_json":{"title":"Nueva ley de Biocombustibles obtiene dictamen en el Senado - SAFRAS &amp; Mercado","description":"El Senado avanz\u00f3 con el dictamen de biocombustibles para elevar los cortes obligatorios al 15% en bioetanol y 10% en biodi\u00e9sel.","robots":{"index":"index","follow":"follow","max-snippet":"max-snippet:-1","max-image-preview":"max-image-preview:large","max-video-preview":"max-video-preview:-1"},"canonical":"https:\/\/safras.com.br\/es\/biocombustibles-senado-dictamen-marco-regulatorio\/","og_locale":"es_ES","og_type":"article","og_title":"Nueva ley de Biocombustibles obtiene dictamen en el Senado - SAFRAS &amp; Mercado","og_description":"El Senado avanz\u00f3 con el dictamen de biocombustibles para elevar los cortes obligatorios al 15% en bioetanol y 10% en biodi\u00e9sel.","og_url":"https:\/\/safras.com.br\/es\/biocombustibles-senado-dictamen-marco-regulatorio\/","og_site_name":"SAFRAS &amp; Mercado","article_published_time":"2026-09-03T17:19:11+00:00","og_image":[{"width":960,"height":1280,"url":"https:\/\/safras.com.br\/es\/wp-content\/uploads\/2026\/09\/02.jpeg","type":"image\/jpeg"}],"author":"Horacio Vera","twitter_card":"summary_large_image","twitter_misc":{"Escrito por":"Horacio Vera","Tiempo de lectura":"1 minuto"},"schema":{"@context":"https:\/\/schema.org","@graph":[{"@type":"Article","@id":"https:\/\/safras.com.br\/es\/biocombustibles-senado-dictamen-marco-regulatorio\/#article","isPartOf":{"@id":"https:\/\/safras.com.br\/es\/biocombustibles-senado-dictamen-marco-regulatorio\/"},"author":{"name":"Horacio Vera","@id":"https:\/\/safras.com.br\/es\/#\/schema\/person\/8a6e0df178260e340253292bf04da747"},"headline":"Nueva ley de Biocombustibles obtiene dictamen en el Senado","datePublished":"2026-09-03T17:19:11+00:00","mainEntityOfPage":{"@id":"https:\/\/safras.com.br\/es\/biocombustibles-senado-dictamen-marco-regulatorio\/"},"wordCount":116,"commentCount":0,"publisher":{"@id":"https:\/\/safras.com.br\/es\/#organization"},"image":{"@id":"https:\/\/safras.com.br\/es\/biocombustibles-senado-dictamen-marco-regulatorio\/#primaryimage"},"thumbnailUrl":"https:\/\/safras.com.br\/es\/wp-content\/uploads\/2026\/09\/02.jpeg","keywords":["ARGENTINA","biocombustibles"],"articleSection":["Noticias Agronegocio"],"inLanguage":"es","potentialAction":[{"@type":"CommentAction","name":"Comment","target":["https:\/\/safras.com.br\/es\/biocombustibles-senado-dictamen-marco-regulatorio\/#respond"]}]},{"@type":"WebPage","@id":"https:\/\/safras.com.br\/es\/biocombustibles-senado-dictamen-marco-regulatorio\/","url":"https:\/\/safras.com.br\/es\/biocombustibles-senado-dictamen-marco-regulatorio\/","name":"Nueva ley de Biocombustibles obtiene dictamen en el Senado - SAFRAS &amp; Mercado","isPartOf":{"@id":"https:\/\/safras.com.br\/es\/#website"},"primaryImageOfPage":{"@id":"https:\/\/safras.com.br\/es\/biocombustibles-senado-dictamen-marco-regulatorio\/#primaryimage"},"image":{"@id":"https:\/\/safras.com.br\/es\/biocombustibles-senado-dictamen-marco-regulatorio\/#primaryimage"},"thumbnailUrl":"https:\/\/safras.com.br\/es\/wp-content\/uploads\/2026\/09\/02.jpeg","datePublished":"2026-09-03T17:19:11+00:00","description":"El Senado avanz\u00f3 con el dictamen de biocombustibles para elevar los cortes obligatorios al 15% en bioetanol y 10% en biodi\u00e9sel.","breadcrumb":{"@id":"https:\/\/safras.com.br\/es\/biocombustibles-senado-dictamen-marco-regulatorio\/#breadcrumb"},"inLanguage":"es","potentialAction":[{"@type":"ReadAction","target":["https:\/\/safras.com.br\/es\/biocombustibles-senado-dictamen-marco-regulatorio\/"]}]},{"@type":"ImageObject","inLanguage":"es","@id":"https:\/\/safras.com.br\/es\/biocombustibles-senado-dictamen-marco-regulatorio\/#primaryimage","url":"https:\/\/safras.com.br\/es\/wp-content\/uploads\/2026\/09\/02.jpeg","contentUrl":"https:\/\/safras.com.br\/es\/wp-content\/uploads\/2026\/09\/02.jpeg","width":960,"height":1280,"caption":"02"},{"@type":"BreadcrumbList","@id":"https:\/\/safras.com.br\/es\/biocombustibles-senado-dictamen-marco-regulatorio\/#breadcrumb","itemListElement":[{"@type":"ListItem","position":1,"name":"Portada","item":"https:\/\/safras.com.br\/es\/"},{"@type":"ListItem","position":2,"name":"Nueva ley de Biocombustibles obtiene dictamen en el Senado"}]},{"@type":"WebSite","@id":"https:\/\/safras.com.br\/es\/#website","url":"https:\/\/safras.com.br\/es\/","name":"SAFRAS & Mercado","description":"El ecosistema de agronegocios","publisher":{"@id":"https:\/\/safras.com.br\/es\/#organization"},"potentialAction":[{"@type":"SearchAction","target":{"@type":"EntryPoint","urlTemplate":"https:\/\/safras.com.br\/es\/?s={search_term_string}"},"query-input":{"@type":"PropertyValueSpecification","valueRequired":true,"valueName":"search_term_string"}}],"inLanguage":"es"},{"@type":"Organization","@id":"https:\/\/safras.com.br\/es\/#organization","name":"SAFRAS & Mercado","url":"https:\/\/safras.com.br\/es\/","logo":{"@type":"ImageObject","inLanguage":"es","@id":"https:\/\/safras.com.br\/es\/#\/schema\/logo\/image\/","url":"https:\/\/safras.com.br\/es\/wp-content\/uploads\/2023\/01\/cropped-favicon.png","contentUrl":"https:\/\/safras.com.br\/es\/wp-content\/uploads\/2023\/01\/cropped-favicon.png","width":512,"height":512,"caption":"SAFRAS & Mercado"},"image":{"@id":"https:\/\/safras.com.br\/es\/#\/schema\/logo\/image\/"}},{"@type":"Person","@id":"https:\/\/safras.com.br\/es\/#\/schema\/person\/8a6e0df178260e340253292bf04da747","name":"Horacio Vera","image":{"@type":"ImageObject","inLanguage":"es","@id":"https:\/\/safras.com.br\/es\/#\/schema\/person\/image\/","url":"https:\/\/secure.gravatar.com\/avatar\/bc30669cd90fb2e21304f48bfae82357e2f9224933e78600478745d017747a8f?s=96&d=mm&r=g","contentUrl":"https:\/\/secure.gravatar.com\/avatar\/bc30669cd90fb2e21304f48bfae82357e2f9224933e78600478745d017747a8f?s=96&d=mm&r=g","caption":"Horacio Vera"},"url":"https:\/\/safras.com.br\/es\/author\/sf_horacio\/"}]}},"_links":{"self":[{"href":"https:\/\/safras.com.br\/es\/wp-json\/wp\/v2\/posts\/70801","targetHints":{"allow":["GET"]}}],"collection":[{"href":"https:\/\/safras.com.br\/es\/wp-json\/wp\/v2\/posts"}],"about":[{"href":"https:\/\/safras.com.br\/es\/wp-json\/wp\/v2\/types\/post"}],"author":[{"embeddable":true,"href":"https:\/\/safras.com.br\/es\/wp-json\/wp\/v2\/users\/13"}],"replies":[{"embeddable":true,"href":"https:\/\/safras.com.br\/es\/wp-json\/wp\/v2\/comments?post=70801"}],"version-history":[{"count":2,"href":"https:\/\/safras.com.br\/es\/wp-json\/wp\/v2\/posts\/70801\/revisions"}],"predecessor-version":[{"id":70804,"href":"https:\/\/safras.com.br\/es\/wp-json\/wp\/v2\/posts\/70801\/revisions\/70804"}],"wp:featuredmedia":[{"embeddable":true,"href":"https:\/\/safras.com.br\/es\/wp-json\/wp\/v2\/media\/70802"}],"wp:attachment":[{"href":"https:\/\/safras.com.br\/es\/wp-json\/wp\/v2\/media?parent=70801"}],"wp:term":[{"taxonomy":"category","embeddable":true,"href":"https:\/\/safras.com.br\/es\/wp-json\/wp\/v2\/categories?post=70801"},{"taxonomy":"post_tag","embeddable":true,"href":"https:\/\/safras.com.br\/es\/wp-json\/wp\/v2\/tags?post=70801"},{"taxonomy":"commodity","embeddable":true,"href":"https:\/\/safras.com.br\/es\/wp-json\/wp\/v2\/commodity?post=70801"}],"curies":[{"name":"wp","href":"https:\/\/api.w.org\/{rel}","templated":true}]}}