{"id":70798,"date":"2026-09-03T12:28:15","date_gmt":"2026-09-03T15:28:15","guid":{"rendered":"https:\/\/safras.com.br\/es\/?p=70798"},"modified":"2026-09-03T12:28:15","modified_gmt":"2026-09-03T15:28:15","slug":"chicharrita-maiz-agosto","status":"publish","type":"post","link":"https:\/\/safras.com.br\/es\/chicharrita-maiz-agosto\/","title":{"rendered":"Chicharrita retrocede en todo el pa\u00eds gracias al clima, advierte Red"},"content":{"rendered":"<p>El 49\u00ba informe de la Red Nacional de Monitoreo de Dalbulus maidis muestra que la amplitud t\u00e9rmica durante la segunda quincena de agosto finalmente logr\u00f3 devastar amplias <a href=\"https:\/\/safras.com.br\/es\/combustibles-el-nino-y-la-chicharrita-marcaran-la-nueva-campana\/\"><span style=\"color: #0000ff;\">poblaciones de chicharritas<\/span><\/a>.<\/p>\n<p>No obstante, la red aclara que en las zonas end\u00e9micas del NOA y NEA y partes del Centro Norte todav\u00eda las capturas son bastante superiores a las de la misma altura del a\u00f1o pasado, por lo que resulta fundamentalmantener el monitoreo.<\/p>\n<p>En la regi\u00f3n del NOA se observa una retracci\u00f3n de las poblaciones de Dalbulus maidis muy importante, con una marcada ca\u00edda de las trampas con mayor abundancia.<\/p>\n<p>En el NEA tambi\u00e9n se profundiz\u00f3 la retracci\u00f3n la plaga, las localidades con m\u00e1s de 100 adultos por trampa cayeron al 5% (desde el 44% de un mes antes), mientras que la ausencia del vector pas\u00f3 a abarcar el 27% de las localidades (desde el 3% de un mes antes).<\/p>\n<p>En la regi\u00f3n Litoral, la retracci\u00f3n de la chicharrita se consolid\u00f3: su ausencia, que un mes antes se verificaba en el 40% de las localidades, ahora alcanz\u00f3 al 68%. En el Centro-Norte se dio una situaci\u00f3n similar a las de las zonas end\u00e9micas: la retracci\u00f3n del Dalbulus maidis fue muy marcada, y la categor\u00eda de m\u00e1s de 100 adultos por trampa, que un mes antes se encontraba en el 19% de las localidades, se dio s\u00f3lo en el 3% en la \u00faltima lectura.<\/p>\n<p>Finalmente, la regi\u00f3n Centro-Sur mantuvo un amplio predominio de la ausencia del vector (en el 93% de las localidades), mientras que en el resto se dio la presencia m\u00e1s baja (1 a 4 adultos por trampa).<\/p>\n<p>&nbsp;<\/p>\n<p>&nbsp;<\/p>\n<p>Julieta Marino &#8211; julieta.marino@cma.com.ar (Agencia Safras Latam)<br \/>\nCopyright 2026<\/p>\n<p>&nbsp;<\/p>\n","protected":false},"excerpt":{"rendered":"<p>El 49\u00ba informe de la Red Nacional de Monitoreo de Dalbulus maidis muestra que la amplitud t\u00e9rmica durante la segunda quincena de agosto finalmente logr\u00f3 devastar amplias poblaciones de chicharritas. No obstante, la red aclara que en las zonas end\u00e9micas del NOA y NEA y partes del Centro Norte todav\u00eda las capturas son bastante superiores [&hellip;]<\/p>\n","protected":false},"author":13,"featured_media":62240,"comment_status":"open","ping_status":"closed","sticky":false,"template":"","format":"standard","meta":{"_acf_changed":false,"footnotes":""},"categories":[267],"tags":[377,329],"commodity":[46],"class_list":["post-70798","post","type-post","status-publish","format-standard","has-post-thumbnail","hentry","category-agronegocio-es","tag-chicharrita","tag-maiz-es","commodity-maiz"],"acf":[],"yoast_head":"<!-- This site is optimized with the Yoast SEO plugin v26.5 - https:\/\/yoast.com\/wordpress\/plugins\/seo\/ -->\n<title>Chicharrita retrocede en todo el pa\u00eds gracias al clima, advierte Red - SAFRAS &amp; Mercado<\/title>\n<meta name=\"description\" content=\"La amplitud t\u00e9rmica durante la segunda quincena de agosto finalmente logr\u00f3 devastar amplias poblaciones de chicharritas.\" \/>\n<meta name=\"robots\" content=\"index, follow, max-snippet:-1, max-image-preview:large, max-video-preview:-1\" \/>\n<link rel=\"canonical\" href=\"https:\/\/safras.com.br\/es\/chicharrita-maiz-agosto\/\" \/>\n<meta property=\"og:locale\" content=\"es_ES\" \/>\n<meta property=\"og:type\" content=\"article\" \/>\n<meta property=\"og:title\" content=\"Chicharrita retrocede en todo el pa\u00eds gracias al clima, advierte Red - SAFRAS &amp; Mercado\" \/>\n<meta property=\"og:description\" content=\"La amplitud t\u00e9rmica durante la segunda quincena de agosto finalmente logr\u00f3 devastar amplias poblaciones de chicharritas.\" \/>\n<meta property=\"og:url\" content=\"https:\/\/safras.com.br\/es\/chicharrita-maiz-agosto\/\" \/>\n<meta property=\"og:site_name\" content=\"SAFRAS &amp; Mercado\" \/>\n<meta property=\"article:published_time\" content=\"2026-09-03T15:28:15+00:00\" \/>\n<meta property=\"og:image\" content=\"https:\/\/safras.com.br\/es\/wp-content\/uploads\/2024\/05\/chicharrita.jpeg\" \/>\n\t<meta property=\"og:image:width\" content=\"1456\" \/>\n\t<meta property=\"og:image:height\" content=\"1080\" \/>\n\t<meta property=\"og:image:type\" content=\"image\/jpeg\" \/>\n<meta name=\"author\" content=\"Horacio Vera\" \/>\n<meta name=\"twitter:card\" content=\"summary_large_image\" \/>\n<meta name=\"twitter:label1\" content=\"Escrito por\" \/>\n\t<meta name=\"twitter:data1\" content=\"Horacio Vera\" \/>\n\t<meta name=\"twitter:label2\" content=\"Tiempo de lectura\" \/>\n\t<meta name=\"twitter:data2\" content=\"2 minutos\" \/>\n<script type=\"application\/ld+json\" class=\"yoast-schema-graph\">{\"@context\":\"https:\/\/schema.org\",\"@graph\":[{\"@type\":\"Article\",\"@id\":\"https:\/\/safras.com.br\/es\/chicharrita-maiz-agosto\/#article\",\"isPartOf\":{\"@id\":\"https:\/\/safras.com.br\/es\/chicharrita-maiz-agosto\/\"},\"author\":{\"name\":\"Horacio Vera\",\"@id\":\"https:\/\/safras.com.br\/es\/#\/schema\/person\/8a6e0df178260e340253292bf04da747\"},\"headline\":\"Chicharrita retrocede en todo el pa\u00eds gracias al clima, advierte Red\",\"datePublished\":\"2026-09-03T15:28:15+00:00\",\"mainEntityOfPage\":{\"@id\":\"https:\/\/safras.com.br\/es\/chicharrita-maiz-agosto\/\"},\"wordCount\":300,\"commentCount\":0,\"publisher\":{\"@id\":\"https:\/\/safras.com.br\/es\/#organization\"},\"image\":{\"@id\":\"https:\/\/safras.com.br\/es\/chicharrita-maiz-agosto\/#primaryimage\"},\"thumbnailUrl\":\"https:\/\/safras.com.br\/es\/wp-content\/uploads\/2024\/05\/chicharrita.jpeg\",\"keywords\":[\"chicharrita\",\"ma\u00edz\"],\"articleSection\":[\"Noticias Agronegocio\"],\"inLanguage\":\"es\",\"potentialAction\":[{\"@type\":\"CommentAction\",\"name\":\"Comment\",\"target\":[\"https:\/\/safras.com.br\/es\/chicharrita-maiz-agosto\/#respond\"]}]},{\"@type\":\"WebPage\",\"@id\":\"https:\/\/safras.com.br\/es\/chicharrita-maiz-agosto\/\",\"url\":\"https:\/\/safras.com.br\/es\/chicharrita-maiz-agosto\/\",\"name\":\"Chicharrita retrocede en todo el pa\u00eds gracias al clima, advierte Red - SAFRAS &amp; Mercado\",\"isPartOf\":{\"@id\":\"https:\/\/safras.com.br\/es\/#website\"},\"primaryImageOfPage\":{\"@id\":\"https:\/\/safras.com.br\/es\/chicharrita-maiz-agosto\/#primaryimage\"},\"image\":{\"@id\":\"https:\/\/safras.com.br\/es\/chicharrita-maiz-agosto\/#primaryimage\"},\"thumbnailUrl\":\"https:\/\/safras.com.br\/es\/wp-content\/uploads\/2024\/05\/chicharrita.jpeg\",\"datePublished\":\"2026-09-03T15:28:15+00:00\",\"description\":\"La amplitud t\u00e9rmica durante la segunda quincena de agosto finalmente logr\u00f3 devastar amplias poblaciones de chicharritas.\",\"breadcrumb\":{\"@id\":\"https:\/\/safras.com.br\/es\/chicharrita-maiz-agosto\/#breadcrumb\"},\"inLanguage\":\"es\",\"potentialAction\":[{\"@type\":\"ReadAction\",\"target\":[\"https:\/\/safras.com.br\/es\/chicharrita-maiz-agosto\/\"]}]},{\"@type\":\"ImageObject\",\"inLanguage\":\"es\",\"@id\":\"https:\/\/safras.com.br\/es\/chicharrita-maiz-agosto\/#primaryimage\",\"url\":\"https:\/\/safras.com.br\/es\/wp-content\/uploads\/2024\/05\/chicharrita.jpeg\",\"contentUrl\":\"https:\/\/safras.com.br\/es\/wp-content\/uploads\/2024\/05\/chicharrita.jpeg\",\"width\":1456,\"height\":1080,\"caption\":\"chicharrita\"},{\"@type\":\"BreadcrumbList\",\"@id\":\"https:\/\/safras.com.br\/es\/chicharrita-maiz-agosto\/#breadcrumb\",\"itemListElement\":[{\"@type\":\"ListItem\",\"position\":1,\"name\":\"Portada\",\"item\":\"https:\/\/safras.com.br\/es\/\"},{\"@type\":\"ListItem\",\"position\":2,\"name\":\"Chicharrita retrocede en todo el pa\u00eds gracias al clima, advierte Red\"}]},{\"@type\":\"WebSite\",\"@id\":\"https:\/\/safras.com.br\/es\/#website\",\"url\":\"https:\/\/safras.com.br\/es\/\",\"name\":\"SAFRAS & Mercado\",\"description\":\"El ecosistema de agronegocios\",\"publisher\":{\"@id\":\"https:\/\/safras.com.br\/es\/#organization\"},\"potentialAction\":[{\"@type\":\"SearchAction\",\"target\":{\"@type\":\"EntryPoint\",\"urlTemplate\":\"https:\/\/safras.com.br\/es\/?s={search_term_string}\"},\"query-input\":{\"@type\":\"PropertyValueSpecification\",\"valueRequired\":true,\"valueName\":\"search_term_string\"}}],\"inLanguage\":\"es\"},{\"@type\":\"Organization\",\"@id\":\"https:\/\/safras.com.br\/es\/#organization\",\"name\":\"SAFRAS & Mercado\",\"url\":\"https:\/\/safras.com.br\/es\/\",\"logo\":{\"@type\":\"ImageObject\",\"inLanguage\":\"es\",\"@id\":\"https:\/\/safras.com.br\/es\/#\/schema\/logo\/image\/\",\"url\":\"https:\/\/safras.com.br\/es\/wp-content\/uploads\/2023\/01\/cropped-favicon.png\",\"contentUrl\":\"https:\/\/safras.com.br\/es\/wp-content\/uploads\/2023\/01\/cropped-favicon.png\",\"width\":512,\"height\":512,\"caption\":\"SAFRAS & Mercado\"},\"image\":{\"@id\":\"https:\/\/safras.com.br\/es\/#\/schema\/logo\/image\/\"}},{\"@type\":\"Person\",\"@id\":\"https:\/\/safras.com.br\/es\/#\/schema\/person\/8a6e0df178260e340253292bf04da747\",\"name\":\"Horacio Vera\",\"image\":{\"@type\":\"ImageObject\",\"inLanguage\":\"es\",\"@id\":\"https:\/\/safras.com.br\/es\/#\/schema\/person\/image\/\",\"url\":\"https:\/\/secure.gravatar.com\/avatar\/bc30669cd90fb2e21304f48bfae82357e2f9224933e78600478745d017747a8f?s=96&d=mm&r=g\",\"contentUrl\":\"https:\/\/secure.gravatar.com\/avatar\/bc30669cd90fb2e21304f48bfae82357e2f9224933e78600478745d017747a8f?s=96&d=mm&r=g\",\"caption\":\"Horacio Vera\"},\"url\":\"https:\/\/safras.com.br\/es\/author\/sf_horacio\/\"}]}<\/script>\n<!-- \/ Yoast SEO plugin. -->","yoast_head_json":{"title":"Chicharrita retrocede en todo el pa\u00eds gracias al clima, advierte Red - SAFRAS &amp; Mercado","description":"La amplitud t\u00e9rmica durante la segunda quincena de agosto finalmente logr\u00f3 devastar amplias poblaciones de chicharritas.","robots":{"index":"index","follow":"follow","max-snippet":"max-snippet:-1","max-image-preview":"max-image-preview:large","max-video-preview":"max-video-preview:-1"},"canonical":"https:\/\/safras.com.br\/es\/chicharrita-maiz-agosto\/","og_locale":"es_ES","og_type":"article","og_title":"Chicharrita retrocede en todo el pa\u00eds gracias al clima, advierte Red - SAFRAS &amp; Mercado","og_description":"La amplitud t\u00e9rmica durante la segunda quincena de agosto finalmente logr\u00f3 devastar amplias poblaciones de chicharritas.","og_url":"https:\/\/safras.com.br\/es\/chicharrita-maiz-agosto\/","og_site_name":"SAFRAS &amp; Mercado","article_published_time":"2026-09-03T15:28:15+00:00","og_image":[{"width":1456,"height":1080,"url":"https:\/\/safras.com.br\/es\/wp-content\/uploads\/2024\/05\/chicharrita.jpeg","type":"image\/jpeg"}],"author":"Horacio Vera","twitter_card":"summary_large_image","twitter_misc":{"Escrito por":"Horacio Vera","Tiempo de lectura":"2 minutos"},"schema":{"@context":"https:\/\/schema.org","@graph":[{"@type":"Article","@id":"https:\/\/safras.com.br\/es\/chicharrita-maiz-agosto\/#article","isPartOf":{"@id":"https:\/\/safras.com.br\/es\/chicharrita-maiz-agosto\/"},"author":{"name":"Horacio Vera","@id":"https:\/\/safras.com.br\/es\/#\/schema\/person\/8a6e0df178260e340253292bf04da747"},"headline":"Chicharrita retrocede en todo el pa\u00eds gracias al clima, advierte Red","datePublished":"2026-09-03T15:28:15+00:00","mainEntityOfPage":{"@id":"https:\/\/safras.com.br\/es\/chicharrita-maiz-agosto\/"},"wordCount":300,"commentCount":0,"publisher":{"@id":"https:\/\/safras.com.br\/es\/#organization"},"image":{"@id":"https:\/\/safras.com.br\/es\/chicharrita-maiz-agosto\/#primaryimage"},"thumbnailUrl":"https:\/\/safras.com.br\/es\/wp-content\/uploads\/2024\/05\/chicharrita.jpeg","keywords":["chicharrita","ma\u00edz"],"articleSection":["Noticias Agronegocio"],"inLanguage":"es","potentialAction":[{"@type":"CommentAction","name":"Comment","target":["https:\/\/safras.com.br\/es\/chicharrita-maiz-agosto\/#respond"]}]},{"@type":"WebPage","@id":"https:\/\/safras.com.br\/es\/chicharrita-maiz-agosto\/","url":"https:\/\/safras.com.br\/es\/chicharrita-maiz-agosto\/","name":"Chicharrita retrocede en todo el pa\u00eds gracias al clima, advierte Red - SAFRAS &amp; Mercado","isPartOf":{"@id":"https:\/\/safras.com.br\/es\/#website"},"primaryImageOfPage":{"@id":"https:\/\/safras.com.br\/es\/chicharrita-maiz-agosto\/#primaryimage"},"image":{"@id":"https:\/\/safras.com.br\/es\/chicharrita-maiz-agosto\/#primaryimage"},"thumbnailUrl":"https:\/\/safras.com.br\/es\/wp-content\/uploads\/2024\/05\/chicharrita.jpeg","datePublished":"2026-09-03T15:28:15+00:00","description":"La amplitud t\u00e9rmica durante la segunda quincena de agosto finalmente logr\u00f3 devastar amplias poblaciones de chicharritas.","breadcrumb":{"@id":"https:\/\/safras.com.br\/es\/chicharrita-maiz-agosto\/#breadcrumb"},"inLanguage":"es","potentialAction":[{"@type":"ReadAction","target":["https:\/\/safras.com.br\/es\/chicharrita-maiz-agosto\/"]}]},{"@type":"ImageObject","inLanguage":"es","@id":"https:\/\/safras.com.br\/es\/chicharrita-maiz-agosto\/#primaryimage","url":"https:\/\/safras.com.br\/es\/wp-content\/uploads\/2024\/05\/chicharrita.jpeg","contentUrl":"https:\/\/safras.com.br\/es\/wp-content\/uploads\/2024\/05\/chicharrita.jpeg","width":1456,"height":1080,"caption":"chicharrita"},{"@type":"BreadcrumbList","@id":"https:\/\/safras.com.br\/es\/chicharrita-maiz-agosto\/#breadcrumb","itemListElement":[{"@type":"ListItem","position":1,"name":"Portada","item":"https:\/\/safras.com.br\/es\/"},{"@type":"ListItem","position":2,"name":"Chicharrita retrocede en todo el pa\u00eds gracias al clima, advierte Red"}]},{"@type":"WebSite","@id":"https:\/\/safras.com.br\/es\/#website","url":"https:\/\/safras.com.br\/es\/","name":"SAFRAS & Mercado","description":"El ecosistema de agronegocios","publisher":{"@id":"https:\/\/safras.com.br\/es\/#organization"},"potentialAction":[{"@type":"SearchAction","target":{"@type":"EntryPoint","urlTemplate":"https:\/\/safras.com.br\/es\/?s={search_term_string}"},"query-input":{"@type":"PropertyValueSpecification","valueRequired":true,"valueName":"search_term_string"}}],"inLanguage":"es"},{"@type":"Organization","@id":"https:\/\/safras.com.br\/es\/#organization","name":"SAFRAS & Mercado","url":"https:\/\/safras.com.br\/es\/","logo":{"@type":"ImageObject","inLanguage":"es","@id":"https:\/\/safras.com.br\/es\/#\/schema\/logo\/image\/","url":"https:\/\/safras.com.br\/es\/wp-content\/uploads\/2023\/01\/cropped-favicon.png","contentUrl":"https:\/\/safras.com.br\/es\/wp-content\/uploads\/2023\/01\/cropped-favicon.png","width":512,"height":512,"caption":"SAFRAS & Mercado"},"image":{"@id":"https:\/\/safras.com.br\/es\/#\/schema\/logo\/image\/"}},{"@type":"Person","@id":"https:\/\/safras.com.br\/es\/#\/schema\/person\/8a6e0df178260e340253292bf04da747","name":"Horacio Vera","image":{"@type":"ImageObject","inLanguage":"es","@id":"https:\/\/safras.com.br\/es\/#\/schema\/person\/image\/","url":"https:\/\/secure.gravatar.com\/avatar\/bc30669cd90fb2e21304f48bfae82357e2f9224933e78600478745d017747a8f?s=96&d=mm&r=g","contentUrl":"https:\/\/secure.gravatar.com\/avatar\/bc30669cd90fb2e21304f48bfae82357e2f9224933e78600478745d017747a8f?s=96&d=mm&r=g","caption":"Horacio Vera"},"url":"https:\/\/safras.com.br\/es\/author\/sf_horacio\/"}]}},"_links":{"self":[{"href":"https:\/\/safras.com.br\/es\/wp-json\/wp\/v2\/posts\/70798","targetHints":{"allow":["GET"]}}],"collection":[{"href":"https:\/\/safras.com.br\/es\/wp-json\/wp\/v2\/posts"}],"about":[{"href":"https:\/\/safras.com.br\/es\/wp-json\/wp\/v2\/types\/post"}],"author":[{"embeddable":true,"href":"https:\/\/safras.com.br\/es\/wp-json\/wp\/v2\/users\/13"}],"replies":[{"embeddable":true,"href":"https:\/\/safras.com.br\/es\/wp-json\/wp\/v2\/comments?post=70798"}],"version-history":[{"count":1,"href":"https:\/\/safras.com.br\/es\/wp-json\/wp\/v2\/posts\/70798\/revisions"}],"predecessor-version":[{"id":70799,"href":"https:\/\/safras.com.br\/es\/wp-json\/wp\/v2\/posts\/70798\/revisions\/70799"}],"wp:featuredmedia":[{"embeddable":true,"href":"https:\/\/safras.com.br\/es\/wp-json\/wp\/v2\/media\/62240"}],"wp:attachment":[{"href":"https:\/\/safras.com.br\/es\/wp-json\/wp\/v2\/media?parent=70798"}],"wp:term":[{"taxonomy":"category","embeddable":true,"href":"https:\/\/safras.com.br\/es\/wp-json\/wp\/v2\/categories?post=70798"},{"taxonomy":"post_tag","embeddable":true,"href":"https:\/\/safras.com.br\/es\/wp-json\/wp\/v2\/tags?post=70798"},{"taxonomy":"commodity","embeddable":true,"href":"https:\/\/safras.com.br\/es\/wp-json\/wp\/v2\/commodity?post=70798"}],"curies":[{"name":"wp","href":"https:\/\/api.w.org\/{rel}","templated":true}]}}