{"id":70795,"date":"2026-09-03T10:31:46","date_gmt":"2026-09-03T13:31:46","guid":{"rendered":"https:\/\/safras.com.br\/es\/?p=70795"},"modified":"2026-09-03T10:31:46","modified_gmt":"2026-09-03T13:31:46","slug":"chicago-cae-mas-del-2-con-senales-de-menor-demanda","status":"publish","type":"post","link":"https:\/\/safras.com.br\/es\/chicago-cae-mas-del-2-con-senales-de-menor-demanda\/","title":{"rendered":"Chicago cae m\u00e1s del 2% con se\u00f1ales de menor demanda"},"content":{"rendered":"<p><strong>Los contratos del ma\u00edz operan con precios m\u00e1s bajos<\/strong> en las negociaciones de la sesi\u00f3n electr\u00f3nica de la Bolsa de Comercio de<strong> Chicago<\/strong> (CBOT). El mercado se afirma en territorio negativo, en un movimiento de toma de ganancias tras alcanzar la m\u00e1xima de tres a\u00f1os el mi\u00e9rcoles.<\/p>\n<p>La se\u00f1alizaci\u00f3n de debilitamiento de la demanda del cereal para producci\u00f3n de etanol en los Estados Unidos, sumada a las ventas de fondos, completa el cuadro desfavorable.<\/p>\n<p>Los agentes aguardan adem\u00e1s el informe semanal de exportaciones del Departamento de Agricultura de los EE.UU. (USDA), a las 9:30 (Brasilia). Analistas estiman ventas de 500 mil a 1,6 millones de toneladas.<\/p>\n<p>Los contratos con entrega en diciembre operan en baja de 12,00 centavos de d\u00f3lar, o 2,20%, cotizados a US$ 5,31 1\/2 por bushel.<\/p>\n<p>Ayer (2), el ma\u00edz cerr\u00f3 con precios mixtos, marcado por la volatilidad. Las posiciones m\u00e1s distantes registraron ganancias, siguiendo la escalada en los precios del petr\u00f3leo, en medio del enconamiento de la tensi\u00f3n entre Estados Unidos e Ir\u00e1n en Medio Oriente, as\u00ed como el conflicto en la regi\u00f3n del Mar Negro entre Rusia y Ucrania.<\/p>\n<p>Por otro lado, las se\u00f1ales de debilitamiento en la demanda de ma\u00edz orientado a la producci\u00f3n de etanol en los Estados Unidos y un movimiento de ventas por parte de fondos pesan y ayudaron a presionar las posiciones m\u00e1s cercanas, dejando al mercado sin un posicionamiento definido.<\/p>\n<p>Los contratos de ma\u00edz con entrega en diciembre cerraron a US$ 5,43 1\/2, una baja de 2,50 centavos, o 0,45% en relaci\u00f3n al cierre anterior. La posici\u00f3n marzo cerr\u00f3 la sesi\u00f3n a US$ 5,58 1\/4, un retroceso de 2,00 centavos, o 0,35% por bushel en relaci\u00f3n al cierre anterior.<\/p>\n<p>&nbsp;<\/p>\n","protected":false},"excerpt":{"rendered":"<p>Los contratos del ma\u00edz operan con precios m\u00e1s bajos en las negociaciones de la sesi\u00f3n electr\u00f3nica de la Bolsa de Comercio de Chicago (CBOT). El mercado se afirma en territorio negativo, en un movimiento de toma de ganancias tras alcanzar la m\u00e1xima de tres a\u00f1os el mi\u00e9rcoles. La se\u00f1alizaci\u00f3n de debilitamiento de la demanda del [&hellip;]<\/p>\n","protected":false},"author":13,"featured_media":68270,"comment_status":"open","ping_status":"closed","sticky":false,"template":"","format":"standard","meta":{"_acf_changed":false,"footnotes":""},"categories":[267],"tags":[171,329],"commodity":[46,47,49],"class_list":["post-70795","post","type-post","status-publish","format-standard","has-post-thumbnail","hentry","category-agronegocio-es","tag-chicago","tag-maiz-es","commodity-maiz","commodity-soja","commodity-trigo"],"acf":[],"yoast_head":"<!-- This site is optimized with the Yoast SEO plugin v26.5 - https:\/\/yoast.com\/wordpress\/plugins\/seo\/ -->\n<title>Chicago cae m\u00e1s del 2% con se\u00f1ales de menor demanda<\/title>\n<meta name=\"robots\" content=\"index, follow, max-snippet:-1, max-image-preview:large, max-video-preview:-1\" \/>\n<link rel=\"canonical\" href=\"https:\/\/safras.com.br\/es\/chicago-cae-mas-del-2-con-senales-de-menor-demanda\/\" \/>\n<meta property=\"og:locale\" content=\"es_ES\" \/>\n<meta property=\"og:type\" content=\"article\" \/>\n<meta property=\"og:title\" content=\"Chicago cae m\u00e1s del 2% con se\u00f1ales de menor demanda\" \/>\n<meta property=\"og:description\" content=\"Los contratos del ma\u00edz operan con precios m\u00e1s bajos en las negociaciones de la sesi\u00f3n electr\u00f3nica de la Bolsa de Comercio de Chicago (CBOT). El mercado se afirma en territorio negativo, en un movimiento de toma de ganancias tras alcanzar la m\u00e1xima de tres a\u00f1os el mi\u00e9rcoles. La se\u00f1alizaci\u00f3n de debilitamiento de la demanda del [&hellip;]\" \/>\n<meta property=\"og:url\" content=\"https:\/\/safras.com.br\/es\/chicago-cae-mas-del-2-con-senales-de-menor-demanda\/\" \/>\n<meta property=\"og:site_name\" content=\"SAFRAS &amp; Mercado\" \/>\n<meta property=\"article:published_time\" content=\"2026-09-03T13:31:46+00:00\" \/>\n<meta property=\"og:image\" content=\"https:\/\/safras.com.br\/es\/wp-content\/uploads\/2026\/01\/mercado-de-maiz-1-1-1024x582.png\" \/>\n\t<meta property=\"og:image:width\" content=\"1024\" \/>\n\t<meta property=\"og:image:height\" content=\"582\" \/>\n\t<meta property=\"og:image:type\" content=\"image\/png\" \/>\n<meta name=\"author\" content=\"Horacio Vera\" \/>\n<meta name=\"twitter:card\" content=\"summary_large_image\" \/>\n<meta name=\"twitter:label1\" content=\"Escrito por\" \/>\n\t<meta name=\"twitter:data1\" content=\"Horacio Vera\" \/>\n\t<meta name=\"twitter:label2\" content=\"Tiempo de lectura\" \/>\n\t<meta name=\"twitter:data2\" content=\"2 minutos\" \/>\n<script type=\"application\/ld+json\" class=\"yoast-schema-graph\">{\"@context\":\"https:\/\/schema.org\",\"@graph\":[{\"@type\":\"Article\",\"@id\":\"https:\/\/safras.com.br\/es\/chicago-cae-mas-del-2-con-senales-de-menor-demanda\/#article\",\"isPartOf\":{\"@id\":\"https:\/\/safras.com.br\/es\/chicago-cae-mas-del-2-con-senales-de-menor-demanda\/\"},\"author\":{\"name\":\"Horacio Vera\",\"@id\":\"https:\/\/safras.com.br\/es\/#\/schema\/person\/8a6e0df178260e340253292bf04da747\"},\"headline\":\"Chicago cae m\u00e1s del 2% con se\u00f1ales de menor demanda\",\"datePublished\":\"2026-09-03T13:31:46+00:00\",\"mainEntityOfPage\":{\"@id\":\"https:\/\/safras.com.br\/es\/chicago-cae-mas-del-2-con-senales-de-menor-demanda\/\"},\"wordCount\":304,\"commentCount\":0,\"publisher\":{\"@id\":\"https:\/\/safras.com.br\/es\/#organization\"},\"image\":{\"@id\":\"https:\/\/safras.com.br\/es\/chicago-cae-mas-del-2-con-senales-de-menor-demanda\/#primaryimage\"},\"thumbnailUrl\":\"https:\/\/safras.com.br\/es\/wp-content\/uploads\/2026\/01\/mercado-de-maiz-1-1.png\",\"keywords\":[\"Chicago\",\"ma\u00edz\"],\"articleSection\":[\"Noticias Agronegocio\"],\"inLanguage\":\"es\",\"potentialAction\":[{\"@type\":\"CommentAction\",\"name\":\"Comment\",\"target\":[\"https:\/\/safras.com.br\/es\/chicago-cae-mas-del-2-con-senales-de-menor-demanda\/#respond\"]}]},{\"@type\":\"WebPage\",\"@id\":\"https:\/\/safras.com.br\/es\/chicago-cae-mas-del-2-con-senales-de-menor-demanda\/\",\"url\":\"https:\/\/safras.com.br\/es\/chicago-cae-mas-del-2-con-senales-de-menor-demanda\/\",\"name\":\"Chicago cae m\u00e1s del 2% con se\u00f1ales de menor demanda\",\"isPartOf\":{\"@id\":\"https:\/\/safras.com.br\/es\/#website\"},\"primaryImageOfPage\":{\"@id\":\"https:\/\/safras.com.br\/es\/chicago-cae-mas-del-2-con-senales-de-menor-demanda\/#primaryimage\"},\"image\":{\"@id\":\"https:\/\/safras.com.br\/es\/chicago-cae-mas-del-2-con-senales-de-menor-demanda\/#primaryimage\"},\"thumbnailUrl\":\"https:\/\/safras.com.br\/es\/wp-content\/uploads\/2026\/01\/mercado-de-maiz-1-1.png\",\"datePublished\":\"2026-09-03T13:31:46+00:00\",\"breadcrumb\":{\"@id\":\"https:\/\/safras.com.br\/es\/chicago-cae-mas-del-2-con-senales-de-menor-demanda\/#breadcrumb\"},\"inLanguage\":\"es\",\"potentialAction\":[{\"@type\":\"ReadAction\",\"target\":[\"https:\/\/safras.com.br\/es\/chicago-cae-mas-del-2-con-senales-de-menor-demanda\/\"]}]},{\"@type\":\"ImageObject\",\"inLanguage\":\"es\",\"@id\":\"https:\/\/safras.com.br\/es\/chicago-cae-mas-del-2-con-senales-de-menor-demanda\/#primaryimage\",\"url\":\"https:\/\/safras.com.br\/es\/wp-content\/uploads\/2026\/01\/mercado-de-maiz-1-1.png\",\"contentUrl\":\"https:\/\/safras.com.br\/es\/wp-content\/uploads\/2026\/01\/mercado-de-maiz-1-1.png\",\"width\":1367,\"height\":777,\"caption\":\"mercado de ma\u00edz (1) (1)\"},{\"@type\":\"BreadcrumbList\",\"@id\":\"https:\/\/safras.com.br\/es\/chicago-cae-mas-del-2-con-senales-de-menor-demanda\/#breadcrumb\",\"itemListElement\":[{\"@type\":\"ListItem\",\"position\":1,\"name\":\"Portada\",\"item\":\"https:\/\/safras.com.br\/es\/\"},{\"@type\":\"ListItem\",\"position\":2,\"name\":\"Chicago cae m\u00e1s del 2% con se\u00f1ales de menor demanda\"}]},{\"@type\":\"WebSite\",\"@id\":\"https:\/\/safras.com.br\/es\/#website\",\"url\":\"https:\/\/safras.com.br\/es\/\",\"name\":\"SAFRAS & Mercado\",\"description\":\"El ecosistema de agronegocios\",\"publisher\":{\"@id\":\"https:\/\/safras.com.br\/es\/#organization\"},\"potentialAction\":[{\"@type\":\"SearchAction\",\"target\":{\"@type\":\"EntryPoint\",\"urlTemplate\":\"https:\/\/safras.com.br\/es\/?s={search_term_string}\"},\"query-input\":{\"@type\":\"PropertyValueSpecification\",\"valueRequired\":true,\"valueName\":\"search_term_string\"}}],\"inLanguage\":\"es\"},{\"@type\":\"Organization\",\"@id\":\"https:\/\/safras.com.br\/es\/#organization\",\"name\":\"SAFRAS & Mercado\",\"url\":\"https:\/\/safras.com.br\/es\/\",\"logo\":{\"@type\":\"ImageObject\",\"inLanguage\":\"es\",\"@id\":\"https:\/\/safras.com.br\/es\/#\/schema\/logo\/image\/\",\"url\":\"https:\/\/safras.com.br\/es\/wp-content\/uploads\/2023\/01\/cropped-favicon.png\",\"contentUrl\":\"https:\/\/safras.com.br\/es\/wp-content\/uploads\/2023\/01\/cropped-favicon.png\",\"width\":512,\"height\":512,\"caption\":\"SAFRAS & Mercado\"},\"image\":{\"@id\":\"https:\/\/safras.com.br\/es\/#\/schema\/logo\/image\/\"}},{\"@type\":\"Person\",\"@id\":\"https:\/\/safras.com.br\/es\/#\/schema\/person\/8a6e0df178260e340253292bf04da747\",\"name\":\"Horacio Vera\",\"image\":{\"@type\":\"ImageObject\",\"inLanguage\":\"es\",\"@id\":\"https:\/\/safras.com.br\/es\/#\/schema\/person\/image\/\",\"url\":\"https:\/\/secure.gravatar.com\/avatar\/bc30669cd90fb2e21304f48bfae82357e2f9224933e78600478745d017747a8f?s=96&d=mm&r=g\",\"contentUrl\":\"https:\/\/secure.gravatar.com\/avatar\/bc30669cd90fb2e21304f48bfae82357e2f9224933e78600478745d017747a8f?s=96&d=mm&r=g\",\"caption\":\"Horacio Vera\"},\"url\":\"https:\/\/safras.com.br\/es\/author\/sf_horacio\/\"}]}<\/script>\n<!-- \/ Yoast SEO plugin. -->","yoast_head_json":{"title":"Chicago cae m\u00e1s del 2% con se\u00f1ales de menor demanda","robots":{"index":"index","follow":"follow","max-snippet":"max-snippet:-1","max-image-preview":"max-image-preview:large","max-video-preview":"max-video-preview:-1"},"canonical":"https:\/\/safras.com.br\/es\/chicago-cae-mas-del-2-con-senales-de-menor-demanda\/","og_locale":"es_ES","og_type":"article","og_title":"Chicago cae m\u00e1s del 2% con se\u00f1ales de menor demanda","og_description":"Los contratos del ma\u00edz operan con precios m\u00e1s bajos en las negociaciones de la sesi\u00f3n electr\u00f3nica de la Bolsa de Comercio de Chicago (CBOT). El mercado se afirma en territorio negativo, en un movimiento de toma de ganancias tras alcanzar la m\u00e1xima de tres a\u00f1os el mi\u00e9rcoles. La se\u00f1alizaci\u00f3n de debilitamiento de la demanda del [&hellip;]","og_url":"https:\/\/safras.com.br\/es\/chicago-cae-mas-del-2-con-senales-de-menor-demanda\/","og_site_name":"SAFRAS &amp; Mercado","article_published_time":"2026-09-03T13:31:46+00:00","og_image":[{"width":1024,"height":582,"url":"https:\/\/safras.com.br\/es\/wp-content\/uploads\/2026\/01\/mercado-de-maiz-1-1-1024x582.png","type":"image\/png"}],"author":"Horacio Vera","twitter_card":"summary_large_image","twitter_misc":{"Escrito por":"Horacio Vera","Tiempo de lectura":"2 minutos"},"schema":{"@context":"https:\/\/schema.org","@graph":[{"@type":"Article","@id":"https:\/\/safras.com.br\/es\/chicago-cae-mas-del-2-con-senales-de-menor-demanda\/#article","isPartOf":{"@id":"https:\/\/safras.com.br\/es\/chicago-cae-mas-del-2-con-senales-de-menor-demanda\/"},"author":{"name":"Horacio Vera","@id":"https:\/\/safras.com.br\/es\/#\/schema\/person\/8a6e0df178260e340253292bf04da747"},"headline":"Chicago cae m\u00e1s del 2% con se\u00f1ales de menor demanda","datePublished":"2026-09-03T13:31:46+00:00","mainEntityOfPage":{"@id":"https:\/\/safras.com.br\/es\/chicago-cae-mas-del-2-con-senales-de-menor-demanda\/"},"wordCount":304,"commentCount":0,"publisher":{"@id":"https:\/\/safras.com.br\/es\/#organization"},"image":{"@id":"https:\/\/safras.com.br\/es\/chicago-cae-mas-del-2-con-senales-de-menor-demanda\/#primaryimage"},"thumbnailUrl":"https:\/\/safras.com.br\/es\/wp-content\/uploads\/2026\/01\/mercado-de-maiz-1-1.png","keywords":["Chicago","ma\u00edz"],"articleSection":["Noticias Agronegocio"],"inLanguage":"es","potentialAction":[{"@type":"CommentAction","name":"Comment","target":["https:\/\/safras.com.br\/es\/chicago-cae-mas-del-2-con-senales-de-menor-demanda\/#respond"]}]},{"@type":"WebPage","@id":"https:\/\/safras.com.br\/es\/chicago-cae-mas-del-2-con-senales-de-menor-demanda\/","url":"https:\/\/safras.com.br\/es\/chicago-cae-mas-del-2-con-senales-de-menor-demanda\/","name":"Chicago cae m\u00e1s del 2% con se\u00f1ales de menor demanda","isPartOf":{"@id":"https:\/\/safras.com.br\/es\/#website"},"primaryImageOfPage":{"@id":"https:\/\/safras.com.br\/es\/chicago-cae-mas-del-2-con-senales-de-menor-demanda\/#primaryimage"},"image":{"@id":"https:\/\/safras.com.br\/es\/chicago-cae-mas-del-2-con-senales-de-menor-demanda\/#primaryimage"},"thumbnailUrl":"https:\/\/safras.com.br\/es\/wp-content\/uploads\/2026\/01\/mercado-de-maiz-1-1.png","datePublished":"2026-09-03T13:31:46+00:00","breadcrumb":{"@id":"https:\/\/safras.com.br\/es\/chicago-cae-mas-del-2-con-senales-de-menor-demanda\/#breadcrumb"},"inLanguage":"es","potentialAction":[{"@type":"ReadAction","target":["https:\/\/safras.com.br\/es\/chicago-cae-mas-del-2-con-senales-de-menor-demanda\/"]}]},{"@type":"ImageObject","inLanguage":"es","@id":"https:\/\/safras.com.br\/es\/chicago-cae-mas-del-2-con-senales-de-menor-demanda\/#primaryimage","url":"https:\/\/safras.com.br\/es\/wp-content\/uploads\/2026\/01\/mercado-de-maiz-1-1.png","contentUrl":"https:\/\/safras.com.br\/es\/wp-content\/uploads\/2026\/01\/mercado-de-maiz-1-1.png","width":1367,"height":777,"caption":"mercado de ma\u00edz (1) (1)"},{"@type":"BreadcrumbList","@id":"https:\/\/safras.com.br\/es\/chicago-cae-mas-del-2-con-senales-de-menor-demanda\/#breadcrumb","itemListElement":[{"@type":"ListItem","position":1,"name":"Portada","item":"https:\/\/safras.com.br\/es\/"},{"@type":"ListItem","position":2,"name":"Chicago cae m\u00e1s del 2% con se\u00f1ales de menor demanda"}]},{"@type":"WebSite","@id":"https:\/\/safras.com.br\/es\/#website","url":"https:\/\/safras.com.br\/es\/","name":"SAFRAS & Mercado","description":"El ecosistema de agronegocios","publisher":{"@id":"https:\/\/safras.com.br\/es\/#organization"},"potentialAction":[{"@type":"SearchAction","target":{"@type":"EntryPoint","urlTemplate":"https:\/\/safras.com.br\/es\/?s={search_term_string}"},"query-input":{"@type":"PropertyValueSpecification","valueRequired":true,"valueName":"search_term_string"}}],"inLanguage":"es"},{"@type":"Organization","@id":"https:\/\/safras.com.br\/es\/#organization","name":"SAFRAS & Mercado","url":"https:\/\/safras.com.br\/es\/","logo":{"@type":"ImageObject","inLanguage":"es","@id":"https:\/\/safras.com.br\/es\/#\/schema\/logo\/image\/","url":"https:\/\/safras.com.br\/es\/wp-content\/uploads\/2023\/01\/cropped-favicon.png","contentUrl":"https:\/\/safras.com.br\/es\/wp-content\/uploads\/2023\/01\/cropped-favicon.png","width":512,"height":512,"caption":"SAFRAS & Mercado"},"image":{"@id":"https:\/\/safras.com.br\/es\/#\/schema\/logo\/image\/"}},{"@type":"Person","@id":"https:\/\/safras.com.br\/es\/#\/schema\/person\/8a6e0df178260e340253292bf04da747","name":"Horacio Vera","image":{"@type":"ImageObject","inLanguage":"es","@id":"https:\/\/safras.com.br\/es\/#\/schema\/person\/image\/","url":"https:\/\/secure.gravatar.com\/avatar\/bc30669cd90fb2e21304f48bfae82357e2f9224933e78600478745d017747a8f?s=96&d=mm&r=g","contentUrl":"https:\/\/secure.gravatar.com\/avatar\/bc30669cd90fb2e21304f48bfae82357e2f9224933e78600478745d017747a8f?s=96&d=mm&r=g","caption":"Horacio Vera"},"url":"https:\/\/safras.com.br\/es\/author\/sf_horacio\/"}]}},"_links":{"self":[{"href":"https:\/\/safras.com.br\/es\/wp-json\/wp\/v2\/posts\/70795","targetHints":{"allow":["GET"]}}],"collection":[{"href":"https:\/\/safras.com.br\/es\/wp-json\/wp\/v2\/posts"}],"about":[{"href":"https:\/\/safras.com.br\/es\/wp-json\/wp\/v2\/types\/post"}],"author":[{"embeddable":true,"href":"https:\/\/safras.com.br\/es\/wp-json\/wp\/v2\/users\/13"}],"replies":[{"embeddable":true,"href":"https:\/\/safras.com.br\/es\/wp-json\/wp\/v2\/comments?post=70795"}],"version-history":[{"count":1,"href":"https:\/\/safras.com.br\/es\/wp-json\/wp\/v2\/posts\/70795\/revisions"}],"predecessor-version":[{"id":70796,"href":"https:\/\/safras.com.br\/es\/wp-json\/wp\/v2\/posts\/70795\/revisions\/70796"}],"wp:featuredmedia":[{"embeddable":true,"href":"https:\/\/safras.com.br\/es\/wp-json\/wp\/v2\/media\/68270"}],"wp:attachment":[{"href":"https:\/\/safras.com.br\/es\/wp-json\/wp\/v2\/media?parent=70795"}],"wp:term":[{"taxonomy":"category","embeddable":true,"href":"https:\/\/safras.com.br\/es\/wp-json\/wp\/v2\/categories?post=70795"},{"taxonomy":"post_tag","embeddable":true,"href":"https:\/\/safras.com.br\/es\/wp-json\/wp\/v2\/tags?post=70795"},{"taxonomy":"commodity","embeddable":true,"href":"https:\/\/safras.com.br\/es\/wp-json\/wp\/v2\/commodity?post=70795"}],"curies":[{"name":"wp","href":"https:\/\/api.w.org\/{rel}","templated":true}]}}