{"id":70793,"date":"2026-09-02T15:08:46","date_gmt":"2026-09-02T18:08:46","guid":{"rendered":"https:\/\/safras.com.br\/es\/?p=70793"},"modified":"2026-09-02T15:10:45","modified_gmt":"2026-09-02T18:10:45","slug":"el-nino-alterara-las-lluvias-hasta-2027-y-reducira-disponibilidad-del-agua-moodys","status":"publish","type":"post","link":"https:\/\/safras.com.br\/es\/el-nino-alterara-las-lluvias-hasta-2027-y-reducira-disponibilidad-del-agua-moodys\/","title":{"rendered":"El Ni\u00f1o alterar\u00e1 las lluvias hasta 2027 y reducir\u00e1 disponibilidad del agua &#8211; Moody&#8217;s"},"content":{"rendered":"<p>Un informe de la agencia Moody&#8217;s advirti\u00f3 que un fen\u00f3meno intenso de El Ni\u00f1o entre 2026 y 2027 alterar\u00e1 considerablemente los patrones de precipitaciones en la regi\u00f3n.<\/p>\n<p>Esta situaci\u00f3n reducir\u00e1 de manera directa la disponibilidad de agua en varios pa\u00edses latinoamericanos que dependen en gran medida de la generaci\u00f3n hidroel\u00e9ctrica.<\/p>\n<p>De acuerdo con las proyecciones clim\u00e1ticas, pa\u00edses como Colombia, Brasil y Per\u00fa figuran entre los m\u00e1s expuestos ante la volatilidad de los recursos h\u00eddricos. \u00abUn fen\u00f3meno intenso de El Ni\u00f1o en 2026-2027 alterar\u00e1 considerablemente los patrones de precipitaciones\u00bb, se\u00f1alaron las estimaciones del estudio respecto al impacto esperado en la matriz energ\u00e9tica.<\/p>\n<p>Por su parte, el reporte remarc\u00f3 que las alteraciones en el clima afectar\u00e1n infraestructuras clave y sistemas de generaci\u00f3n en toda la superficie regional.<\/p>\n<p>\u00abLos precios de la energ\u00eda durante El Ni\u00f1o pueden ser muy vol\u00e1tiles\u00bb, destac\u00f3 el an\u00e1lisis sobre las consecuencias operativas de la sequ\u00eda.<\/p>\n<p>&nbsp;<\/p>\n","protected":false},"excerpt":{"rendered":"<p>Un informe de la agencia Moody&#8217;s advirti\u00f3 que un fen\u00f3meno intenso de El Ni\u00f1o entre 2026 y 2027 alterar\u00e1 considerablemente los patrones de precipitaciones en la regi\u00f3n. Esta situaci\u00f3n reducir\u00e1 de manera directa la disponibilidad de agua en varios pa\u00edses latinoamericanos que dependen en gran medida de la generaci\u00f3n hidroel\u00e9ctrica. De acuerdo con las proyecciones [&hellip;]<\/p>\n","protected":false},"author":13,"featured_media":69279,"comment_status":"open","ping_status":"closed","sticky":false,"template":"","format":"standard","meta":{"_acf_changed":false,"footnotes":""},"categories":[267],"tags":[1240,309],"commodity":[42],"class_list":["post-70793","post","type-post","status-publish","format-standard","has-post-thumbnail","hentry","category-agronegocio-es","tag-agua","tag-el-nino","commodity-clima"],"acf":[],"yoast_head":"<!-- This site is optimized with the Yoast SEO plugin v26.5 - https:\/\/yoast.com\/wordpress\/plugins\/seo\/ -->\n<title>El Ni\u00f1o alterar\u00e1 las lluvias hasta 2027<\/title>\n<meta name=\"robots\" content=\"index, follow, max-snippet:-1, max-image-preview:large, max-video-preview:-1\" \/>\n<link rel=\"canonical\" href=\"https:\/\/safras.com.br\/es\/el-nino-alterara-las-lluvias-hasta-2027-y-reducira-disponibilidad-del-agua-moodys\/\" \/>\n<meta property=\"og:locale\" content=\"es_ES\" \/>\n<meta property=\"og:type\" content=\"article\" \/>\n<meta property=\"og:title\" content=\"El Ni\u00f1o alterar\u00e1 las lluvias hasta 2027\" \/>\n<meta property=\"og:description\" content=\"Un informe de la agencia Moody&#8217;s advirti\u00f3 que un fen\u00f3meno intenso de El Ni\u00f1o entre 2026 y 2027 alterar\u00e1 considerablemente los patrones de precipitaciones en la regi\u00f3n. Esta situaci\u00f3n reducir\u00e1 de manera directa la disponibilidad de agua en varios pa\u00edses latinoamericanos que dependen en gran medida de la generaci\u00f3n hidroel\u00e9ctrica. De acuerdo con las proyecciones [&hellip;]\" \/>\n<meta property=\"og:url\" content=\"https:\/\/safras.com.br\/es\/el-nino-alterara-las-lluvias-hasta-2027-y-reducira-disponibilidad-del-agua-moodys\/\" \/>\n<meta property=\"og:site_name\" content=\"SAFRAS &amp; Mercado\" \/>\n<meta property=\"article:published_time\" content=\"2026-09-02T18:08:46+00:00\" \/>\n<meta property=\"article:modified_time\" content=\"2026-09-02T18:10:45+00:00\" \/>\n<meta property=\"og:image\" content=\"https:\/\/safras.com.br\/es\/wp-content\/uploads\/2026\/04\/El-Nino-Albrecht-Fietz-en-Pixabay.jpg\" \/>\n\t<meta property=\"og:image:width\" content=\"1920\" \/>\n\t<meta property=\"og:image:height\" content=\"1280\" \/>\n\t<meta property=\"og:image:type\" content=\"image\/jpeg\" \/>\n<meta name=\"author\" content=\"Horacio Vera\" \/>\n<meta name=\"twitter:card\" content=\"summary_large_image\" \/>\n<meta name=\"twitter:label1\" content=\"Escrito por\" \/>\n\t<meta name=\"twitter:data1\" content=\"Horacio Vera\" \/>\n\t<meta name=\"twitter:label2\" content=\"Tiempo de lectura\" \/>\n\t<meta name=\"twitter:data2\" content=\"1 minuto\" \/>\n<script type=\"application\/ld+json\" class=\"yoast-schema-graph\">{\"@context\":\"https:\/\/schema.org\",\"@graph\":[{\"@type\":\"Article\",\"@id\":\"https:\/\/safras.com.br\/es\/el-nino-alterara-las-lluvias-hasta-2027-y-reducira-disponibilidad-del-agua-moodys\/#article\",\"isPartOf\":{\"@id\":\"https:\/\/safras.com.br\/es\/el-nino-alterara-las-lluvias-hasta-2027-y-reducira-disponibilidad-del-agua-moodys\/\"},\"author\":{\"name\":\"Horacio Vera\",\"@id\":\"https:\/\/safras.com.br\/es\/#\/schema\/person\/8a6e0df178260e340253292bf04da747\"},\"headline\":\"El Ni\u00f1o alterar\u00e1 las lluvias hasta 2027 y reducir\u00e1 disponibilidad del agua &#8211; Moody&#8217;s\",\"datePublished\":\"2026-09-02T18:08:46+00:00\",\"dateModified\":\"2026-09-02T18:10:45+00:00\",\"mainEntityOfPage\":{\"@id\":\"https:\/\/safras.com.br\/es\/el-nino-alterara-las-lluvias-hasta-2027-y-reducira-disponibilidad-del-agua-moodys\/\"},\"wordCount\":184,\"commentCount\":0,\"publisher\":{\"@id\":\"https:\/\/safras.com.br\/es\/#organization\"},\"image\":{\"@id\":\"https:\/\/safras.com.br\/es\/el-nino-alterara-las-lluvias-hasta-2027-y-reducira-disponibilidad-del-agua-moodys\/#primaryimage\"},\"thumbnailUrl\":\"https:\/\/safras.com.br\/es\/wp-content\/uploads\/2026\/04\/El-Nino-Albrecht-Fietz-en-Pixabay.jpg\",\"keywords\":[\"agua\",\"el ni\u00f1o\"],\"articleSection\":[\"Noticias Agronegocio\"],\"inLanguage\":\"es\",\"potentialAction\":[{\"@type\":\"CommentAction\",\"name\":\"Comment\",\"target\":[\"https:\/\/safras.com.br\/es\/el-nino-alterara-las-lluvias-hasta-2027-y-reducira-disponibilidad-del-agua-moodys\/#respond\"]}]},{\"@type\":\"WebPage\",\"@id\":\"https:\/\/safras.com.br\/es\/el-nino-alterara-las-lluvias-hasta-2027-y-reducira-disponibilidad-del-agua-moodys\/\",\"url\":\"https:\/\/safras.com.br\/es\/el-nino-alterara-las-lluvias-hasta-2027-y-reducira-disponibilidad-del-agua-moodys\/\",\"name\":\"El Ni\u00f1o alterar\u00e1 las lluvias hasta 2027\",\"isPartOf\":{\"@id\":\"https:\/\/safras.com.br\/es\/#website\"},\"primaryImageOfPage\":{\"@id\":\"https:\/\/safras.com.br\/es\/el-nino-alterara-las-lluvias-hasta-2027-y-reducira-disponibilidad-del-agua-moodys\/#primaryimage\"},\"image\":{\"@id\":\"https:\/\/safras.com.br\/es\/el-nino-alterara-las-lluvias-hasta-2027-y-reducira-disponibilidad-del-agua-moodys\/#primaryimage\"},\"thumbnailUrl\":\"https:\/\/safras.com.br\/es\/wp-content\/uploads\/2026\/04\/El-Nino-Albrecht-Fietz-en-Pixabay.jpg\",\"datePublished\":\"2026-09-02T18:08:46+00:00\",\"dateModified\":\"2026-09-02T18:10:45+00:00\",\"breadcrumb\":{\"@id\":\"https:\/\/safras.com.br\/es\/el-nino-alterara-las-lluvias-hasta-2027-y-reducira-disponibilidad-del-agua-moodys\/#breadcrumb\"},\"inLanguage\":\"es\",\"potentialAction\":[{\"@type\":\"ReadAction\",\"target\":[\"https:\/\/safras.com.br\/es\/el-nino-alterara-las-lluvias-hasta-2027-y-reducira-disponibilidad-del-agua-moodys\/\"]}]},{\"@type\":\"ImageObject\",\"inLanguage\":\"es\",\"@id\":\"https:\/\/safras.com.br\/es\/el-nino-alterara-las-lluvias-hasta-2027-y-reducira-disponibilidad-del-agua-moodys\/#primaryimage\",\"url\":\"https:\/\/safras.com.br\/es\/wp-content\/uploads\/2026\/04\/El-Nino-Albrecht-Fietz-en-Pixabay.jpg\",\"contentUrl\":\"https:\/\/safras.com.br\/es\/wp-content\/uploads\/2026\/04\/El-Nino-Albrecht-Fietz-en-Pixabay.jpg\",\"width\":1920,\"height\":1280,\"caption\":\"El Ni\u00f1o Albrecht Fietz en Pixabay\"},{\"@type\":\"BreadcrumbList\",\"@id\":\"https:\/\/safras.com.br\/es\/el-nino-alterara-las-lluvias-hasta-2027-y-reducira-disponibilidad-del-agua-moodys\/#breadcrumb\",\"itemListElement\":[{\"@type\":\"ListItem\",\"position\":1,\"name\":\"Portada\",\"item\":\"https:\/\/safras.com.br\/es\/\"},{\"@type\":\"ListItem\",\"position\":2,\"name\":\"El Ni\u00f1o alterar\u00e1 las lluvias hasta 2027 y reducir\u00e1 disponibilidad del agua &#8211; Moody&#8217;s\"}]},{\"@type\":\"WebSite\",\"@id\":\"https:\/\/safras.com.br\/es\/#website\",\"url\":\"https:\/\/safras.com.br\/es\/\",\"name\":\"SAFRAS & Mercado\",\"description\":\"El ecosistema de agronegocios\",\"publisher\":{\"@id\":\"https:\/\/safras.com.br\/es\/#organization\"},\"potentialAction\":[{\"@type\":\"SearchAction\",\"target\":{\"@type\":\"EntryPoint\",\"urlTemplate\":\"https:\/\/safras.com.br\/es\/?s={search_term_string}\"},\"query-input\":{\"@type\":\"PropertyValueSpecification\",\"valueRequired\":true,\"valueName\":\"search_term_string\"}}],\"inLanguage\":\"es\"},{\"@type\":\"Organization\",\"@id\":\"https:\/\/safras.com.br\/es\/#organization\",\"name\":\"SAFRAS & Mercado\",\"url\":\"https:\/\/safras.com.br\/es\/\",\"logo\":{\"@type\":\"ImageObject\",\"inLanguage\":\"es\",\"@id\":\"https:\/\/safras.com.br\/es\/#\/schema\/logo\/image\/\",\"url\":\"https:\/\/safras.com.br\/es\/wp-content\/uploads\/2023\/01\/cropped-favicon.png\",\"contentUrl\":\"https:\/\/safras.com.br\/es\/wp-content\/uploads\/2023\/01\/cropped-favicon.png\",\"width\":512,\"height\":512,\"caption\":\"SAFRAS & Mercado\"},\"image\":{\"@id\":\"https:\/\/safras.com.br\/es\/#\/schema\/logo\/image\/\"}},{\"@type\":\"Person\",\"@id\":\"https:\/\/safras.com.br\/es\/#\/schema\/person\/8a6e0df178260e340253292bf04da747\",\"name\":\"Horacio Vera\",\"image\":{\"@type\":\"ImageObject\",\"inLanguage\":\"es\",\"@id\":\"https:\/\/safras.com.br\/es\/#\/schema\/person\/image\/\",\"url\":\"https:\/\/secure.gravatar.com\/avatar\/bc30669cd90fb2e21304f48bfae82357e2f9224933e78600478745d017747a8f?s=96&d=mm&r=g\",\"contentUrl\":\"https:\/\/secure.gravatar.com\/avatar\/bc30669cd90fb2e21304f48bfae82357e2f9224933e78600478745d017747a8f?s=96&d=mm&r=g\",\"caption\":\"Horacio Vera\"},\"url\":\"https:\/\/safras.com.br\/es\/author\/sf_horacio\/\"}]}<\/script>\n<!-- \/ Yoast SEO plugin. -->","yoast_head_json":{"title":"El Ni\u00f1o alterar\u00e1 las lluvias hasta 2027","robots":{"index":"index","follow":"follow","max-snippet":"max-snippet:-1","max-image-preview":"max-image-preview:large","max-video-preview":"max-video-preview:-1"},"canonical":"https:\/\/safras.com.br\/es\/el-nino-alterara-las-lluvias-hasta-2027-y-reducira-disponibilidad-del-agua-moodys\/","og_locale":"es_ES","og_type":"article","og_title":"El Ni\u00f1o alterar\u00e1 las lluvias hasta 2027","og_description":"Un informe de la agencia Moody&#8217;s advirti\u00f3 que un fen\u00f3meno intenso de El Ni\u00f1o entre 2026 y 2027 alterar\u00e1 considerablemente los patrones de precipitaciones en la regi\u00f3n. Esta situaci\u00f3n reducir\u00e1 de manera directa la disponibilidad de agua en varios pa\u00edses latinoamericanos que dependen en gran medida de la generaci\u00f3n hidroel\u00e9ctrica. De acuerdo con las proyecciones [&hellip;]","og_url":"https:\/\/safras.com.br\/es\/el-nino-alterara-las-lluvias-hasta-2027-y-reducira-disponibilidad-del-agua-moodys\/","og_site_name":"SAFRAS &amp; Mercado","article_published_time":"2026-09-02T18:08:46+00:00","article_modified_time":"2026-09-02T18:10:45+00:00","og_image":[{"width":1920,"height":1280,"url":"https:\/\/safras.com.br\/es\/wp-content\/uploads\/2026\/04\/El-Nino-Albrecht-Fietz-en-Pixabay.jpg","type":"image\/jpeg"}],"author":"Horacio Vera","twitter_card":"summary_large_image","twitter_misc":{"Escrito por":"Horacio Vera","Tiempo de lectura":"1 minuto"},"schema":{"@context":"https:\/\/schema.org","@graph":[{"@type":"Article","@id":"https:\/\/safras.com.br\/es\/el-nino-alterara-las-lluvias-hasta-2027-y-reducira-disponibilidad-del-agua-moodys\/#article","isPartOf":{"@id":"https:\/\/safras.com.br\/es\/el-nino-alterara-las-lluvias-hasta-2027-y-reducira-disponibilidad-del-agua-moodys\/"},"author":{"name":"Horacio Vera","@id":"https:\/\/safras.com.br\/es\/#\/schema\/person\/8a6e0df178260e340253292bf04da747"},"headline":"El Ni\u00f1o alterar\u00e1 las lluvias hasta 2027 y reducir\u00e1 disponibilidad del agua &#8211; Moody&#8217;s","datePublished":"2026-09-02T18:08:46+00:00","dateModified":"2026-09-02T18:10:45+00:00","mainEntityOfPage":{"@id":"https:\/\/safras.com.br\/es\/el-nino-alterara-las-lluvias-hasta-2027-y-reducira-disponibilidad-del-agua-moodys\/"},"wordCount":184,"commentCount":0,"publisher":{"@id":"https:\/\/safras.com.br\/es\/#organization"},"image":{"@id":"https:\/\/safras.com.br\/es\/el-nino-alterara-las-lluvias-hasta-2027-y-reducira-disponibilidad-del-agua-moodys\/#primaryimage"},"thumbnailUrl":"https:\/\/safras.com.br\/es\/wp-content\/uploads\/2026\/04\/El-Nino-Albrecht-Fietz-en-Pixabay.jpg","keywords":["agua","el ni\u00f1o"],"articleSection":["Noticias Agronegocio"],"inLanguage":"es","potentialAction":[{"@type":"CommentAction","name":"Comment","target":["https:\/\/safras.com.br\/es\/el-nino-alterara-las-lluvias-hasta-2027-y-reducira-disponibilidad-del-agua-moodys\/#respond"]}]},{"@type":"WebPage","@id":"https:\/\/safras.com.br\/es\/el-nino-alterara-las-lluvias-hasta-2027-y-reducira-disponibilidad-del-agua-moodys\/","url":"https:\/\/safras.com.br\/es\/el-nino-alterara-las-lluvias-hasta-2027-y-reducira-disponibilidad-del-agua-moodys\/","name":"El Ni\u00f1o alterar\u00e1 las lluvias hasta 2027","isPartOf":{"@id":"https:\/\/safras.com.br\/es\/#website"},"primaryImageOfPage":{"@id":"https:\/\/safras.com.br\/es\/el-nino-alterara-las-lluvias-hasta-2027-y-reducira-disponibilidad-del-agua-moodys\/#primaryimage"},"image":{"@id":"https:\/\/safras.com.br\/es\/el-nino-alterara-las-lluvias-hasta-2027-y-reducira-disponibilidad-del-agua-moodys\/#primaryimage"},"thumbnailUrl":"https:\/\/safras.com.br\/es\/wp-content\/uploads\/2026\/04\/El-Nino-Albrecht-Fietz-en-Pixabay.jpg","datePublished":"2026-09-02T18:08:46+00:00","dateModified":"2026-09-02T18:10:45+00:00","breadcrumb":{"@id":"https:\/\/safras.com.br\/es\/el-nino-alterara-las-lluvias-hasta-2027-y-reducira-disponibilidad-del-agua-moodys\/#breadcrumb"},"inLanguage":"es","potentialAction":[{"@type":"ReadAction","target":["https:\/\/safras.com.br\/es\/el-nino-alterara-las-lluvias-hasta-2027-y-reducira-disponibilidad-del-agua-moodys\/"]}]},{"@type":"ImageObject","inLanguage":"es","@id":"https:\/\/safras.com.br\/es\/el-nino-alterara-las-lluvias-hasta-2027-y-reducira-disponibilidad-del-agua-moodys\/#primaryimage","url":"https:\/\/safras.com.br\/es\/wp-content\/uploads\/2026\/04\/El-Nino-Albrecht-Fietz-en-Pixabay.jpg","contentUrl":"https:\/\/safras.com.br\/es\/wp-content\/uploads\/2026\/04\/El-Nino-Albrecht-Fietz-en-Pixabay.jpg","width":1920,"height":1280,"caption":"El Ni\u00f1o Albrecht Fietz en Pixabay"},{"@type":"BreadcrumbList","@id":"https:\/\/safras.com.br\/es\/el-nino-alterara-las-lluvias-hasta-2027-y-reducira-disponibilidad-del-agua-moodys\/#breadcrumb","itemListElement":[{"@type":"ListItem","position":1,"name":"Portada","item":"https:\/\/safras.com.br\/es\/"},{"@type":"ListItem","position":2,"name":"El Ni\u00f1o alterar\u00e1 las lluvias hasta 2027 y reducir\u00e1 disponibilidad del agua &#8211; Moody&#8217;s"}]},{"@type":"WebSite","@id":"https:\/\/safras.com.br\/es\/#website","url":"https:\/\/safras.com.br\/es\/","name":"SAFRAS & Mercado","description":"El ecosistema de agronegocios","publisher":{"@id":"https:\/\/safras.com.br\/es\/#organization"},"potentialAction":[{"@type":"SearchAction","target":{"@type":"EntryPoint","urlTemplate":"https:\/\/safras.com.br\/es\/?s={search_term_string}"},"query-input":{"@type":"PropertyValueSpecification","valueRequired":true,"valueName":"search_term_string"}}],"inLanguage":"es"},{"@type":"Organization","@id":"https:\/\/safras.com.br\/es\/#organization","name":"SAFRAS & Mercado","url":"https:\/\/safras.com.br\/es\/","logo":{"@type":"ImageObject","inLanguage":"es","@id":"https:\/\/safras.com.br\/es\/#\/schema\/logo\/image\/","url":"https:\/\/safras.com.br\/es\/wp-content\/uploads\/2023\/01\/cropped-favicon.png","contentUrl":"https:\/\/safras.com.br\/es\/wp-content\/uploads\/2023\/01\/cropped-favicon.png","width":512,"height":512,"caption":"SAFRAS & Mercado"},"image":{"@id":"https:\/\/safras.com.br\/es\/#\/schema\/logo\/image\/"}},{"@type":"Person","@id":"https:\/\/safras.com.br\/es\/#\/schema\/person\/8a6e0df178260e340253292bf04da747","name":"Horacio Vera","image":{"@type":"ImageObject","inLanguage":"es","@id":"https:\/\/safras.com.br\/es\/#\/schema\/person\/image\/","url":"https:\/\/secure.gravatar.com\/avatar\/bc30669cd90fb2e21304f48bfae82357e2f9224933e78600478745d017747a8f?s=96&d=mm&r=g","contentUrl":"https:\/\/secure.gravatar.com\/avatar\/bc30669cd90fb2e21304f48bfae82357e2f9224933e78600478745d017747a8f?s=96&d=mm&r=g","caption":"Horacio Vera"},"url":"https:\/\/safras.com.br\/es\/author\/sf_horacio\/"}]}},"_links":{"self":[{"href":"https:\/\/safras.com.br\/es\/wp-json\/wp\/v2\/posts\/70793","targetHints":{"allow":["GET"]}}],"collection":[{"href":"https:\/\/safras.com.br\/es\/wp-json\/wp\/v2\/posts"}],"about":[{"href":"https:\/\/safras.com.br\/es\/wp-json\/wp\/v2\/types\/post"}],"author":[{"embeddable":true,"href":"https:\/\/safras.com.br\/es\/wp-json\/wp\/v2\/users\/13"}],"replies":[{"embeddable":true,"href":"https:\/\/safras.com.br\/es\/wp-json\/wp\/v2\/comments?post=70793"}],"version-history":[{"count":1,"href":"https:\/\/safras.com.br\/es\/wp-json\/wp\/v2\/posts\/70793\/revisions"}],"predecessor-version":[{"id":70794,"href":"https:\/\/safras.com.br\/es\/wp-json\/wp\/v2\/posts\/70793\/revisions\/70794"}],"wp:featuredmedia":[{"embeddable":true,"href":"https:\/\/safras.com.br\/es\/wp-json\/wp\/v2\/media\/69279"}],"wp:attachment":[{"href":"https:\/\/safras.com.br\/es\/wp-json\/wp\/v2\/media?parent=70793"}],"wp:term":[{"taxonomy":"category","embeddable":true,"href":"https:\/\/safras.com.br\/es\/wp-json\/wp\/v2\/categories?post=70793"},{"taxonomy":"post_tag","embeddable":true,"href":"https:\/\/safras.com.br\/es\/wp-json\/wp\/v2\/tags?post=70793"},{"taxonomy":"commodity","embeddable":true,"href":"https:\/\/safras.com.br\/es\/wp-json\/wp\/v2\/commodity?post=70793"}],"curies":[{"name":"wp","href":"https:\/\/api.w.org\/{rel}","templated":true}]}}