{"id":70766,"date":"2026-09-01T09:30:58","date_gmt":"2026-09-01T12:30:58","guid":{"rendered":"https:\/\/safras.com.br\/es\/?p=70766"},"modified":"2026-09-01T09:30:58","modified_gmt":"2026-09-01T12:30:58","slug":"soja-en-a3-comienza-semana-con-tendencia-bajista-en-los-precios","status":"publish","type":"post","link":"https:\/\/safras.com.br\/es\/soja-en-a3-comienza-semana-con-tendencia-bajista-en-los-precios\/","title":{"rendered":"Soja en A3 comienza semana con tendencia bajista en los precios"},"content":{"rendered":"<p class=\"ql-align-justify\">El mercado local de <a href=\"https:\/\/safras.com.br\/es\/soja-safras-argentina\/\">soja<\/a> en <strong>A3<\/strong> comenz\u00f3 la semana con tendencia bajista en sus precios, donde la posici\u00f3n de noviembre se ubic\u00f3 en 370,50 USD\/tn.<\/p>\n<p class=\"ql-align-justify\">Septiembre cerr\u00f3 en USD\/tn, con baja de 0,27%. <strong>Enero cerr\u00f3 en 372,50 USD\/tn<\/strong>. Mayo cay\u00f3 0,50% y finaliz\u00f3 la jornada en 354,20 USD\/tn. La posici\u00f3n de julio 27 tuvo una baja de 0,24% en 361,30 USD\/tn.<\/p>\n<p class=\"ql-align-justify\">\u00abEl nivel de precios actuales que se observa en el mercado de futuros podr\u00eda disparar operaciones en el disponible, ante la mejora en el margen de molienda de octubre noviembre, debido a la brecha entre posiciones (disponible versus delivery forward)\u00bb, dijeron desde Safras &amp; Mercado.<\/p>\n<p class=\"ql-align-justify\">En el plano internacional y seg\u00fan el <strong>USDA<\/strong>, hasta el 30 de agosto, el <strong>58% estaba entre buenas y excelentes condiciones<\/strong>, el 29% en situaci\u00f3n regular y el 13% en condiciones entre malas y muy malas, para las labores americanas de soja.<\/p>\n","protected":false},"excerpt":{"rendered":"<p>El mercado local de soja en A3 comenz\u00f3 la semana con tendencia bajista en sus precios, donde la posici\u00f3n de noviembre se ubic\u00f3 en 370,50 USD\/tn. Septiembre cerr\u00f3 en USD\/tn, con baja de 0,27%. Enero cerr\u00f3 en 372,50 USD\/tn. Mayo cay\u00f3 0,50% y finaliz\u00f3 la jornada en 354,20 USD\/tn. La posici\u00f3n de julio 27 tuvo [&hellip;]<\/p>\n","protected":false},"author":28,"featured_media":68287,"comment_status":"open","ping_status":"closed","sticky":false,"template":"","format":"standard","meta":{"_acf_changed":false,"footnotes":""},"categories":[267],"tags":[913,372,947,136,332],"commodity":[47],"class_list":["post-70766","post","type-post","status-publish","format-standard","has-post-thumbnail","hentry","category-agronegocio-es","tag-a3","tag-eeuu","tag-futuros","tag-soja","tag-usda-es","commodity-soja"],"acf":[],"yoast_head":"<!-- This site is optimized with the Yoast SEO plugin v26.5 - https:\/\/yoast.com\/wordpress\/plugins\/seo\/ -->\n<title>Soja en A3 comienza semana con tendencia bajista en los precios - SAFRAS &amp; Mercado<\/title>\n<meta name=\"description\" content=\"El mercado local de soja en A3 comenz\u00f3 la semana con tendencia bajista en sus precios y noviembre cierra en 370,50 USD\/tn.\" \/>\n<meta name=\"robots\" content=\"index, follow, max-snippet:-1, max-image-preview:large, max-video-preview:-1\" \/>\n<link rel=\"canonical\" href=\"https:\/\/safras.com.br\/es\/soja-en-a3-comienza-semana-con-tendencia-bajista-en-los-precios\/\" \/>\n<meta property=\"og:locale\" content=\"es_ES\" \/>\n<meta property=\"og:type\" content=\"article\" \/>\n<meta property=\"og:title\" content=\"Soja en A3 comienza semana con tendencia bajista en los precios - SAFRAS &amp; Mercado\" \/>\n<meta property=\"og:description\" content=\"El mercado local de soja en A3 comenz\u00f3 la semana con tendencia bajista en sus precios y noviembre cierra en 370,50 USD\/tn.\" \/>\n<meta property=\"og:url\" content=\"https:\/\/safras.com.br\/es\/soja-en-a3-comienza-semana-con-tendencia-bajista-en-los-precios\/\" \/>\n<meta property=\"og:site_name\" content=\"SAFRAS &amp; Mercado\" \/>\n<meta property=\"article:published_time\" content=\"2026-09-01T12:30:58+00:00\" \/>\n<meta property=\"og:image\" content=\"https:\/\/safras.com.br\/es\/wp-content\/uploads\/2026\/01\/mercado-de-soja.jpg\" \/>\n\t<meta property=\"og:image:width\" content=\"1368\" \/>\n\t<meta property=\"og:image:height\" content=\"784\" \/>\n\t<meta property=\"og:image:type\" content=\"image\/jpeg\" \/>\n<meta name=\"author\" content=\"geronimo kener\" \/>\n<meta name=\"twitter:card\" content=\"summary_large_image\" \/>\n<meta name=\"twitter:label1\" content=\"Escrito por\" \/>\n\t<meta name=\"twitter:data1\" content=\"geronimo kener\" \/>\n\t<meta name=\"twitter:label2\" content=\"Tiempo de lectura\" \/>\n\t<meta name=\"twitter:data2\" content=\"1 minuto\" \/>\n<script type=\"application\/ld+json\" class=\"yoast-schema-graph\">{\"@context\":\"https:\/\/schema.org\",\"@graph\":[{\"@type\":\"Article\",\"@id\":\"https:\/\/safras.com.br\/es\/soja-en-a3-comienza-semana-con-tendencia-bajista-en-los-precios\/#article\",\"isPartOf\":{\"@id\":\"https:\/\/safras.com.br\/es\/soja-en-a3-comienza-semana-con-tendencia-bajista-en-los-precios\/\"},\"author\":{\"name\":\"geronimo kener\",\"@id\":\"https:\/\/safras.com.br\/es\/#\/schema\/person\/3c7009f94cf442d9df6f2cd1eedd0bfd\"},\"headline\":\"Soja en A3 comienza semana con tendencia bajista en los precios\",\"datePublished\":\"2026-09-01T12:30:58+00:00\",\"mainEntityOfPage\":{\"@id\":\"https:\/\/safras.com.br\/es\/soja-en-a3-comienza-semana-con-tendencia-bajista-en-los-precios\/\"},\"wordCount\":158,\"commentCount\":0,\"publisher\":{\"@id\":\"https:\/\/safras.com.br\/es\/#organization\"},\"image\":{\"@id\":\"https:\/\/safras.com.br\/es\/soja-en-a3-comienza-semana-con-tendencia-bajista-en-los-precios\/#primaryimage\"},\"thumbnailUrl\":\"https:\/\/safras.com.br\/es\/wp-content\/uploads\/2026\/01\/mercado-de-soja.jpg\",\"keywords\":[\"a3\",\"eeuu\",\"futuros\",\"Soja\",\"USDA\"],\"articleSection\":[\"Noticias Agronegocio\"],\"inLanguage\":\"es\",\"potentialAction\":[{\"@type\":\"CommentAction\",\"name\":\"Comment\",\"target\":[\"https:\/\/safras.com.br\/es\/soja-en-a3-comienza-semana-con-tendencia-bajista-en-los-precios\/#respond\"]}]},{\"@type\":\"WebPage\",\"@id\":\"https:\/\/safras.com.br\/es\/soja-en-a3-comienza-semana-con-tendencia-bajista-en-los-precios\/\",\"url\":\"https:\/\/safras.com.br\/es\/soja-en-a3-comienza-semana-con-tendencia-bajista-en-los-precios\/\",\"name\":\"Soja en A3 comienza semana con tendencia bajista en los precios - SAFRAS &amp; Mercado\",\"isPartOf\":{\"@id\":\"https:\/\/safras.com.br\/es\/#website\"},\"primaryImageOfPage\":{\"@id\":\"https:\/\/safras.com.br\/es\/soja-en-a3-comienza-semana-con-tendencia-bajista-en-los-precios\/#primaryimage\"},\"image\":{\"@id\":\"https:\/\/safras.com.br\/es\/soja-en-a3-comienza-semana-con-tendencia-bajista-en-los-precios\/#primaryimage\"},\"thumbnailUrl\":\"https:\/\/safras.com.br\/es\/wp-content\/uploads\/2026\/01\/mercado-de-soja.jpg\",\"datePublished\":\"2026-09-01T12:30:58+00:00\",\"description\":\"El mercado local de soja en A3 comenz\u00f3 la semana con tendencia bajista en sus precios y noviembre cierra en 370,50 USD\/tn.\",\"breadcrumb\":{\"@id\":\"https:\/\/safras.com.br\/es\/soja-en-a3-comienza-semana-con-tendencia-bajista-en-los-precios\/#breadcrumb\"},\"inLanguage\":\"es\",\"potentialAction\":[{\"@type\":\"ReadAction\",\"target\":[\"https:\/\/safras.com.br\/es\/soja-en-a3-comienza-semana-con-tendencia-bajista-en-los-precios\/\"]}]},{\"@type\":\"ImageObject\",\"inLanguage\":\"es\",\"@id\":\"https:\/\/safras.com.br\/es\/soja-en-a3-comienza-semana-con-tendencia-bajista-en-los-precios\/#primaryimage\",\"url\":\"https:\/\/safras.com.br\/es\/wp-content\/uploads\/2026\/01\/mercado-de-soja.jpg\",\"contentUrl\":\"https:\/\/safras.com.br\/es\/wp-content\/uploads\/2026\/01\/mercado-de-soja.jpg\",\"width\":1368,\"height\":784,\"caption\":\"mercado de soja\"},{\"@type\":\"BreadcrumbList\",\"@id\":\"https:\/\/safras.com.br\/es\/soja-en-a3-comienza-semana-con-tendencia-bajista-en-los-precios\/#breadcrumb\",\"itemListElement\":[{\"@type\":\"ListItem\",\"position\":1,\"name\":\"Portada\",\"item\":\"https:\/\/safras.com.br\/es\/\"},{\"@type\":\"ListItem\",\"position\":2,\"name\":\"Soja en A3 comienza semana con tendencia bajista en los precios\"}]},{\"@type\":\"WebSite\",\"@id\":\"https:\/\/safras.com.br\/es\/#website\",\"url\":\"https:\/\/safras.com.br\/es\/\",\"name\":\"SAFRAS & Mercado\",\"description\":\"El ecosistema de agronegocios\",\"publisher\":{\"@id\":\"https:\/\/safras.com.br\/es\/#organization\"},\"potentialAction\":[{\"@type\":\"SearchAction\",\"target\":{\"@type\":\"EntryPoint\",\"urlTemplate\":\"https:\/\/safras.com.br\/es\/?s={search_term_string}\"},\"query-input\":{\"@type\":\"PropertyValueSpecification\",\"valueRequired\":true,\"valueName\":\"search_term_string\"}}],\"inLanguage\":\"es\"},{\"@type\":\"Organization\",\"@id\":\"https:\/\/safras.com.br\/es\/#organization\",\"name\":\"SAFRAS & Mercado\",\"url\":\"https:\/\/safras.com.br\/es\/\",\"logo\":{\"@type\":\"ImageObject\",\"inLanguage\":\"es\",\"@id\":\"https:\/\/safras.com.br\/es\/#\/schema\/logo\/image\/\",\"url\":\"https:\/\/safras.com.br\/es\/wp-content\/uploads\/2023\/01\/cropped-favicon.png\",\"contentUrl\":\"https:\/\/safras.com.br\/es\/wp-content\/uploads\/2023\/01\/cropped-favicon.png\",\"width\":512,\"height\":512,\"caption\":\"SAFRAS & Mercado\"},\"image\":{\"@id\":\"https:\/\/safras.com.br\/es\/#\/schema\/logo\/image\/\"}},{\"@type\":\"Person\",\"@id\":\"https:\/\/safras.com.br\/es\/#\/schema\/person\/3c7009f94cf442d9df6f2cd1eedd0bfd\",\"name\":\"geronimo kener\",\"image\":{\"@type\":\"ImageObject\",\"inLanguage\":\"es\",\"@id\":\"https:\/\/safras.com.br\/es\/#\/schema\/person\/image\/\",\"url\":\"https:\/\/secure.gravatar.com\/avatar\/97803e93b95c46f5640aea59976da81aba4ba2ddb9a9f119122d0a068646612f?s=96&d=mm&r=g\",\"contentUrl\":\"https:\/\/secure.gravatar.com\/avatar\/97803e93b95c46f5640aea59976da81aba4ba2ddb9a9f119122d0a068646612f?s=96&d=mm&r=g\",\"caption\":\"geronimo kener\"},\"sameAs\":[\"http:\/\/safras.com.br\/es\"],\"url\":\"https:\/\/safras.com.br\/es\/author\/geronimo-kener\/\"}]}<\/script>\n<!-- \/ Yoast SEO plugin. -->","yoast_head_json":{"title":"Soja en A3 comienza semana con tendencia bajista en los precios - SAFRAS &amp; Mercado","description":"El mercado local de soja en A3 comenz\u00f3 la semana con tendencia bajista en sus precios y noviembre cierra en 370,50 USD\/tn.","robots":{"index":"index","follow":"follow","max-snippet":"max-snippet:-1","max-image-preview":"max-image-preview:large","max-video-preview":"max-video-preview:-1"},"canonical":"https:\/\/safras.com.br\/es\/soja-en-a3-comienza-semana-con-tendencia-bajista-en-los-precios\/","og_locale":"es_ES","og_type":"article","og_title":"Soja en A3 comienza semana con tendencia bajista en los precios - SAFRAS &amp; Mercado","og_description":"El mercado local de soja en A3 comenz\u00f3 la semana con tendencia bajista en sus precios y noviembre cierra en 370,50 USD\/tn.","og_url":"https:\/\/safras.com.br\/es\/soja-en-a3-comienza-semana-con-tendencia-bajista-en-los-precios\/","og_site_name":"SAFRAS &amp; Mercado","article_published_time":"2026-09-01T12:30:58+00:00","og_image":[{"width":1368,"height":784,"url":"https:\/\/safras.com.br\/es\/wp-content\/uploads\/2026\/01\/mercado-de-soja.jpg","type":"image\/jpeg"}],"author":"geronimo kener","twitter_card":"summary_large_image","twitter_misc":{"Escrito por":"geronimo kener","Tiempo de lectura":"1 minuto"},"schema":{"@context":"https:\/\/schema.org","@graph":[{"@type":"Article","@id":"https:\/\/safras.com.br\/es\/soja-en-a3-comienza-semana-con-tendencia-bajista-en-los-precios\/#article","isPartOf":{"@id":"https:\/\/safras.com.br\/es\/soja-en-a3-comienza-semana-con-tendencia-bajista-en-los-precios\/"},"author":{"name":"geronimo kener","@id":"https:\/\/safras.com.br\/es\/#\/schema\/person\/3c7009f94cf442d9df6f2cd1eedd0bfd"},"headline":"Soja en A3 comienza semana con tendencia bajista en los precios","datePublished":"2026-09-01T12:30:58+00:00","mainEntityOfPage":{"@id":"https:\/\/safras.com.br\/es\/soja-en-a3-comienza-semana-con-tendencia-bajista-en-los-precios\/"},"wordCount":158,"commentCount":0,"publisher":{"@id":"https:\/\/safras.com.br\/es\/#organization"},"image":{"@id":"https:\/\/safras.com.br\/es\/soja-en-a3-comienza-semana-con-tendencia-bajista-en-los-precios\/#primaryimage"},"thumbnailUrl":"https:\/\/safras.com.br\/es\/wp-content\/uploads\/2026\/01\/mercado-de-soja.jpg","keywords":["a3","eeuu","futuros","Soja","USDA"],"articleSection":["Noticias Agronegocio"],"inLanguage":"es","potentialAction":[{"@type":"CommentAction","name":"Comment","target":["https:\/\/safras.com.br\/es\/soja-en-a3-comienza-semana-con-tendencia-bajista-en-los-precios\/#respond"]}]},{"@type":"WebPage","@id":"https:\/\/safras.com.br\/es\/soja-en-a3-comienza-semana-con-tendencia-bajista-en-los-precios\/","url":"https:\/\/safras.com.br\/es\/soja-en-a3-comienza-semana-con-tendencia-bajista-en-los-precios\/","name":"Soja en A3 comienza semana con tendencia bajista en los precios - SAFRAS &amp; Mercado","isPartOf":{"@id":"https:\/\/safras.com.br\/es\/#website"},"primaryImageOfPage":{"@id":"https:\/\/safras.com.br\/es\/soja-en-a3-comienza-semana-con-tendencia-bajista-en-los-precios\/#primaryimage"},"image":{"@id":"https:\/\/safras.com.br\/es\/soja-en-a3-comienza-semana-con-tendencia-bajista-en-los-precios\/#primaryimage"},"thumbnailUrl":"https:\/\/safras.com.br\/es\/wp-content\/uploads\/2026\/01\/mercado-de-soja.jpg","datePublished":"2026-09-01T12:30:58+00:00","description":"El mercado local de soja en A3 comenz\u00f3 la semana con tendencia bajista en sus precios y noviembre cierra en 370,50 USD\/tn.","breadcrumb":{"@id":"https:\/\/safras.com.br\/es\/soja-en-a3-comienza-semana-con-tendencia-bajista-en-los-precios\/#breadcrumb"},"inLanguage":"es","potentialAction":[{"@type":"ReadAction","target":["https:\/\/safras.com.br\/es\/soja-en-a3-comienza-semana-con-tendencia-bajista-en-los-precios\/"]}]},{"@type":"ImageObject","inLanguage":"es","@id":"https:\/\/safras.com.br\/es\/soja-en-a3-comienza-semana-con-tendencia-bajista-en-los-precios\/#primaryimage","url":"https:\/\/safras.com.br\/es\/wp-content\/uploads\/2026\/01\/mercado-de-soja.jpg","contentUrl":"https:\/\/safras.com.br\/es\/wp-content\/uploads\/2026\/01\/mercado-de-soja.jpg","width":1368,"height":784,"caption":"mercado de soja"},{"@type":"BreadcrumbList","@id":"https:\/\/safras.com.br\/es\/soja-en-a3-comienza-semana-con-tendencia-bajista-en-los-precios\/#breadcrumb","itemListElement":[{"@type":"ListItem","position":1,"name":"Portada","item":"https:\/\/safras.com.br\/es\/"},{"@type":"ListItem","position":2,"name":"Soja en A3 comienza semana con tendencia bajista en los precios"}]},{"@type":"WebSite","@id":"https:\/\/safras.com.br\/es\/#website","url":"https:\/\/safras.com.br\/es\/","name":"SAFRAS & Mercado","description":"El ecosistema de agronegocios","publisher":{"@id":"https:\/\/safras.com.br\/es\/#organization"},"potentialAction":[{"@type":"SearchAction","target":{"@type":"EntryPoint","urlTemplate":"https:\/\/safras.com.br\/es\/?s={search_term_string}"},"query-input":{"@type":"PropertyValueSpecification","valueRequired":true,"valueName":"search_term_string"}}],"inLanguage":"es"},{"@type":"Organization","@id":"https:\/\/safras.com.br\/es\/#organization","name":"SAFRAS & Mercado","url":"https:\/\/safras.com.br\/es\/","logo":{"@type":"ImageObject","inLanguage":"es","@id":"https:\/\/safras.com.br\/es\/#\/schema\/logo\/image\/","url":"https:\/\/safras.com.br\/es\/wp-content\/uploads\/2023\/01\/cropped-favicon.png","contentUrl":"https:\/\/safras.com.br\/es\/wp-content\/uploads\/2023\/01\/cropped-favicon.png","width":512,"height":512,"caption":"SAFRAS & Mercado"},"image":{"@id":"https:\/\/safras.com.br\/es\/#\/schema\/logo\/image\/"}},{"@type":"Person","@id":"https:\/\/safras.com.br\/es\/#\/schema\/person\/3c7009f94cf442d9df6f2cd1eedd0bfd","name":"geronimo kener","image":{"@type":"ImageObject","inLanguage":"es","@id":"https:\/\/safras.com.br\/es\/#\/schema\/person\/image\/","url":"https:\/\/secure.gravatar.com\/avatar\/97803e93b95c46f5640aea59976da81aba4ba2ddb9a9f119122d0a068646612f?s=96&d=mm&r=g","contentUrl":"https:\/\/secure.gravatar.com\/avatar\/97803e93b95c46f5640aea59976da81aba4ba2ddb9a9f119122d0a068646612f?s=96&d=mm&r=g","caption":"geronimo kener"},"sameAs":["http:\/\/safras.com.br\/es"],"url":"https:\/\/safras.com.br\/es\/author\/geronimo-kener\/"}]}},"_links":{"self":[{"href":"https:\/\/safras.com.br\/es\/wp-json\/wp\/v2\/posts\/70766","targetHints":{"allow":["GET"]}}],"collection":[{"href":"https:\/\/safras.com.br\/es\/wp-json\/wp\/v2\/posts"}],"about":[{"href":"https:\/\/safras.com.br\/es\/wp-json\/wp\/v2\/types\/post"}],"author":[{"embeddable":true,"href":"https:\/\/safras.com.br\/es\/wp-json\/wp\/v2\/users\/28"}],"replies":[{"embeddable":true,"href":"https:\/\/safras.com.br\/es\/wp-json\/wp\/v2\/comments?post=70766"}],"version-history":[{"count":1,"href":"https:\/\/safras.com.br\/es\/wp-json\/wp\/v2\/posts\/70766\/revisions"}],"predecessor-version":[{"id":70767,"href":"https:\/\/safras.com.br\/es\/wp-json\/wp\/v2\/posts\/70766\/revisions\/70767"}],"wp:featuredmedia":[{"embeddable":true,"href":"https:\/\/safras.com.br\/es\/wp-json\/wp\/v2\/media\/68287"}],"wp:attachment":[{"href":"https:\/\/safras.com.br\/es\/wp-json\/wp\/v2\/media?parent=70766"}],"wp:term":[{"taxonomy":"category","embeddable":true,"href":"https:\/\/safras.com.br\/es\/wp-json\/wp\/v2\/categories?post=70766"},{"taxonomy":"post_tag","embeddable":true,"href":"https:\/\/safras.com.br\/es\/wp-json\/wp\/v2\/tags?post=70766"},{"taxonomy":"commodity","embeddable":true,"href":"https:\/\/safras.com.br\/es\/wp-json\/wp\/v2\/commodity?post=70766"}],"curies":[{"name":"wp","href":"https:\/\/api.w.org\/{rel}","templated":true}]}}