{"id":70762,"date":"2026-08-31T14:16:29","date_gmt":"2026-08-31T17:16:29","guid":{"rendered":"https:\/\/safras.com.br\/es\/?p=70762"},"modified":"2026-08-31T14:16:29","modified_gmt":"2026-08-31T17:16:29","slug":"reposicion-de-fertilizantes-se-mantiene-activa-de-cara-a-siembra-26-27","status":"publish","type":"post","link":"https:\/\/safras.com.br\/es\/reposicion-de-fertilizantes-se-mantiene-activa-de-cara-a-siembra-26-27\/","title":{"rendered":"Reposici\u00f3n de fertilizantes se mantiene activa de cara a siembra 26\/27"},"content":{"rendered":"<p>Seg\u00fan el reporte semanal de<strong> Ingenier\u00eda en Fertilizantes<\/strong>, la demanda de reposici\u00f3n de fertilizantes se mantiene activa de cara a la ventana de siembra, aunque los importadores siguen evitando convalidar las ofertas m\u00e1s agresivas de origen chino.<\/p>\n<p>En fosfatados,<strong> el DAP\/MAP CFR Argentina permanece completamente plano<\/strong> en US$880-900\/t, en un mercado pr\u00e1cticamente paralizado, seg\u00fan el informe.<\/p>\n<p>En tanto, la log\u00edstica de siembra de ma\u00edz todav\u00eda no tracciona negocios de magnitud y la refertilizaci\u00f3n de trigo y cebada no alcanza para sostener un pulso sostenido. El impulso que hab\u00eda mostrado la semana pasada no logr\u00f3 continuidad debido a las lluvias.<\/p>\n<p>\u00abLas malas relaciones de precios de los fertilizantes fosfatados siguen siendo la principal preocupaci\u00f3n del sector: al igual que en la fina, el productor argentino no convalida estos valores, no por capricho, sino por los ajustados m\u00e1rgenes que dejan los altos costos de producci\u00f3n\u00bb, indican los especialistas.<\/p>\n<p>Por el lado de los precios, la semana volvi\u00f3 a cerrar sin cambios, tanto a nivel local como en la plaza de importaci\u00f3n: la urea se mantuvo en US$555-570\/t FCA y el DAP\/MAP en torno a US$990-1.025\/t FCA (granel puesto en cami\u00f3n en puerto).<\/p>\n<p>&nbsp;<\/p>\n","protected":false},"excerpt":{"rendered":"<p>Seg\u00fan el reporte semanal de Ingenier\u00eda en Fertilizantes, la demanda de reposici\u00f3n de fertilizantes se mantiene activa de cara a la ventana de siembra, aunque los importadores siguen evitando convalidar las ofertas m\u00e1s agresivas de origen chino. En fosfatados, el DAP\/MAP CFR Argentina permanece completamente plano en US$880-900\/t, en un mercado pr\u00e1cticamente paralizado, seg\u00fan el [&hellip;]<\/p>\n","protected":false},"author":19,"featured_media":65621,"comment_status":"open","ping_status":"closed","sticky":false,"template":"","format":"standard","meta":{"_acf_changed":false,"footnotes":""},"categories":[267],"tags":[292,373,714],"commodity":[44],"class_list":["post-70762","post","type-post","status-publish","format-standard","has-post-thumbnail","hentry","category-agronegocio-es","tag-fertilizantes","tag-siembra-es","tag-urea","commodity-fertilizantes"],"acf":[],"yoast_head":"<!-- This site is optimized with the Yoast SEO plugin v26.5 - https:\/\/yoast.com\/wordpress\/plugins\/seo\/ -->\n<title>Reposici\u00f3n de fertilizantes se mantiene activa de cara a siembra<\/title>\n<meta name=\"robots\" content=\"index, follow, max-snippet:-1, max-image-preview:large, max-video-preview:-1\" \/>\n<link rel=\"canonical\" href=\"https:\/\/safras.com.br\/es\/reposicion-de-fertilizantes-se-mantiene-activa-de-cara-a-siembra-26-27\/\" \/>\n<meta property=\"og:locale\" content=\"es_ES\" \/>\n<meta property=\"og:type\" content=\"article\" \/>\n<meta property=\"og:title\" content=\"Reposici\u00f3n de fertilizantes se mantiene activa de cara a siembra\" \/>\n<meta property=\"og:description\" content=\"Seg\u00fan el reporte semanal de Ingenier\u00eda en Fertilizantes, la demanda de reposici\u00f3n de fertilizantes se mantiene activa de cara a la ventana de siembra, aunque los importadores siguen evitando convalidar las ofertas m\u00e1s agresivas de origen chino. En fosfatados, el DAP\/MAP CFR Argentina permanece completamente plano en US$880-900\/t, en un mercado pr\u00e1cticamente paralizado, seg\u00fan el [&hellip;]\" \/>\n<meta property=\"og:url\" content=\"https:\/\/safras.com.br\/es\/reposicion-de-fertilizantes-se-mantiene-activa-de-cara-a-siembra-26-27\/\" \/>\n<meta property=\"og:site_name\" content=\"SAFRAS &amp; Mercado\" \/>\n<meta property=\"article:published_time\" content=\"2026-08-31T17:16:29+00:00\" \/>\n<meta property=\"og:image\" content=\"https:\/\/safras.com.br\/es\/wp-content\/uploads\/2025\/05\/Fertilizantes-Pixabay.jpg\" \/>\n\t<meta property=\"og:image:width\" content=\"1280\" \/>\n\t<meta property=\"og:image:height\" content=\"853\" \/>\n\t<meta property=\"og:image:type\" content=\"image\/jpeg\" \/>\n<meta name=\"author\" content=\"Julieta Marino\" \/>\n<meta name=\"twitter:card\" content=\"summary_large_image\" \/>\n<meta name=\"twitter:label1\" content=\"Escrito por\" \/>\n\t<meta name=\"twitter:data1\" content=\"Julieta Marino\" \/>\n\t<meta name=\"twitter:label2\" content=\"Tiempo de lectura\" \/>\n\t<meta name=\"twitter:data2\" content=\"2 minutos\" \/>\n<script type=\"application\/ld+json\" class=\"yoast-schema-graph\">{\"@context\":\"https:\/\/schema.org\",\"@graph\":[{\"@type\":\"Article\",\"@id\":\"https:\/\/safras.com.br\/es\/reposicion-de-fertilizantes-se-mantiene-activa-de-cara-a-siembra-26-27\/#article\",\"isPartOf\":{\"@id\":\"https:\/\/safras.com.br\/es\/reposicion-de-fertilizantes-se-mantiene-activa-de-cara-a-siembra-26-27\/\"},\"author\":{\"name\":\"Julieta Marino\",\"@id\":\"https:\/\/safras.com.br\/es\/#\/schema\/person\/3416d9a13f71584c19d44af415b80774\"},\"headline\":\"Reposici\u00f3n de fertilizantes se mantiene activa de cara a siembra 26\/27\",\"datePublished\":\"2026-08-31T17:16:29+00:00\",\"mainEntityOfPage\":{\"@id\":\"https:\/\/safras.com.br\/es\/reposicion-de-fertilizantes-se-mantiene-activa-de-cara-a-siembra-26-27\/\"},\"wordCount\":226,\"commentCount\":0,\"publisher\":{\"@id\":\"https:\/\/safras.com.br\/es\/#organization\"},\"image\":{\"@id\":\"https:\/\/safras.com.br\/es\/reposicion-de-fertilizantes-se-mantiene-activa-de-cara-a-siembra-26-27\/#primaryimage\"},\"thumbnailUrl\":\"https:\/\/safras.com.br\/es\/wp-content\/uploads\/2025\/05\/Fertilizantes-Pixabay.jpg\",\"keywords\":[\"Fertilizantes\",\"siembra\",\"UREA\"],\"articleSection\":[\"Noticias Agronegocio\"],\"inLanguage\":\"es\",\"potentialAction\":[{\"@type\":\"CommentAction\",\"name\":\"Comment\",\"target\":[\"https:\/\/safras.com.br\/es\/reposicion-de-fertilizantes-se-mantiene-activa-de-cara-a-siembra-26-27\/#respond\"]}]},{\"@type\":\"WebPage\",\"@id\":\"https:\/\/safras.com.br\/es\/reposicion-de-fertilizantes-se-mantiene-activa-de-cara-a-siembra-26-27\/\",\"url\":\"https:\/\/safras.com.br\/es\/reposicion-de-fertilizantes-se-mantiene-activa-de-cara-a-siembra-26-27\/\",\"name\":\"Reposici\u00f3n de fertilizantes se mantiene activa de cara a siembra\",\"isPartOf\":{\"@id\":\"https:\/\/safras.com.br\/es\/#website\"},\"primaryImageOfPage\":{\"@id\":\"https:\/\/safras.com.br\/es\/reposicion-de-fertilizantes-se-mantiene-activa-de-cara-a-siembra-26-27\/#primaryimage\"},\"image\":{\"@id\":\"https:\/\/safras.com.br\/es\/reposicion-de-fertilizantes-se-mantiene-activa-de-cara-a-siembra-26-27\/#primaryimage\"},\"thumbnailUrl\":\"https:\/\/safras.com.br\/es\/wp-content\/uploads\/2025\/05\/Fertilizantes-Pixabay.jpg\",\"datePublished\":\"2026-08-31T17:16:29+00:00\",\"breadcrumb\":{\"@id\":\"https:\/\/safras.com.br\/es\/reposicion-de-fertilizantes-se-mantiene-activa-de-cara-a-siembra-26-27\/#breadcrumb\"},\"inLanguage\":\"es\",\"potentialAction\":[{\"@type\":\"ReadAction\",\"target\":[\"https:\/\/safras.com.br\/es\/reposicion-de-fertilizantes-se-mantiene-activa-de-cara-a-siembra-26-27\/\"]}]},{\"@type\":\"ImageObject\",\"inLanguage\":\"es\",\"@id\":\"https:\/\/safras.com.br\/es\/reposicion-de-fertilizantes-se-mantiene-activa-de-cara-a-siembra-26-27\/#primaryimage\",\"url\":\"https:\/\/safras.com.br\/es\/wp-content\/uploads\/2025\/05\/Fertilizantes-Pixabay.jpg\",\"contentUrl\":\"https:\/\/safras.com.br\/es\/wp-content\/uploads\/2025\/05\/Fertilizantes-Pixabay.jpg\",\"width\":1280,\"height\":853,\"caption\":\"Fertilizantes Pixabay\"},{\"@type\":\"BreadcrumbList\",\"@id\":\"https:\/\/safras.com.br\/es\/reposicion-de-fertilizantes-se-mantiene-activa-de-cara-a-siembra-26-27\/#breadcrumb\",\"itemListElement\":[{\"@type\":\"ListItem\",\"position\":1,\"name\":\"Portada\",\"item\":\"https:\/\/safras.com.br\/es\/\"},{\"@type\":\"ListItem\",\"position\":2,\"name\":\"Reposici\u00f3n de fertilizantes se mantiene activa de cara a siembra 26\/27\"}]},{\"@type\":\"WebSite\",\"@id\":\"https:\/\/safras.com.br\/es\/#website\",\"url\":\"https:\/\/safras.com.br\/es\/\",\"name\":\"SAFRAS & Mercado\",\"description\":\"El ecosistema de agronegocios\",\"publisher\":{\"@id\":\"https:\/\/safras.com.br\/es\/#organization\"},\"potentialAction\":[{\"@type\":\"SearchAction\",\"target\":{\"@type\":\"EntryPoint\",\"urlTemplate\":\"https:\/\/safras.com.br\/es\/?s={search_term_string}\"},\"query-input\":{\"@type\":\"PropertyValueSpecification\",\"valueRequired\":true,\"valueName\":\"search_term_string\"}}],\"inLanguage\":\"es\"},{\"@type\":\"Organization\",\"@id\":\"https:\/\/safras.com.br\/es\/#organization\",\"name\":\"SAFRAS & Mercado\",\"url\":\"https:\/\/safras.com.br\/es\/\",\"logo\":{\"@type\":\"ImageObject\",\"inLanguage\":\"es\",\"@id\":\"https:\/\/safras.com.br\/es\/#\/schema\/logo\/image\/\",\"url\":\"https:\/\/safras.com.br\/es\/wp-content\/uploads\/2023\/01\/cropped-favicon.png\",\"contentUrl\":\"https:\/\/safras.com.br\/es\/wp-content\/uploads\/2023\/01\/cropped-favicon.png\",\"width\":512,\"height\":512,\"caption\":\"SAFRAS & Mercado\"},\"image\":{\"@id\":\"https:\/\/safras.com.br\/es\/#\/schema\/logo\/image\/\"}},{\"@type\":\"Person\",\"@id\":\"https:\/\/safras.com.br\/es\/#\/schema\/person\/3416d9a13f71584c19d44af415b80774\",\"name\":\"Julieta Marino\",\"image\":{\"@type\":\"ImageObject\",\"inLanguage\":\"es\",\"@id\":\"https:\/\/safras.com.br\/es\/#\/schema\/person\/image\/\",\"url\":\"https:\/\/secure.gravatar.com\/avatar\/edb9a909cb969bf70267c5bad4733db348b286011e3a47666fcbe2263cd5c089?s=96&d=mm&r=g\",\"contentUrl\":\"https:\/\/secure.gravatar.com\/avatar\/edb9a909cb969bf70267c5bad4733db348b286011e3a47666fcbe2263cd5c089?s=96&d=mm&r=g\",\"caption\":\"Julieta Marino\"},\"url\":\"https:\/\/safras.com.br\/es\/author\/sf_julieta\/\"}]}<\/script>\n<!-- \/ Yoast SEO plugin. -->","yoast_head_json":{"title":"Reposici\u00f3n de fertilizantes se mantiene activa de cara a siembra","robots":{"index":"index","follow":"follow","max-snippet":"max-snippet:-1","max-image-preview":"max-image-preview:large","max-video-preview":"max-video-preview:-1"},"canonical":"https:\/\/safras.com.br\/es\/reposicion-de-fertilizantes-se-mantiene-activa-de-cara-a-siembra-26-27\/","og_locale":"es_ES","og_type":"article","og_title":"Reposici\u00f3n de fertilizantes se mantiene activa de cara a siembra","og_description":"Seg\u00fan el reporte semanal de Ingenier\u00eda en Fertilizantes, la demanda de reposici\u00f3n de fertilizantes se mantiene activa de cara a la ventana de siembra, aunque los importadores siguen evitando convalidar las ofertas m\u00e1s agresivas de origen chino. En fosfatados, el DAP\/MAP CFR Argentina permanece completamente plano en US$880-900\/t, en un mercado pr\u00e1cticamente paralizado, seg\u00fan el [&hellip;]","og_url":"https:\/\/safras.com.br\/es\/reposicion-de-fertilizantes-se-mantiene-activa-de-cara-a-siembra-26-27\/","og_site_name":"SAFRAS &amp; Mercado","article_published_time":"2026-08-31T17:16:29+00:00","og_image":[{"width":1280,"height":853,"url":"https:\/\/safras.com.br\/es\/wp-content\/uploads\/2025\/05\/Fertilizantes-Pixabay.jpg","type":"image\/jpeg"}],"author":"Julieta Marino","twitter_card":"summary_large_image","twitter_misc":{"Escrito por":"Julieta Marino","Tiempo de lectura":"2 minutos"},"schema":{"@context":"https:\/\/schema.org","@graph":[{"@type":"Article","@id":"https:\/\/safras.com.br\/es\/reposicion-de-fertilizantes-se-mantiene-activa-de-cara-a-siembra-26-27\/#article","isPartOf":{"@id":"https:\/\/safras.com.br\/es\/reposicion-de-fertilizantes-se-mantiene-activa-de-cara-a-siembra-26-27\/"},"author":{"name":"Julieta Marino","@id":"https:\/\/safras.com.br\/es\/#\/schema\/person\/3416d9a13f71584c19d44af415b80774"},"headline":"Reposici\u00f3n de fertilizantes se mantiene activa de cara a siembra 26\/27","datePublished":"2026-08-31T17:16:29+00:00","mainEntityOfPage":{"@id":"https:\/\/safras.com.br\/es\/reposicion-de-fertilizantes-se-mantiene-activa-de-cara-a-siembra-26-27\/"},"wordCount":226,"commentCount":0,"publisher":{"@id":"https:\/\/safras.com.br\/es\/#organization"},"image":{"@id":"https:\/\/safras.com.br\/es\/reposicion-de-fertilizantes-se-mantiene-activa-de-cara-a-siembra-26-27\/#primaryimage"},"thumbnailUrl":"https:\/\/safras.com.br\/es\/wp-content\/uploads\/2025\/05\/Fertilizantes-Pixabay.jpg","keywords":["Fertilizantes","siembra","UREA"],"articleSection":["Noticias Agronegocio"],"inLanguage":"es","potentialAction":[{"@type":"CommentAction","name":"Comment","target":["https:\/\/safras.com.br\/es\/reposicion-de-fertilizantes-se-mantiene-activa-de-cara-a-siembra-26-27\/#respond"]}]},{"@type":"WebPage","@id":"https:\/\/safras.com.br\/es\/reposicion-de-fertilizantes-se-mantiene-activa-de-cara-a-siembra-26-27\/","url":"https:\/\/safras.com.br\/es\/reposicion-de-fertilizantes-se-mantiene-activa-de-cara-a-siembra-26-27\/","name":"Reposici\u00f3n de fertilizantes se mantiene activa de cara a siembra","isPartOf":{"@id":"https:\/\/safras.com.br\/es\/#website"},"primaryImageOfPage":{"@id":"https:\/\/safras.com.br\/es\/reposicion-de-fertilizantes-se-mantiene-activa-de-cara-a-siembra-26-27\/#primaryimage"},"image":{"@id":"https:\/\/safras.com.br\/es\/reposicion-de-fertilizantes-se-mantiene-activa-de-cara-a-siembra-26-27\/#primaryimage"},"thumbnailUrl":"https:\/\/safras.com.br\/es\/wp-content\/uploads\/2025\/05\/Fertilizantes-Pixabay.jpg","datePublished":"2026-08-31T17:16:29+00:00","breadcrumb":{"@id":"https:\/\/safras.com.br\/es\/reposicion-de-fertilizantes-se-mantiene-activa-de-cara-a-siembra-26-27\/#breadcrumb"},"inLanguage":"es","potentialAction":[{"@type":"ReadAction","target":["https:\/\/safras.com.br\/es\/reposicion-de-fertilizantes-se-mantiene-activa-de-cara-a-siembra-26-27\/"]}]},{"@type":"ImageObject","inLanguage":"es","@id":"https:\/\/safras.com.br\/es\/reposicion-de-fertilizantes-se-mantiene-activa-de-cara-a-siembra-26-27\/#primaryimage","url":"https:\/\/safras.com.br\/es\/wp-content\/uploads\/2025\/05\/Fertilizantes-Pixabay.jpg","contentUrl":"https:\/\/safras.com.br\/es\/wp-content\/uploads\/2025\/05\/Fertilizantes-Pixabay.jpg","width":1280,"height":853,"caption":"Fertilizantes Pixabay"},{"@type":"BreadcrumbList","@id":"https:\/\/safras.com.br\/es\/reposicion-de-fertilizantes-se-mantiene-activa-de-cara-a-siembra-26-27\/#breadcrumb","itemListElement":[{"@type":"ListItem","position":1,"name":"Portada","item":"https:\/\/safras.com.br\/es\/"},{"@type":"ListItem","position":2,"name":"Reposici\u00f3n de fertilizantes se mantiene activa de cara a siembra 26\/27"}]},{"@type":"WebSite","@id":"https:\/\/safras.com.br\/es\/#website","url":"https:\/\/safras.com.br\/es\/","name":"SAFRAS & Mercado","description":"El ecosistema de agronegocios","publisher":{"@id":"https:\/\/safras.com.br\/es\/#organization"},"potentialAction":[{"@type":"SearchAction","target":{"@type":"EntryPoint","urlTemplate":"https:\/\/safras.com.br\/es\/?s={search_term_string}"},"query-input":{"@type":"PropertyValueSpecification","valueRequired":true,"valueName":"search_term_string"}}],"inLanguage":"es"},{"@type":"Organization","@id":"https:\/\/safras.com.br\/es\/#organization","name":"SAFRAS & Mercado","url":"https:\/\/safras.com.br\/es\/","logo":{"@type":"ImageObject","inLanguage":"es","@id":"https:\/\/safras.com.br\/es\/#\/schema\/logo\/image\/","url":"https:\/\/safras.com.br\/es\/wp-content\/uploads\/2023\/01\/cropped-favicon.png","contentUrl":"https:\/\/safras.com.br\/es\/wp-content\/uploads\/2023\/01\/cropped-favicon.png","width":512,"height":512,"caption":"SAFRAS & Mercado"},"image":{"@id":"https:\/\/safras.com.br\/es\/#\/schema\/logo\/image\/"}},{"@type":"Person","@id":"https:\/\/safras.com.br\/es\/#\/schema\/person\/3416d9a13f71584c19d44af415b80774","name":"Julieta Marino","image":{"@type":"ImageObject","inLanguage":"es","@id":"https:\/\/safras.com.br\/es\/#\/schema\/person\/image\/","url":"https:\/\/secure.gravatar.com\/avatar\/edb9a909cb969bf70267c5bad4733db348b286011e3a47666fcbe2263cd5c089?s=96&d=mm&r=g","contentUrl":"https:\/\/secure.gravatar.com\/avatar\/edb9a909cb969bf70267c5bad4733db348b286011e3a47666fcbe2263cd5c089?s=96&d=mm&r=g","caption":"Julieta Marino"},"url":"https:\/\/safras.com.br\/es\/author\/sf_julieta\/"}]}},"_links":{"self":[{"href":"https:\/\/safras.com.br\/es\/wp-json\/wp\/v2\/posts\/70762","targetHints":{"allow":["GET"]}}],"collection":[{"href":"https:\/\/safras.com.br\/es\/wp-json\/wp\/v2\/posts"}],"about":[{"href":"https:\/\/safras.com.br\/es\/wp-json\/wp\/v2\/types\/post"}],"author":[{"embeddable":true,"href":"https:\/\/safras.com.br\/es\/wp-json\/wp\/v2\/users\/19"}],"replies":[{"embeddable":true,"href":"https:\/\/safras.com.br\/es\/wp-json\/wp\/v2\/comments?post=70762"}],"version-history":[{"count":1,"href":"https:\/\/safras.com.br\/es\/wp-json\/wp\/v2\/posts\/70762\/revisions"}],"predecessor-version":[{"id":70763,"href":"https:\/\/safras.com.br\/es\/wp-json\/wp\/v2\/posts\/70762\/revisions\/70763"}],"wp:featuredmedia":[{"embeddable":true,"href":"https:\/\/safras.com.br\/es\/wp-json\/wp\/v2\/media\/65621"}],"wp:attachment":[{"href":"https:\/\/safras.com.br\/es\/wp-json\/wp\/v2\/media?parent=70762"}],"wp:term":[{"taxonomy":"category","embeddable":true,"href":"https:\/\/safras.com.br\/es\/wp-json\/wp\/v2\/categories?post=70762"},{"taxonomy":"post_tag","embeddable":true,"href":"https:\/\/safras.com.br\/es\/wp-json\/wp\/v2\/tags?post=70762"},{"taxonomy":"commodity","embeddable":true,"href":"https:\/\/safras.com.br\/es\/wp-json\/wp\/v2\/commodity?post=70762"}],"curies":[{"name":"wp","href":"https:\/\/api.w.org\/{rel}","templated":true}]}}