{"id":70759,"date":"2026-08-31T12:26:43","date_gmt":"2026-08-31T15:26:43","guid":{"rendered":"https:\/\/safras.com.br\/es\/?p=70759"},"modified":"2026-08-31T12:26:43","modified_gmt":"2026-08-31T15:26:43","slug":"mora-crediticia-familias-record-julio-1816","status":"publish","type":"post","link":"https:\/\/safras.com.br\/es\/mora-crediticia-familias-record-julio-1816\/","title":{"rendered":"Mora familiar en Argentina crece a nivel r\u00e9cord en julio &#8211; 1816"},"content":{"rendered":"<div id=\"model-response-message-contentr_be3e25656a167937\" class=\"markdown markdown-main-panel md-content enable-luminous-fast-follows enable-updated-hr-color stronger\" dir=\"ltr\" aria-busy=\"false\" aria-live=\"polite\">\n<div>\n<div id=\"model-response-message-contentr_f4ba92ece6607b4d\" class=\"markdown markdown-main-panel md-content enable-luminous-fast-follows enable-updated-hr-color stronger\" dir=\"ltr\" aria-busy=\"false\" aria-live=\"polite\">\n<div>La <b data-path-to-node=\"1\" data-index-in-node=\"3\">mora crediticia<\/b> de los hogares alcanz\u00f3 un nivel r\u00e9cord del 12,94% en julio, seg\u00fan revel\u00f3 un informe de la consultora 1816 en base a datos oficiales del Banco Central. El deterioro en los presupuestos familiares provoc\u00f3 que 5,9 millones de personas registraran atrasos superiores a 90 d\u00edas en sus compromisos financieros.<\/div>\n<div><\/div>\n<div>La <b data-path-to-node=\"3\" data-index-in-node=\"3\">mora crediticia<\/b> general del sector privado escal\u00f3 al 7,73% durante el s\u00e9ptimo mes del a\u00f1o. Esta situaci\u00f3n deriv\u00f3 en refinanciaciones de deudas por $ 2,6 billones. Pese al <span style=\"color: #0000ff;\" data-darkreader-inline-color=\"\"><a style=\"color: #0000ff;\" href=\"https:\/\/safras.com.br\/es\/uia-morosidad-industria\/\" data-darkreader-inline-color=\"\">elevado endeudamiento de los hogares<\/a><\/span>, la consultora se\u00f1al\u00f3 que el sistema mantiene la capacidad para sostener la actividad agregada.<\/div>\n<\/div>\n<\/div>\n<\/div>\n","protected":false},"excerpt":{"rendered":"<p>La mora crediticia de los hogares alcanz\u00f3 un nivel r\u00e9cord del 12,94% en julio, seg\u00fan revel\u00f3 un informe de la consultora 1816 en base a datos oficiales del Banco Central. El deterioro en los presupuestos familiares provoc\u00f3 que 5,9 millones de personas registraran atrasos superiores a 90 d\u00edas en sus compromisos financieros. La mora crediticia [&hellip;]<\/p>\n","protected":false},"author":13,"featured_media":69363,"comment_status":"open","ping_status":"closed","sticky":false,"template":"","format":"standard","meta":{"_acf_changed":false,"footnotes":""},"categories":[444],"tags":[1237,503,691,1235],"commodity":[],"class_list":["post-70759","post","type-post","status-publish","format-standard","has-post-thumbnail","hentry","category-noticias-financieras","tag-1237","tag-bcra","tag-deuda","tag-mora"],"acf":[],"yoast_head":"<!-- This site is optimized with the Yoast SEO plugin v26.5 - https:\/\/yoast.com\/wordpress\/plugins\/seo\/ -->\n<title>Mora familiar en Argentina crece a nivel r\u00e9cord en julio - 1816 - SAFRAS &amp; Mercado<\/title>\n<meta name=\"description\" content=\"La mora crediticia de los hogares lleg\u00f3 al 12,94% en julio seg\u00fan 1816, afectando a 5,9 millones de personas con atrasos mayores a 90 d\u00edas.\" \/>\n<meta name=\"robots\" content=\"index, follow, max-snippet:-1, max-image-preview:large, max-video-preview:-1\" \/>\n<link rel=\"canonical\" href=\"https:\/\/safras.com.br\/es\/mora-crediticia-familias-record-julio-1816\/\" \/>\n<meta property=\"og:locale\" content=\"es_ES\" \/>\n<meta property=\"og:type\" content=\"article\" \/>\n<meta property=\"og:title\" content=\"Mora familiar en Argentina crece a nivel r\u00e9cord en julio - 1816 - SAFRAS &amp; Mercado\" \/>\n<meta property=\"og:description\" content=\"La mora crediticia de los hogares lleg\u00f3 al 12,94% en julio seg\u00fan 1816, afectando a 5,9 millones de personas con atrasos mayores a 90 d\u00edas.\" \/>\n<meta property=\"og:url\" content=\"https:\/\/safras.com.br\/es\/mora-crediticia-familias-record-julio-1816\/\" \/>\n<meta property=\"og:site_name\" content=\"SAFRAS &amp; Mercado\" \/>\n<meta property=\"article:published_time\" content=\"2026-08-31T15:26:43+00:00\" \/>\n<meta property=\"og:image\" content=\"https:\/\/safras.com.br\/es\/wp-content\/uploads\/2026\/04\/bcra23.jpg\" \/>\n\t<meta property=\"og:image:width\" content=\"800\" \/>\n\t<meta property=\"og:image:height\" content=\"500\" \/>\n\t<meta property=\"og:image:type\" content=\"image\/jpeg\" \/>\n<meta name=\"author\" content=\"Horacio Vera\" \/>\n<meta name=\"twitter:card\" content=\"summary_large_image\" \/>\n<meta name=\"twitter:label1\" content=\"Escrito por\" \/>\n\t<meta name=\"twitter:data1\" content=\"Horacio Vera\" \/>\n\t<meta name=\"twitter:label2\" content=\"Tiempo de lectura\" \/>\n\t<meta name=\"twitter:data2\" content=\"1 minuto\" \/>\n<script type=\"application\/ld+json\" class=\"yoast-schema-graph\">{\"@context\":\"https:\/\/schema.org\",\"@graph\":[{\"@type\":\"Article\",\"@id\":\"https:\/\/safras.com.br\/es\/mora-crediticia-familias-record-julio-1816\/#article\",\"isPartOf\":{\"@id\":\"https:\/\/safras.com.br\/es\/mora-crediticia-familias-record-julio-1816\/\"},\"author\":{\"name\":\"Horacio Vera\",\"@id\":\"https:\/\/safras.com.br\/es\/#\/schema\/person\/8a6e0df178260e340253292bf04da747\"},\"headline\":\"Mora familiar en Argentina crece a nivel r\u00e9cord en julio &#8211; 1816\",\"datePublished\":\"2026-08-31T15:26:43+00:00\",\"mainEntityOfPage\":{\"@id\":\"https:\/\/safras.com.br\/es\/mora-crediticia-familias-record-julio-1816\/\"},\"wordCount\":112,\"commentCount\":0,\"publisher\":{\"@id\":\"https:\/\/safras.com.br\/es\/#organization\"},\"image\":{\"@id\":\"https:\/\/safras.com.br\/es\/mora-crediticia-familias-record-julio-1816\/#primaryimage\"},\"thumbnailUrl\":\"https:\/\/safras.com.br\/es\/wp-content\/uploads\/2026\/04\/bcra23.jpg\",\"keywords\":[\"1816\",\"BCRA\",\"Deuda\",\"Mora\"],\"articleSection\":[\"Noticias Financieras\"],\"inLanguage\":\"es\",\"potentialAction\":[{\"@type\":\"CommentAction\",\"name\":\"Comment\",\"target\":[\"https:\/\/safras.com.br\/es\/mora-crediticia-familias-record-julio-1816\/#respond\"]}]},{\"@type\":\"WebPage\",\"@id\":\"https:\/\/safras.com.br\/es\/mora-crediticia-familias-record-julio-1816\/\",\"url\":\"https:\/\/safras.com.br\/es\/mora-crediticia-familias-record-julio-1816\/\",\"name\":\"Mora familiar en Argentina crece a nivel r\u00e9cord en julio - 1816 - SAFRAS &amp; Mercado\",\"isPartOf\":{\"@id\":\"https:\/\/safras.com.br\/es\/#website\"},\"primaryImageOfPage\":{\"@id\":\"https:\/\/safras.com.br\/es\/mora-crediticia-familias-record-julio-1816\/#primaryimage\"},\"image\":{\"@id\":\"https:\/\/safras.com.br\/es\/mora-crediticia-familias-record-julio-1816\/#primaryimage\"},\"thumbnailUrl\":\"https:\/\/safras.com.br\/es\/wp-content\/uploads\/2026\/04\/bcra23.jpg\",\"datePublished\":\"2026-08-31T15:26:43+00:00\",\"description\":\"La mora crediticia de los hogares lleg\u00f3 al 12,94% en julio seg\u00fan 1816, afectando a 5,9 millones de personas con atrasos mayores a 90 d\u00edas.\",\"breadcrumb\":{\"@id\":\"https:\/\/safras.com.br\/es\/mora-crediticia-familias-record-julio-1816\/#breadcrumb\"},\"inLanguage\":\"es\",\"potentialAction\":[{\"@type\":\"ReadAction\",\"target\":[\"https:\/\/safras.com.br\/es\/mora-crediticia-familias-record-julio-1816\/\"]}]},{\"@type\":\"ImageObject\",\"inLanguage\":\"es\",\"@id\":\"https:\/\/safras.com.br\/es\/mora-crediticia-familias-record-julio-1816\/#primaryimage\",\"url\":\"https:\/\/safras.com.br\/es\/wp-content\/uploads\/2026\/04\/bcra23.jpg\",\"contentUrl\":\"https:\/\/safras.com.br\/es\/wp-content\/uploads\/2026\/04\/bcra23.jpg\",\"width\":800,\"height\":500,\"caption\":\"bcra23\"},{\"@type\":\"BreadcrumbList\",\"@id\":\"https:\/\/safras.com.br\/es\/mora-crediticia-familias-record-julio-1816\/#breadcrumb\",\"itemListElement\":[{\"@type\":\"ListItem\",\"position\":1,\"name\":\"Portada\",\"item\":\"https:\/\/safras.com.br\/es\/\"},{\"@type\":\"ListItem\",\"position\":2,\"name\":\"Mora familiar en Argentina crece a nivel r\u00e9cord en julio &#8211; 1816\"}]},{\"@type\":\"WebSite\",\"@id\":\"https:\/\/safras.com.br\/es\/#website\",\"url\":\"https:\/\/safras.com.br\/es\/\",\"name\":\"SAFRAS & Mercado\",\"description\":\"El ecosistema de agronegocios\",\"publisher\":{\"@id\":\"https:\/\/safras.com.br\/es\/#organization\"},\"potentialAction\":[{\"@type\":\"SearchAction\",\"target\":{\"@type\":\"EntryPoint\",\"urlTemplate\":\"https:\/\/safras.com.br\/es\/?s={search_term_string}\"},\"query-input\":{\"@type\":\"PropertyValueSpecification\",\"valueRequired\":true,\"valueName\":\"search_term_string\"}}],\"inLanguage\":\"es\"},{\"@type\":\"Organization\",\"@id\":\"https:\/\/safras.com.br\/es\/#organization\",\"name\":\"SAFRAS & Mercado\",\"url\":\"https:\/\/safras.com.br\/es\/\",\"logo\":{\"@type\":\"ImageObject\",\"inLanguage\":\"es\",\"@id\":\"https:\/\/safras.com.br\/es\/#\/schema\/logo\/image\/\",\"url\":\"https:\/\/safras.com.br\/es\/wp-content\/uploads\/2023\/01\/cropped-favicon.png\",\"contentUrl\":\"https:\/\/safras.com.br\/es\/wp-content\/uploads\/2023\/01\/cropped-favicon.png\",\"width\":512,\"height\":512,\"caption\":\"SAFRAS & Mercado\"},\"image\":{\"@id\":\"https:\/\/safras.com.br\/es\/#\/schema\/logo\/image\/\"}},{\"@type\":\"Person\",\"@id\":\"https:\/\/safras.com.br\/es\/#\/schema\/person\/8a6e0df178260e340253292bf04da747\",\"name\":\"Horacio Vera\",\"image\":{\"@type\":\"ImageObject\",\"inLanguage\":\"es\",\"@id\":\"https:\/\/safras.com.br\/es\/#\/schema\/person\/image\/\",\"url\":\"https:\/\/secure.gravatar.com\/avatar\/bc30669cd90fb2e21304f48bfae82357e2f9224933e78600478745d017747a8f?s=96&d=mm&r=g\",\"contentUrl\":\"https:\/\/secure.gravatar.com\/avatar\/bc30669cd90fb2e21304f48bfae82357e2f9224933e78600478745d017747a8f?s=96&d=mm&r=g\",\"caption\":\"Horacio Vera\"},\"url\":\"https:\/\/safras.com.br\/es\/author\/sf_horacio\/\"}]}<\/script>\n<!-- \/ Yoast SEO plugin. -->","yoast_head_json":{"title":"Mora familiar en Argentina crece a nivel r\u00e9cord en julio - 1816 - SAFRAS &amp; Mercado","description":"La mora crediticia de los hogares lleg\u00f3 al 12,94% en julio seg\u00fan 1816, afectando a 5,9 millones de personas con atrasos mayores a 90 d\u00edas.","robots":{"index":"index","follow":"follow","max-snippet":"max-snippet:-1","max-image-preview":"max-image-preview:large","max-video-preview":"max-video-preview:-1"},"canonical":"https:\/\/safras.com.br\/es\/mora-crediticia-familias-record-julio-1816\/","og_locale":"es_ES","og_type":"article","og_title":"Mora familiar en Argentina crece a nivel r\u00e9cord en julio - 1816 - SAFRAS &amp; Mercado","og_description":"La mora crediticia de los hogares lleg\u00f3 al 12,94% en julio seg\u00fan 1816, afectando a 5,9 millones de personas con atrasos mayores a 90 d\u00edas.","og_url":"https:\/\/safras.com.br\/es\/mora-crediticia-familias-record-julio-1816\/","og_site_name":"SAFRAS &amp; Mercado","article_published_time":"2026-08-31T15:26:43+00:00","og_image":[{"width":800,"height":500,"url":"https:\/\/safras.com.br\/es\/wp-content\/uploads\/2026\/04\/bcra23.jpg","type":"image\/jpeg"}],"author":"Horacio Vera","twitter_card":"summary_large_image","twitter_misc":{"Escrito por":"Horacio Vera","Tiempo de lectura":"1 minuto"},"schema":{"@context":"https:\/\/schema.org","@graph":[{"@type":"Article","@id":"https:\/\/safras.com.br\/es\/mora-crediticia-familias-record-julio-1816\/#article","isPartOf":{"@id":"https:\/\/safras.com.br\/es\/mora-crediticia-familias-record-julio-1816\/"},"author":{"name":"Horacio Vera","@id":"https:\/\/safras.com.br\/es\/#\/schema\/person\/8a6e0df178260e340253292bf04da747"},"headline":"Mora familiar en Argentina crece a nivel r\u00e9cord en julio &#8211; 1816","datePublished":"2026-08-31T15:26:43+00:00","mainEntityOfPage":{"@id":"https:\/\/safras.com.br\/es\/mora-crediticia-familias-record-julio-1816\/"},"wordCount":112,"commentCount":0,"publisher":{"@id":"https:\/\/safras.com.br\/es\/#organization"},"image":{"@id":"https:\/\/safras.com.br\/es\/mora-crediticia-familias-record-julio-1816\/#primaryimage"},"thumbnailUrl":"https:\/\/safras.com.br\/es\/wp-content\/uploads\/2026\/04\/bcra23.jpg","keywords":["1816","BCRA","Deuda","Mora"],"articleSection":["Noticias Financieras"],"inLanguage":"es","potentialAction":[{"@type":"CommentAction","name":"Comment","target":["https:\/\/safras.com.br\/es\/mora-crediticia-familias-record-julio-1816\/#respond"]}]},{"@type":"WebPage","@id":"https:\/\/safras.com.br\/es\/mora-crediticia-familias-record-julio-1816\/","url":"https:\/\/safras.com.br\/es\/mora-crediticia-familias-record-julio-1816\/","name":"Mora familiar en Argentina crece a nivel r\u00e9cord en julio - 1816 - SAFRAS &amp; Mercado","isPartOf":{"@id":"https:\/\/safras.com.br\/es\/#website"},"primaryImageOfPage":{"@id":"https:\/\/safras.com.br\/es\/mora-crediticia-familias-record-julio-1816\/#primaryimage"},"image":{"@id":"https:\/\/safras.com.br\/es\/mora-crediticia-familias-record-julio-1816\/#primaryimage"},"thumbnailUrl":"https:\/\/safras.com.br\/es\/wp-content\/uploads\/2026\/04\/bcra23.jpg","datePublished":"2026-08-31T15:26:43+00:00","description":"La mora crediticia de los hogares lleg\u00f3 al 12,94% en julio seg\u00fan 1816, afectando a 5,9 millones de personas con atrasos mayores a 90 d\u00edas.","breadcrumb":{"@id":"https:\/\/safras.com.br\/es\/mora-crediticia-familias-record-julio-1816\/#breadcrumb"},"inLanguage":"es","potentialAction":[{"@type":"ReadAction","target":["https:\/\/safras.com.br\/es\/mora-crediticia-familias-record-julio-1816\/"]}]},{"@type":"ImageObject","inLanguage":"es","@id":"https:\/\/safras.com.br\/es\/mora-crediticia-familias-record-julio-1816\/#primaryimage","url":"https:\/\/safras.com.br\/es\/wp-content\/uploads\/2026\/04\/bcra23.jpg","contentUrl":"https:\/\/safras.com.br\/es\/wp-content\/uploads\/2026\/04\/bcra23.jpg","width":800,"height":500,"caption":"bcra23"},{"@type":"BreadcrumbList","@id":"https:\/\/safras.com.br\/es\/mora-crediticia-familias-record-julio-1816\/#breadcrumb","itemListElement":[{"@type":"ListItem","position":1,"name":"Portada","item":"https:\/\/safras.com.br\/es\/"},{"@type":"ListItem","position":2,"name":"Mora familiar en Argentina crece a nivel r\u00e9cord en julio &#8211; 1816"}]},{"@type":"WebSite","@id":"https:\/\/safras.com.br\/es\/#website","url":"https:\/\/safras.com.br\/es\/","name":"SAFRAS & Mercado","description":"El ecosistema de agronegocios","publisher":{"@id":"https:\/\/safras.com.br\/es\/#organization"},"potentialAction":[{"@type":"SearchAction","target":{"@type":"EntryPoint","urlTemplate":"https:\/\/safras.com.br\/es\/?s={search_term_string}"},"query-input":{"@type":"PropertyValueSpecification","valueRequired":true,"valueName":"search_term_string"}}],"inLanguage":"es"},{"@type":"Organization","@id":"https:\/\/safras.com.br\/es\/#organization","name":"SAFRAS & Mercado","url":"https:\/\/safras.com.br\/es\/","logo":{"@type":"ImageObject","inLanguage":"es","@id":"https:\/\/safras.com.br\/es\/#\/schema\/logo\/image\/","url":"https:\/\/safras.com.br\/es\/wp-content\/uploads\/2023\/01\/cropped-favicon.png","contentUrl":"https:\/\/safras.com.br\/es\/wp-content\/uploads\/2023\/01\/cropped-favicon.png","width":512,"height":512,"caption":"SAFRAS & Mercado"},"image":{"@id":"https:\/\/safras.com.br\/es\/#\/schema\/logo\/image\/"}},{"@type":"Person","@id":"https:\/\/safras.com.br\/es\/#\/schema\/person\/8a6e0df178260e340253292bf04da747","name":"Horacio Vera","image":{"@type":"ImageObject","inLanguage":"es","@id":"https:\/\/safras.com.br\/es\/#\/schema\/person\/image\/","url":"https:\/\/secure.gravatar.com\/avatar\/bc30669cd90fb2e21304f48bfae82357e2f9224933e78600478745d017747a8f?s=96&d=mm&r=g","contentUrl":"https:\/\/secure.gravatar.com\/avatar\/bc30669cd90fb2e21304f48bfae82357e2f9224933e78600478745d017747a8f?s=96&d=mm&r=g","caption":"Horacio Vera"},"url":"https:\/\/safras.com.br\/es\/author\/sf_horacio\/"}]}},"_links":{"self":[{"href":"https:\/\/safras.com.br\/es\/wp-json\/wp\/v2\/posts\/70759","targetHints":{"allow":["GET"]}}],"collection":[{"href":"https:\/\/safras.com.br\/es\/wp-json\/wp\/v2\/posts"}],"about":[{"href":"https:\/\/safras.com.br\/es\/wp-json\/wp\/v2\/types\/post"}],"author":[{"embeddable":true,"href":"https:\/\/safras.com.br\/es\/wp-json\/wp\/v2\/users\/13"}],"replies":[{"embeddable":true,"href":"https:\/\/safras.com.br\/es\/wp-json\/wp\/v2\/comments?post=70759"}],"version-history":[{"count":1,"href":"https:\/\/safras.com.br\/es\/wp-json\/wp\/v2\/posts\/70759\/revisions"}],"predecessor-version":[{"id":70760,"href":"https:\/\/safras.com.br\/es\/wp-json\/wp\/v2\/posts\/70759\/revisions\/70760"}],"wp:featuredmedia":[{"embeddable":true,"href":"https:\/\/safras.com.br\/es\/wp-json\/wp\/v2\/media\/69363"}],"wp:attachment":[{"href":"https:\/\/safras.com.br\/es\/wp-json\/wp\/v2\/media?parent=70759"}],"wp:term":[{"taxonomy":"category","embeddable":true,"href":"https:\/\/safras.com.br\/es\/wp-json\/wp\/v2\/categories?post=70759"},{"taxonomy":"post_tag","embeddable":true,"href":"https:\/\/safras.com.br\/es\/wp-json\/wp\/v2\/tags?post=70759"},{"taxonomy":"commodity","embeddable":true,"href":"https:\/\/safras.com.br\/es\/wp-json\/wp\/v2\/commodity?post=70759"}],"curies":[{"name":"wp","href":"https:\/\/api.w.org\/{rel}","templated":true}]}}