{"id":70757,"date":"2026-08-31T11:34:20","date_gmt":"2026-08-31T14:34:20","guid":{"rendered":"https:\/\/safras.com.br\/es\/?p=70757"},"modified":"2026-08-31T11:34:20","modified_gmt":"2026-08-31T14:34:20","slug":"argentina-tendria-produccion-record-de-etanol-en-2026-impulsada-por-maiz","status":"publish","type":"post","link":"https:\/\/safras.com.br\/es\/argentina-tendria-produccion-record-de-etanol-en-2026-impulsada-por-maiz\/","title":{"rendered":"Argentina tendr\u00eda producci\u00f3n r\u00e9cord de etanol en 2026, impulsada por ma\u00edz"},"content":{"rendered":"<p>La producci\u00f3n argentina de etanol combustible alcanzar\u00eda un r\u00e9cord de 1.350 millones de litros en 2026, impulsada por una mayor demanda interna, la ampliaci\u00f3n de la capacidad industrial basada en ma\u00edz y cambios regulatorios que permiten elevar voluntariamente la mezcla con naftas hasta el 15%, por encima del corte obligatorio del 12%, seg\u00fan<br \/>\nel<strong> informe anual de biocombustibles del Departamento de Agricultura de Estados Unidos (USDA) en su oficina de Argentina.<\/strong><\/p>\n<p>El <strong>ma\u00edz tendr\u00eda un papel central en esta expansi\u00f3n<\/strong>, aportando cerca del 60% del etanol producido en el pa\u00eds, mientras que el resto provendr\u00eda principalmente de la ca\u00f1a de az\u00facar.<\/p>\n<p>Explica el reporte que el USDA estima que el uso de ma\u00edz para etanol representar\u00e1 alrededor del 3% de la producci\u00f3n nacional del cereal en 2026.<\/p>\n<p>El aumento de la demanda dom\u00e9stica reducir\u00eda el saldo exportable de etanol. De acuerdo con datos derivados del informe, las exportaciones podr\u00edan caer de 131 millones de litros en 2025 a alrededor de 80 millones en 2026, en un contexto en el que una mayor proporci\u00f3n de la producci\u00f3n quedar\u00eda destinada al mercado interno.<\/p>\n<p><strong>En biodi\u00e9sel<\/strong>, el USDA proyecta una producci\u00f3n cercana a 1.200 millones de litros en 2026, alrededor de un 8% m\u00e1s que el a\u00f1o anterior, sostenida por una mayor utilizaci\u00f3n dom\u00e9stica. Sin embargo, el sector contin\u00faa mostrando una elevada capacidad ociosa: Argentina dispone de unas 30 plantas con capacidad combinada de 4.380 millones de litros, pero aproximadamente el 73% de esa capacidad permanecer\u00eda sin utilizar.<\/p>\n<p>Las exportaciones de biodi\u00e9sel seguir\u00edan siendo el punto m\u00e1s d\u00e9bil. El USDA las proyecta en unos 230 millones de litros, con una ca\u00edda cercana al 26% interanual y entre los niveles m\u00e1s bajos de las \u00faltimas dos d\u00e9cadas. La Uni\u00f3n Europea contin\u00faa siendo pr\u00e1cticamente el \u00fanico mercado relevante, por lo que la evoluci\u00f3n de la normativa europea sobre biodi\u00e9sel de soja y los precios internacionales sigue siendo determinante para la industria argentina.<\/p>\n<p>En materia regulatoria, el informe destaca el debate que se est\u00e1 llevando adelante en el Congreso argentino sobre una reforma que podr\u00eda llevar el corte obligatorio de etanol del 12% al 15% y el de biodi\u00e9sel al 10%.<\/p>\n<p>Para el agro, una eventual ampliaci\u00f3n de los mandatos significar\u00eda una nueva fuente de demanda dom\u00e9stica para ma\u00edz, ca\u00f1a de az\u00facar y aceite de soja, adem\u00e1s de mayores posibilidades de agregar valor a la producci\u00f3n antes de su exportaci\u00f3n, explic\u00f3.<\/p>\n<p>&nbsp;<\/p>\n","protected":false},"excerpt":{"rendered":"<p>La producci\u00f3n argentina de etanol combustible alcanzar\u00eda un r\u00e9cord de 1.350 millones de litros en 2026, impulsada por una mayor demanda interna, la ampliaci\u00f3n de la capacidad industrial basada en ma\u00edz y cambios regulatorios que permiten elevar voluntariamente la mezcla con naftas hasta el 15%, por encima del corte obligatorio del 12%, seg\u00fan el informe [&hellip;]<\/p>\n","protected":false},"author":19,"featured_media":63959,"comment_status":"open","ping_status":"closed","sticky":false,"template":"","format":"standard","meta":{"_acf_changed":false,"footnotes":""},"categories":[267],"tags":[135,329],"commodity":[34,39],"class_list":["post-70757","post","type-post","status-publish","format-standard","has-post-thumbnail","hentry","category-agronegocio-es","tag-etanol","tag-maiz-es","commodity-azucar-y-etanol","commodity-biodiesel"],"acf":[],"yoast_head":"<!-- This site is optimized with the Yoast SEO plugin v26.5 - https:\/\/yoast.com\/wordpress\/plugins\/seo\/ -->\n<title>Argentina tendr\u00eda producci\u00f3n r\u00e9cord de etanol en 2026<\/title>\n<meta name=\"robots\" content=\"index, follow, max-snippet:-1, max-image-preview:large, max-video-preview:-1\" \/>\n<link rel=\"canonical\" href=\"https:\/\/safras.com.br\/es\/argentina-tendria-produccion-record-de-etanol-en-2026-impulsada-por-maiz\/\" \/>\n<meta property=\"og:locale\" content=\"es_ES\" \/>\n<meta property=\"og:type\" content=\"article\" \/>\n<meta property=\"og:title\" content=\"Argentina tendr\u00eda producci\u00f3n r\u00e9cord de etanol en 2026\" \/>\n<meta property=\"og:description\" content=\"La producci\u00f3n argentina de etanol combustible alcanzar\u00eda un r\u00e9cord de 1.350 millones de litros en 2026, impulsada por una mayor demanda interna, la ampliaci\u00f3n de la capacidad industrial basada en ma\u00edz y cambios regulatorios que permiten elevar voluntariamente la mezcla con naftas hasta el 15%, por encima del corte obligatorio del 12%, seg\u00fan el informe [&hellip;]\" \/>\n<meta property=\"og:url\" content=\"https:\/\/safras.com.br\/es\/argentina-tendria-produccion-record-de-etanol-en-2026-impulsada-por-maiz\/\" \/>\n<meta property=\"og:site_name\" content=\"SAFRAS &amp; Mercado\" \/>\n<meta property=\"article:published_time\" content=\"2026-08-31T14:34:20+00:00\" \/>\n<meta property=\"og:image\" content=\"https:\/\/safras.com.br\/es\/wp-content\/uploads\/2023\/08\/Bioetanol.jpg\" \/>\n\t<meta property=\"og:image:width\" content=\"640\" \/>\n\t<meta property=\"og:image:height\" content=\"424\" \/>\n\t<meta property=\"og:image:type\" content=\"image\/jpeg\" \/>\n<meta name=\"author\" content=\"Julieta Marino\" \/>\n<meta name=\"twitter:card\" content=\"summary_large_image\" \/>\n<meta name=\"twitter:label1\" content=\"Escrito por\" \/>\n\t<meta name=\"twitter:data1\" content=\"Julieta Marino\" \/>\n\t<meta name=\"twitter:label2\" content=\"Tiempo de lectura\" \/>\n\t<meta name=\"twitter:data2\" content=\"3 minutos\" \/>\n<script type=\"application\/ld+json\" class=\"yoast-schema-graph\">{\"@context\":\"https:\/\/schema.org\",\"@graph\":[{\"@type\":\"Article\",\"@id\":\"https:\/\/safras.com.br\/es\/argentina-tendria-produccion-record-de-etanol-en-2026-impulsada-por-maiz\/#article\",\"isPartOf\":{\"@id\":\"https:\/\/safras.com.br\/es\/argentina-tendria-produccion-record-de-etanol-en-2026-impulsada-por-maiz\/\"},\"author\":{\"name\":\"Julieta Marino\",\"@id\":\"https:\/\/safras.com.br\/es\/#\/schema\/person\/3416d9a13f71584c19d44af415b80774\"},\"headline\":\"Argentina tendr\u00eda producci\u00f3n r\u00e9cord de etanol en 2026, impulsada por ma\u00edz\",\"datePublished\":\"2026-08-31T14:34:20+00:00\",\"mainEntityOfPage\":{\"@id\":\"https:\/\/safras.com.br\/es\/argentina-tendria-produccion-record-de-etanol-en-2026-impulsada-por-maiz\/\"},\"wordCount\":440,\"commentCount\":0,\"publisher\":{\"@id\":\"https:\/\/safras.com.br\/es\/#organization\"},\"image\":{\"@id\":\"https:\/\/safras.com.br\/es\/argentina-tendria-produccion-record-de-etanol-en-2026-impulsada-por-maiz\/#primaryimage\"},\"thumbnailUrl\":\"https:\/\/safras.com.br\/es\/wp-content\/uploads\/2023\/08\/Bioetanol.jpg\",\"keywords\":[\"ETANOL\",\"ma\u00edz\"],\"articleSection\":[\"Noticias Agronegocio\"],\"inLanguage\":\"es\",\"potentialAction\":[{\"@type\":\"CommentAction\",\"name\":\"Comment\",\"target\":[\"https:\/\/safras.com.br\/es\/argentina-tendria-produccion-record-de-etanol-en-2026-impulsada-por-maiz\/#respond\"]}]},{\"@type\":\"WebPage\",\"@id\":\"https:\/\/safras.com.br\/es\/argentina-tendria-produccion-record-de-etanol-en-2026-impulsada-por-maiz\/\",\"url\":\"https:\/\/safras.com.br\/es\/argentina-tendria-produccion-record-de-etanol-en-2026-impulsada-por-maiz\/\",\"name\":\"Argentina tendr\u00eda producci\u00f3n r\u00e9cord de etanol en 2026\",\"isPartOf\":{\"@id\":\"https:\/\/safras.com.br\/es\/#website\"},\"primaryImageOfPage\":{\"@id\":\"https:\/\/safras.com.br\/es\/argentina-tendria-produccion-record-de-etanol-en-2026-impulsada-por-maiz\/#primaryimage\"},\"image\":{\"@id\":\"https:\/\/safras.com.br\/es\/argentina-tendria-produccion-record-de-etanol-en-2026-impulsada-por-maiz\/#primaryimage\"},\"thumbnailUrl\":\"https:\/\/safras.com.br\/es\/wp-content\/uploads\/2023\/08\/Bioetanol.jpg\",\"datePublished\":\"2026-08-31T14:34:20+00:00\",\"breadcrumb\":{\"@id\":\"https:\/\/safras.com.br\/es\/argentina-tendria-produccion-record-de-etanol-en-2026-impulsada-por-maiz\/#breadcrumb\"},\"inLanguage\":\"es\",\"potentialAction\":[{\"@type\":\"ReadAction\",\"target\":[\"https:\/\/safras.com.br\/es\/argentina-tendria-produccion-record-de-etanol-en-2026-impulsada-por-maiz\/\"]}]},{\"@type\":\"ImageObject\",\"inLanguage\":\"es\",\"@id\":\"https:\/\/safras.com.br\/es\/argentina-tendria-produccion-record-de-etanol-en-2026-impulsada-por-maiz\/#primaryimage\",\"url\":\"https:\/\/safras.com.br\/es\/wp-content\/uploads\/2023\/08\/Bioetanol.jpg\",\"contentUrl\":\"https:\/\/safras.com.br\/es\/wp-content\/uploads\/2023\/08\/Bioetanol.jpg\",\"width\":640,\"height\":424,\"caption\":\"Bioetanol \/ Pixabay\"},{\"@type\":\"BreadcrumbList\",\"@id\":\"https:\/\/safras.com.br\/es\/argentina-tendria-produccion-record-de-etanol-en-2026-impulsada-por-maiz\/#breadcrumb\",\"itemListElement\":[{\"@type\":\"ListItem\",\"position\":1,\"name\":\"Portada\",\"item\":\"https:\/\/safras.com.br\/es\/\"},{\"@type\":\"ListItem\",\"position\":2,\"name\":\"Argentina tendr\u00eda producci\u00f3n r\u00e9cord de etanol en 2026, impulsada por ma\u00edz\"}]},{\"@type\":\"WebSite\",\"@id\":\"https:\/\/safras.com.br\/es\/#website\",\"url\":\"https:\/\/safras.com.br\/es\/\",\"name\":\"SAFRAS & Mercado\",\"description\":\"El ecosistema de agronegocios\",\"publisher\":{\"@id\":\"https:\/\/safras.com.br\/es\/#organization\"},\"potentialAction\":[{\"@type\":\"SearchAction\",\"target\":{\"@type\":\"EntryPoint\",\"urlTemplate\":\"https:\/\/safras.com.br\/es\/?s={search_term_string}\"},\"query-input\":{\"@type\":\"PropertyValueSpecification\",\"valueRequired\":true,\"valueName\":\"search_term_string\"}}],\"inLanguage\":\"es\"},{\"@type\":\"Organization\",\"@id\":\"https:\/\/safras.com.br\/es\/#organization\",\"name\":\"SAFRAS & Mercado\",\"url\":\"https:\/\/safras.com.br\/es\/\",\"logo\":{\"@type\":\"ImageObject\",\"inLanguage\":\"es\",\"@id\":\"https:\/\/safras.com.br\/es\/#\/schema\/logo\/image\/\",\"url\":\"https:\/\/safras.com.br\/es\/wp-content\/uploads\/2023\/01\/cropped-favicon.png\",\"contentUrl\":\"https:\/\/safras.com.br\/es\/wp-content\/uploads\/2023\/01\/cropped-favicon.png\",\"width\":512,\"height\":512,\"caption\":\"SAFRAS & Mercado\"},\"image\":{\"@id\":\"https:\/\/safras.com.br\/es\/#\/schema\/logo\/image\/\"}},{\"@type\":\"Person\",\"@id\":\"https:\/\/safras.com.br\/es\/#\/schema\/person\/3416d9a13f71584c19d44af415b80774\",\"name\":\"Julieta Marino\",\"image\":{\"@type\":\"ImageObject\",\"inLanguage\":\"es\",\"@id\":\"https:\/\/safras.com.br\/es\/#\/schema\/person\/image\/\",\"url\":\"https:\/\/secure.gravatar.com\/avatar\/edb9a909cb969bf70267c5bad4733db348b286011e3a47666fcbe2263cd5c089?s=96&d=mm&r=g\",\"contentUrl\":\"https:\/\/secure.gravatar.com\/avatar\/edb9a909cb969bf70267c5bad4733db348b286011e3a47666fcbe2263cd5c089?s=96&d=mm&r=g\",\"caption\":\"Julieta Marino\"},\"url\":\"https:\/\/safras.com.br\/es\/author\/sf_julieta\/\"}]}<\/script>\n<!-- \/ Yoast SEO plugin. -->","yoast_head_json":{"title":"Argentina tendr\u00eda producci\u00f3n r\u00e9cord de etanol en 2026","robots":{"index":"index","follow":"follow","max-snippet":"max-snippet:-1","max-image-preview":"max-image-preview:large","max-video-preview":"max-video-preview:-1"},"canonical":"https:\/\/safras.com.br\/es\/argentina-tendria-produccion-record-de-etanol-en-2026-impulsada-por-maiz\/","og_locale":"es_ES","og_type":"article","og_title":"Argentina tendr\u00eda producci\u00f3n r\u00e9cord de etanol en 2026","og_description":"La producci\u00f3n argentina de etanol combustible alcanzar\u00eda un r\u00e9cord de 1.350 millones de litros en 2026, impulsada por una mayor demanda interna, la ampliaci\u00f3n de la capacidad industrial basada en ma\u00edz y cambios regulatorios que permiten elevar voluntariamente la mezcla con naftas hasta el 15%, por encima del corte obligatorio del 12%, seg\u00fan el informe [&hellip;]","og_url":"https:\/\/safras.com.br\/es\/argentina-tendria-produccion-record-de-etanol-en-2026-impulsada-por-maiz\/","og_site_name":"SAFRAS &amp; Mercado","article_published_time":"2026-08-31T14:34:20+00:00","og_image":[{"width":640,"height":424,"url":"https:\/\/safras.com.br\/es\/wp-content\/uploads\/2023\/08\/Bioetanol.jpg","type":"image\/jpeg"}],"author":"Julieta Marino","twitter_card":"summary_large_image","twitter_misc":{"Escrito por":"Julieta Marino","Tiempo de lectura":"3 minutos"},"schema":{"@context":"https:\/\/schema.org","@graph":[{"@type":"Article","@id":"https:\/\/safras.com.br\/es\/argentina-tendria-produccion-record-de-etanol-en-2026-impulsada-por-maiz\/#article","isPartOf":{"@id":"https:\/\/safras.com.br\/es\/argentina-tendria-produccion-record-de-etanol-en-2026-impulsada-por-maiz\/"},"author":{"name":"Julieta Marino","@id":"https:\/\/safras.com.br\/es\/#\/schema\/person\/3416d9a13f71584c19d44af415b80774"},"headline":"Argentina tendr\u00eda producci\u00f3n r\u00e9cord de etanol en 2026, impulsada por ma\u00edz","datePublished":"2026-08-31T14:34:20+00:00","mainEntityOfPage":{"@id":"https:\/\/safras.com.br\/es\/argentina-tendria-produccion-record-de-etanol-en-2026-impulsada-por-maiz\/"},"wordCount":440,"commentCount":0,"publisher":{"@id":"https:\/\/safras.com.br\/es\/#organization"},"image":{"@id":"https:\/\/safras.com.br\/es\/argentina-tendria-produccion-record-de-etanol-en-2026-impulsada-por-maiz\/#primaryimage"},"thumbnailUrl":"https:\/\/safras.com.br\/es\/wp-content\/uploads\/2023\/08\/Bioetanol.jpg","keywords":["ETANOL","ma\u00edz"],"articleSection":["Noticias Agronegocio"],"inLanguage":"es","potentialAction":[{"@type":"CommentAction","name":"Comment","target":["https:\/\/safras.com.br\/es\/argentina-tendria-produccion-record-de-etanol-en-2026-impulsada-por-maiz\/#respond"]}]},{"@type":"WebPage","@id":"https:\/\/safras.com.br\/es\/argentina-tendria-produccion-record-de-etanol-en-2026-impulsada-por-maiz\/","url":"https:\/\/safras.com.br\/es\/argentina-tendria-produccion-record-de-etanol-en-2026-impulsada-por-maiz\/","name":"Argentina tendr\u00eda producci\u00f3n r\u00e9cord de etanol en 2026","isPartOf":{"@id":"https:\/\/safras.com.br\/es\/#website"},"primaryImageOfPage":{"@id":"https:\/\/safras.com.br\/es\/argentina-tendria-produccion-record-de-etanol-en-2026-impulsada-por-maiz\/#primaryimage"},"image":{"@id":"https:\/\/safras.com.br\/es\/argentina-tendria-produccion-record-de-etanol-en-2026-impulsada-por-maiz\/#primaryimage"},"thumbnailUrl":"https:\/\/safras.com.br\/es\/wp-content\/uploads\/2023\/08\/Bioetanol.jpg","datePublished":"2026-08-31T14:34:20+00:00","breadcrumb":{"@id":"https:\/\/safras.com.br\/es\/argentina-tendria-produccion-record-de-etanol-en-2026-impulsada-por-maiz\/#breadcrumb"},"inLanguage":"es","potentialAction":[{"@type":"ReadAction","target":["https:\/\/safras.com.br\/es\/argentina-tendria-produccion-record-de-etanol-en-2026-impulsada-por-maiz\/"]}]},{"@type":"ImageObject","inLanguage":"es","@id":"https:\/\/safras.com.br\/es\/argentina-tendria-produccion-record-de-etanol-en-2026-impulsada-por-maiz\/#primaryimage","url":"https:\/\/safras.com.br\/es\/wp-content\/uploads\/2023\/08\/Bioetanol.jpg","contentUrl":"https:\/\/safras.com.br\/es\/wp-content\/uploads\/2023\/08\/Bioetanol.jpg","width":640,"height":424,"caption":"Bioetanol \/ Pixabay"},{"@type":"BreadcrumbList","@id":"https:\/\/safras.com.br\/es\/argentina-tendria-produccion-record-de-etanol-en-2026-impulsada-por-maiz\/#breadcrumb","itemListElement":[{"@type":"ListItem","position":1,"name":"Portada","item":"https:\/\/safras.com.br\/es\/"},{"@type":"ListItem","position":2,"name":"Argentina tendr\u00eda producci\u00f3n r\u00e9cord de etanol en 2026, impulsada por ma\u00edz"}]},{"@type":"WebSite","@id":"https:\/\/safras.com.br\/es\/#website","url":"https:\/\/safras.com.br\/es\/","name":"SAFRAS & Mercado","description":"El ecosistema de agronegocios","publisher":{"@id":"https:\/\/safras.com.br\/es\/#organization"},"potentialAction":[{"@type":"SearchAction","target":{"@type":"EntryPoint","urlTemplate":"https:\/\/safras.com.br\/es\/?s={search_term_string}"},"query-input":{"@type":"PropertyValueSpecification","valueRequired":true,"valueName":"search_term_string"}}],"inLanguage":"es"},{"@type":"Organization","@id":"https:\/\/safras.com.br\/es\/#organization","name":"SAFRAS & Mercado","url":"https:\/\/safras.com.br\/es\/","logo":{"@type":"ImageObject","inLanguage":"es","@id":"https:\/\/safras.com.br\/es\/#\/schema\/logo\/image\/","url":"https:\/\/safras.com.br\/es\/wp-content\/uploads\/2023\/01\/cropped-favicon.png","contentUrl":"https:\/\/safras.com.br\/es\/wp-content\/uploads\/2023\/01\/cropped-favicon.png","width":512,"height":512,"caption":"SAFRAS & Mercado"},"image":{"@id":"https:\/\/safras.com.br\/es\/#\/schema\/logo\/image\/"}},{"@type":"Person","@id":"https:\/\/safras.com.br\/es\/#\/schema\/person\/3416d9a13f71584c19d44af415b80774","name":"Julieta Marino","image":{"@type":"ImageObject","inLanguage":"es","@id":"https:\/\/safras.com.br\/es\/#\/schema\/person\/image\/","url":"https:\/\/secure.gravatar.com\/avatar\/edb9a909cb969bf70267c5bad4733db348b286011e3a47666fcbe2263cd5c089?s=96&d=mm&r=g","contentUrl":"https:\/\/secure.gravatar.com\/avatar\/edb9a909cb969bf70267c5bad4733db348b286011e3a47666fcbe2263cd5c089?s=96&d=mm&r=g","caption":"Julieta Marino"},"url":"https:\/\/safras.com.br\/es\/author\/sf_julieta\/"}]}},"_links":{"self":[{"href":"https:\/\/safras.com.br\/es\/wp-json\/wp\/v2\/posts\/70757","targetHints":{"allow":["GET"]}}],"collection":[{"href":"https:\/\/safras.com.br\/es\/wp-json\/wp\/v2\/posts"}],"about":[{"href":"https:\/\/safras.com.br\/es\/wp-json\/wp\/v2\/types\/post"}],"author":[{"embeddable":true,"href":"https:\/\/safras.com.br\/es\/wp-json\/wp\/v2\/users\/19"}],"replies":[{"embeddable":true,"href":"https:\/\/safras.com.br\/es\/wp-json\/wp\/v2\/comments?post=70757"}],"version-history":[{"count":1,"href":"https:\/\/safras.com.br\/es\/wp-json\/wp\/v2\/posts\/70757\/revisions"}],"predecessor-version":[{"id":70758,"href":"https:\/\/safras.com.br\/es\/wp-json\/wp\/v2\/posts\/70757\/revisions\/70758"}],"wp:featuredmedia":[{"embeddable":true,"href":"https:\/\/safras.com.br\/es\/wp-json\/wp\/v2\/media\/63959"}],"wp:attachment":[{"href":"https:\/\/safras.com.br\/es\/wp-json\/wp\/v2\/media?parent=70757"}],"wp:term":[{"taxonomy":"category","embeddable":true,"href":"https:\/\/safras.com.br\/es\/wp-json\/wp\/v2\/categories?post=70757"},{"taxonomy":"post_tag","embeddable":true,"href":"https:\/\/safras.com.br\/es\/wp-json\/wp\/v2\/tags?post=70757"},{"taxonomy":"commodity","embeddable":true,"href":"https:\/\/safras.com.br\/es\/wp-json\/wp\/v2\/commodity?post=70757"}],"curies":[{"name":"wp","href":"https:\/\/api.w.org\/{rel}","templated":true}]}}