{"id":70753,"date":"2026-08-31T11:29:10","date_gmt":"2026-08-31T14:29:10","guid":{"rendered":"https:\/\/safras.com.br\/es\/?p=70753"},"modified":"2026-08-31T11:29:10","modified_gmt":"2026-08-31T14:29:10","slug":"acumular-reservas-fmi-crecimiento-divisas-argentina","status":"publish","type":"post","link":"https:\/\/safras.com.br\/es\/acumular-reservas-fmi-crecimiento-divisas-argentina\/","title":{"rendered":"Exsubdirectora del FMI pide que Argentina genere divisas propias"},"content":{"rendered":"<div id=\"model-response-message-contentr_f81205f5568516b7\" class=\"markdown markdown-main-panel md-content enable-luminous-fast-follows enable-updated-hr-color stronger\" dir=\"ltr\" aria-busy=\"false\" aria-live=\"polite\">\n<div>La necesidad de <b data-path-to-node=\"1\" data-index-in-node=\"16\">acumular reservas<\/b> fue resaltada por Gita Gopinath, exsubdirectora del FMI, al calificar de impresionante la estabilizaci\u00f3n econ\u00f3mica argentina. La especialista aconsej\u00f3 acelerar la acumulaci\u00f3n de divisas para retornar al mercado de cr\u00e9dito y refinanciar vencimientos por US$ 25.000 millones.<\/div>\n<\/div>\n<div><\/div>\n<div id=\"model-response-message-contentr_f81205f5568516b7\" class=\"markdown markdown-main-panel md-content enable-luminous-fast-follows enable-updated-hr-color stronger\" dir=\"ltr\" aria-busy=\"false\" aria-live=\"polite\">\n<div><\/div>\n<div>Gopinath recomend\u00f3 prudencia para remover controles cambiarios y advirti\u00f3 sobre una apreciaci\u00f3n del 12,0% en el tipo de cambio real. \u00abNo planeen <b data-path-to-node=\"3\" data-index-in-node=\"145\">acumular reservas<\/b> con m\u00e1s pr\u00e9stamos oficiales, sino haci\u00e9ndolo ustedes mismos\u00bb, concluy\u00f3 en di\u00e1logo con La Naci\u00f3n.<\/div>\n<\/div>\n","protected":false},"excerpt":{"rendered":"<p>La necesidad de acumular reservas fue resaltada por Gita Gopinath, exsubdirectora del FMI, al calificar de impresionante la estabilizaci\u00f3n econ\u00f3mica argentina. La especialista aconsej\u00f3 acelerar la acumulaci\u00f3n de divisas para retornar al mercado de cr\u00e9dito y refinanciar vencimientos por US$ 25.000 millones. Gopinath recomend\u00f3 prudencia para remover controles cambiarios y advirti\u00f3 sobre una apreciaci\u00f3n del [&hellip;]<\/p>\n","protected":false},"author":13,"featured_media":70754,"comment_status":"open","ping_status":"closed","sticky":false,"template":"","format":"standard","meta":{"_acf_changed":false,"footnotes":""},"categories":[444],"tags":[334,701,445],"commodity":[],"class_list":["post-70753","post","type-post","status-publish","format-standard","has-post-thumbnail","hentry","category-noticias-financieras","tag-argentina-es","tag-dolares","tag-fmi"],"acf":[],"yoast_head":"<!-- This site is optimized with the Yoast SEO plugin v26.5 - https:\/\/yoast.com\/wordpress\/plugins\/seo\/ -->\n<title>Exsubdirectora del FMI pide que Argentina genere divisas propias - SAFRAS &amp; Mercado<\/title>\n<meta name=\"description\" content=\"Gita Gopinath pidi\u00f3 acumular reservas para ingresar al mercado de cr\u00e9dito y recomend\u00f3 prudencia ante el levantamiento de controles cambiarios.\" \/>\n<meta name=\"robots\" content=\"index, follow, max-snippet:-1, max-image-preview:large, max-video-preview:-1\" \/>\n<link rel=\"canonical\" href=\"https:\/\/safras.com.br\/es\/acumular-reservas-fmi-crecimiento-divisas-argentina\/\" \/>\n<meta property=\"og:locale\" content=\"es_ES\" \/>\n<meta property=\"og:type\" content=\"article\" \/>\n<meta property=\"og:title\" content=\"Exsubdirectora del FMI pide que Argentina genere divisas propias - SAFRAS &amp; Mercado\" \/>\n<meta property=\"og:description\" content=\"Gita Gopinath pidi\u00f3 acumular reservas para ingresar al mercado de cr\u00e9dito y recomend\u00f3 prudencia ante el levantamiento de controles cambiarios.\" \/>\n<meta property=\"og:url\" content=\"https:\/\/safras.com.br\/es\/acumular-reservas-fmi-crecimiento-divisas-argentina\/\" \/>\n<meta property=\"og:site_name\" content=\"SAFRAS &amp; Mercado\" \/>\n<meta property=\"article:published_time\" content=\"2026-08-31T14:29:10+00:00\" \/>\n<meta property=\"og:image\" content=\"https:\/\/safras.com.br\/es\/wp-content\/uploads\/2026\/08\/FMI-CAPUTO.jpeg\" \/>\n\t<meta property=\"og:image:width\" content=\"1200\" \/>\n\t<meta property=\"og:image:height\" content=\"800\" \/>\n\t<meta property=\"og:image:type\" content=\"image\/jpeg\" \/>\n<meta name=\"author\" content=\"Horacio Vera\" \/>\n<meta name=\"twitter:card\" content=\"summary_large_image\" \/>\n<meta name=\"twitter:label1\" content=\"Escrito por\" \/>\n\t<meta name=\"twitter:data1\" content=\"Horacio Vera\" \/>\n\t<meta name=\"twitter:label2\" content=\"Tiempo de lectura\" \/>\n\t<meta name=\"twitter:data2\" content=\"1 minuto\" \/>\n<script type=\"application\/ld+json\" class=\"yoast-schema-graph\">{\"@context\":\"https:\/\/schema.org\",\"@graph\":[{\"@type\":\"Article\",\"@id\":\"https:\/\/safras.com.br\/es\/acumular-reservas-fmi-crecimiento-divisas-argentina\/#article\",\"isPartOf\":{\"@id\":\"https:\/\/safras.com.br\/es\/acumular-reservas-fmi-crecimiento-divisas-argentina\/\"},\"author\":{\"name\":\"Horacio Vera\",\"@id\":\"https:\/\/safras.com.br\/es\/#\/schema\/person\/8a6e0df178260e340253292bf04da747\"},\"headline\":\"Exsubdirectora del FMI pide que Argentina genere divisas propias\",\"datePublished\":\"2026-08-31T14:29:10+00:00\",\"mainEntityOfPage\":{\"@id\":\"https:\/\/safras.com.br\/es\/acumular-reservas-fmi-crecimiento-divisas-argentina\/\"},\"wordCount\":97,\"commentCount\":1,\"publisher\":{\"@id\":\"https:\/\/safras.com.br\/es\/#organization\"},\"image\":{\"@id\":\"https:\/\/safras.com.br\/es\/acumular-reservas-fmi-crecimiento-divisas-argentina\/#primaryimage\"},\"thumbnailUrl\":\"https:\/\/safras.com.br\/es\/wp-content\/uploads\/2026\/08\/FMI-CAPUTO.jpeg\",\"keywords\":[\"ARGENTINA\",\"d\u00f3lares\",\"fmi\"],\"articleSection\":[\"Noticias Financieras\"],\"inLanguage\":\"es\",\"potentialAction\":[{\"@type\":\"CommentAction\",\"name\":\"Comment\",\"target\":[\"https:\/\/safras.com.br\/es\/acumular-reservas-fmi-crecimiento-divisas-argentina\/#respond\"]}]},{\"@type\":\"WebPage\",\"@id\":\"https:\/\/safras.com.br\/es\/acumular-reservas-fmi-crecimiento-divisas-argentina\/\",\"url\":\"https:\/\/safras.com.br\/es\/acumular-reservas-fmi-crecimiento-divisas-argentina\/\",\"name\":\"Exsubdirectora del FMI pide que Argentina genere divisas propias - SAFRAS &amp; Mercado\",\"isPartOf\":{\"@id\":\"https:\/\/safras.com.br\/es\/#website\"},\"primaryImageOfPage\":{\"@id\":\"https:\/\/safras.com.br\/es\/acumular-reservas-fmi-crecimiento-divisas-argentina\/#primaryimage\"},\"image\":{\"@id\":\"https:\/\/safras.com.br\/es\/acumular-reservas-fmi-crecimiento-divisas-argentina\/#primaryimage\"},\"thumbnailUrl\":\"https:\/\/safras.com.br\/es\/wp-content\/uploads\/2026\/08\/FMI-CAPUTO.jpeg\",\"datePublished\":\"2026-08-31T14:29:10+00:00\",\"description\":\"Gita Gopinath pidi\u00f3 acumular reservas para ingresar al mercado de cr\u00e9dito y recomend\u00f3 prudencia ante el levantamiento de controles cambiarios.\",\"breadcrumb\":{\"@id\":\"https:\/\/safras.com.br\/es\/acumular-reservas-fmi-crecimiento-divisas-argentina\/#breadcrumb\"},\"inLanguage\":\"es\",\"potentialAction\":[{\"@type\":\"ReadAction\",\"target\":[\"https:\/\/safras.com.br\/es\/acumular-reservas-fmi-crecimiento-divisas-argentina\/\"]}]},{\"@type\":\"ImageObject\",\"inLanguage\":\"es\",\"@id\":\"https:\/\/safras.com.br\/es\/acumular-reservas-fmi-crecimiento-divisas-argentina\/#primaryimage\",\"url\":\"https:\/\/safras.com.br\/es\/wp-content\/uploads\/2026\/08\/FMI-CAPUTO.jpeg\",\"contentUrl\":\"https:\/\/safras.com.br\/es\/wp-content\/uploads\/2026\/08\/FMI-CAPUTO.jpeg\",\"width\":1200,\"height\":800,\"caption\":\"FMI CAPUTO\"},{\"@type\":\"BreadcrumbList\",\"@id\":\"https:\/\/safras.com.br\/es\/acumular-reservas-fmi-crecimiento-divisas-argentina\/#breadcrumb\",\"itemListElement\":[{\"@type\":\"ListItem\",\"position\":1,\"name\":\"Portada\",\"item\":\"https:\/\/safras.com.br\/es\/\"},{\"@type\":\"ListItem\",\"position\":2,\"name\":\"Exsubdirectora del FMI pide que Argentina genere divisas propias\"}]},{\"@type\":\"WebSite\",\"@id\":\"https:\/\/safras.com.br\/es\/#website\",\"url\":\"https:\/\/safras.com.br\/es\/\",\"name\":\"SAFRAS & Mercado\",\"description\":\"El ecosistema de agronegocios\",\"publisher\":{\"@id\":\"https:\/\/safras.com.br\/es\/#organization\"},\"potentialAction\":[{\"@type\":\"SearchAction\",\"target\":{\"@type\":\"EntryPoint\",\"urlTemplate\":\"https:\/\/safras.com.br\/es\/?s={search_term_string}\"},\"query-input\":{\"@type\":\"PropertyValueSpecification\",\"valueRequired\":true,\"valueName\":\"search_term_string\"}}],\"inLanguage\":\"es\"},{\"@type\":\"Organization\",\"@id\":\"https:\/\/safras.com.br\/es\/#organization\",\"name\":\"SAFRAS & Mercado\",\"url\":\"https:\/\/safras.com.br\/es\/\",\"logo\":{\"@type\":\"ImageObject\",\"inLanguage\":\"es\",\"@id\":\"https:\/\/safras.com.br\/es\/#\/schema\/logo\/image\/\",\"url\":\"https:\/\/safras.com.br\/es\/wp-content\/uploads\/2023\/01\/cropped-favicon.png\",\"contentUrl\":\"https:\/\/safras.com.br\/es\/wp-content\/uploads\/2023\/01\/cropped-favicon.png\",\"width\":512,\"height\":512,\"caption\":\"SAFRAS & Mercado\"},\"image\":{\"@id\":\"https:\/\/safras.com.br\/es\/#\/schema\/logo\/image\/\"}},{\"@type\":\"Person\",\"@id\":\"https:\/\/safras.com.br\/es\/#\/schema\/person\/8a6e0df178260e340253292bf04da747\",\"name\":\"Horacio Vera\",\"image\":{\"@type\":\"ImageObject\",\"inLanguage\":\"es\",\"@id\":\"https:\/\/safras.com.br\/es\/#\/schema\/person\/image\/\",\"url\":\"https:\/\/secure.gravatar.com\/avatar\/bc30669cd90fb2e21304f48bfae82357e2f9224933e78600478745d017747a8f?s=96&d=mm&r=g\",\"contentUrl\":\"https:\/\/secure.gravatar.com\/avatar\/bc30669cd90fb2e21304f48bfae82357e2f9224933e78600478745d017747a8f?s=96&d=mm&r=g\",\"caption\":\"Horacio Vera\"},\"url\":\"https:\/\/safras.com.br\/es\/author\/sf_horacio\/\"}]}<\/script>\n<!-- \/ Yoast SEO plugin. -->","yoast_head_json":{"title":"Exsubdirectora del FMI pide que Argentina genere divisas propias - SAFRAS &amp; Mercado","description":"Gita Gopinath pidi\u00f3 acumular reservas para ingresar al mercado de cr\u00e9dito y recomend\u00f3 prudencia ante el levantamiento de controles cambiarios.","robots":{"index":"index","follow":"follow","max-snippet":"max-snippet:-1","max-image-preview":"max-image-preview:large","max-video-preview":"max-video-preview:-1"},"canonical":"https:\/\/safras.com.br\/es\/acumular-reservas-fmi-crecimiento-divisas-argentina\/","og_locale":"es_ES","og_type":"article","og_title":"Exsubdirectora del FMI pide que Argentina genere divisas propias - SAFRAS &amp; Mercado","og_description":"Gita Gopinath pidi\u00f3 acumular reservas para ingresar al mercado de cr\u00e9dito y recomend\u00f3 prudencia ante el levantamiento de controles cambiarios.","og_url":"https:\/\/safras.com.br\/es\/acumular-reservas-fmi-crecimiento-divisas-argentina\/","og_site_name":"SAFRAS &amp; Mercado","article_published_time":"2026-08-31T14:29:10+00:00","og_image":[{"width":1200,"height":800,"url":"https:\/\/safras.com.br\/es\/wp-content\/uploads\/2026\/08\/FMI-CAPUTO.jpeg","type":"image\/jpeg"}],"author":"Horacio Vera","twitter_card":"summary_large_image","twitter_misc":{"Escrito por":"Horacio Vera","Tiempo de lectura":"1 minuto"},"schema":{"@context":"https:\/\/schema.org","@graph":[{"@type":"Article","@id":"https:\/\/safras.com.br\/es\/acumular-reservas-fmi-crecimiento-divisas-argentina\/#article","isPartOf":{"@id":"https:\/\/safras.com.br\/es\/acumular-reservas-fmi-crecimiento-divisas-argentina\/"},"author":{"name":"Horacio Vera","@id":"https:\/\/safras.com.br\/es\/#\/schema\/person\/8a6e0df178260e340253292bf04da747"},"headline":"Exsubdirectora del FMI pide que Argentina genere divisas propias","datePublished":"2026-08-31T14:29:10+00:00","mainEntityOfPage":{"@id":"https:\/\/safras.com.br\/es\/acumular-reservas-fmi-crecimiento-divisas-argentina\/"},"wordCount":97,"commentCount":1,"publisher":{"@id":"https:\/\/safras.com.br\/es\/#organization"},"image":{"@id":"https:\/\/safras.com.br\/es\/acumular-reservas-fmi-crecimiento-divisas-argentina\/#primaryimage"},"thumbnailUrl":"https:\/\/safras.com.br\/es\/wp-content\/uploads\/2026\/08\/FMI-CAPUTO.jpeg","keywords":["ARGENTINA","d\u00f3lares","fmi"],"articleSection":["Noticias Financieras"],"inLanguage":"es","potentialAction":[{"@type":"CommentAction","name":"Comment","target":["https:\/\/safras.com.br\/es\/acumular-reservas-fmi-crecimiento-divisas-argentina\/#respond"]}]},{"@type":"WebPage","@id":"https:\/\/safras.com.br\/es\/acumular-reservas-fmi-crecimiento-divisas-argentina\/","url":"https:\/\/safras.com.br\/es\/acumular-reservas-fmi-crecimiento-divisas-argentina\/","name":"Exsubdirectora del FMI pide que Argentina genere divisas propias - SAFRAS &amp; Mercado","isPartOf":{"@id":"https:\/\/safras.com.br\/es\/#website"},"primaryImageOfPage":{"@id":"https:\/\/safras.com.br\/es\/acumular-reservas-fmi-crecimiento-divisas-argentina\/#primaryimage"},"image":{"@id":"https:\/\/safras.com.br\/es\/acumular-reservas-fmi-crecimiento-divisas-argentina\/#primaryimage"},"thumbnailUrl":"https:\/\/safras.com.br\/es\/wp-content\/uploads\/2026\/08\/FMI-CAPUTO.jpeg","datePublished":"2026-08-31T14:29:10+00:00","description":"Gita Gopinath pidi\u00f3 acumular reservas para ingresar al mercado de cr\u00e9dito y recomend\u00f3 prudencia ante el levantamiento de controles cambiarios.","breadcrumb":{"@id":"https:\/\/safras.com.br\/es\/acumular-reservas-fmi-crecimiento-divisas-argentina\/#breadcrumb"},"inLanguage":"es","potentialAction":[{"@type":"ReadAction","target":["https:\/\/safras.com.br\/es\/acumular-reservas-fmi-crecimiento-divisas-argentina\/"]}]},{"@type":"ImageObject","inLanguage":"es","@id":"https:\/\/safras.com.br\/es\/acumular-reservas-fmi-crecimiento-divisas-argentina\/#primaryimage","url":"https:\/\/safras.com.br\/es\/wp-content\/uploads\/2026\/08\/FMI-CAPUTO.jpeg","contentUrl":"https:\/\/safras.com.br\/es\/wp-content\/uploads\/2026\/08\/FMI-CAPUTO.jpeg","width":1200,"height":800,"caption":"FMI CAPUTO"},{"@type":"BreadcrumbList","@id":"https:\/\/safras.com.br\/es\/acumular-reservas-fmi-crecimiento-divisas-argentina\/#breadcrumb","itemListElement":[{"@type":"ListItem","position":1,"name":"Portada","item":"https:\/\/safras.com.br\/es\/"},{"@type":"ListItem","position":2,"name":"Exsubdirectora del FMI pide que Argentina genere divisas propias"}]},{"@type":"WebSite","@id":"https:\/\/safras.com.br\/es\/#website","url":"https:\/\/safras.com.br\/es\/","name":"SAFRAS & Mercado","description":"El ecosistema de agronegocios","publisher":{"@id":"https:\/\/safras.com.br\/es\/#organization"},"potentialAction":[{"@type":"SearchAction","target":{"@type":"EntryPoint","urlTemplate":"https:\/\/safras.com.br\/es\/?s={search_term_string}"},"query-input":{"@type":"PropertyValueSpecification","valueRequired":true,"valueName":"search_term_string"}}],"inLanguage":"es"},{"@type":"Organization","@id":"https:\/\/safras.com.br\/es\/#organization","name":"SAFRAS & Mercado","url":"https:\/\/safras.com.br\/es\/","logo":{"@type":"ImageObject","inLanguage":"es","@id":"https:\/\/safras.com.br\/es\/#\/schema\/logo\/image\/","url":"https:\/\/safras.com.br\/es\/wp-content\/uploads\/2023\/01\/cropped-favicon.png","contentUrl":"https:\/\/safras.com.br\/es\/wp-content\/uploads\/2023\/01\/cropped-favicon.png","width":512,"height":512,"caption":"SAFRAS & Mercado"},"image":{"@id":"https:\/\/safras.com.br\/es\/#\/schema\/logo\/image\/"}},{"@type":"Person","@id":"https:\/\/safras.com.br\/es\/#\/schema\/person\/8a6e0df178260e340253292bf04da747","name":"Horacio Vera","image":{"@type":"ImageObject","inLanguage":"es","@id":"https:\/\/safras.com.br\/es\/#\/schema\/person\/image\/","url":"https:\/\/secure.gravatar.com\/avatar\/bc30669cd90fb2e21304f48bfae82357e2f9224933e78600478745d017747a8f?s=96&d=mm&r=g","contentUrl":"https:\/\/secure.gravatar.com\/avatar\/bc30669cd90fb2e21304f48bfae82357e2f9224933e78600478745d017747a8f?s=96&d=mm&r=g","caption":"Horacio Vera"},"url":"https:\/\/safras.com.br\/es\/author\/sf_horacio\/"}]}},"_links":{"self":[{"href":"https:\/\/safras.com.br\/es\/wp-json\/wp\/v2\/posts\/70753","targetHints":{"allow":["GET"]}}],"collection":[{"href":"https:\/\/safras.com.br\/es\/wp-json\/wp\/v2\/posts"}],"about":[{"href":"https:\/\/safras.com.br\/es\/wp-json\/wp\/v2\/types\/post"}],"author":[{"embeddable":true,"href":"https:\/\/safras.com.br\/es\/wp-json\/wp\/v2\/users\/13"}],"replies":[{"embeddable":true,"href":"https:\/\/safras.com.br\/es\/wp-json\/wp\/v2\/comments?post=70753"}],"version-history":[{"count":2,"href":"https:\/\/safras.com.br\/es\/wp-json\/wp\/v2\/posts\/70753\/revisions"}],"predecessor-version":[{"id":70756,"href":"https:\/\/safras.com.br\/es\/wp-json\/wp\/v2\/posts\/70753\/revisions\/70756"}],"wp:featuredmedia":[{"embeddable":true,"href":"https:\/\/safras.com.br\/es\/wp-json\/wp\/v2\/media\/70754"}],"wp:attachment":[{"href":"https:\/\/safras.com.br\/es\/wp-json\/wp\/v2\/media?parent=70753"}],"wp:term":[{"taxonomy":"category","embeddable":true,"href":"https:\/\/safras.com.br\/es\/wp-json\/wp\/v2\/categories?post=70753"},{"taxonomy":"post_tag","embeddable":true,"href":"https:\/\/safras.com.br\/es\/wp-json\/wp\/v2\/tags?post=70753"},{"taxonomy":"commodity","embeddable":true,"href":"https:\/\/safras.com.br\/es\/wp-json\/wp\/v2\/commodity?post=70753"}],"curies":[{"name":"wp","href":"https:\/\/api.w.org\/{rel}","templated":true}]}}