{"id":69394,"date":"2026-04-30T15:54:11","date_gmt":"2026-04-30T18:54:11","guid":{"rendered":"https:\/\/safras.com.br\/es\/?p=69394"},"modified":"2026-04-30T15:54:11","modified_gmt":"2026-04-30T18:54:11","slug":"inta-preve-descenso-de-temperaturas-y-ausencia-de-lluvias-para-proxima-semana","status":"publish","type":"post","link":"https:\/\/safras.com.br\/es\/inta-preve-descenso-de-temperaturas-y-ausencia-de-lluvias-para-proxima-semana\/","title":{"rendered":"INTA prev\u00e9 descenso de temperaturas y ausencia de lluvias para pr\u00f3xima semana"},"content":{"rendered":"<p>El informe agrometeorol\u00f3gico del <a href=\"https:\/\/safras.com.br\/es\/alerta-por-tormentas-y-brusco-descenso-termico-en-zona-agricola-argentina-inta\/\">INTA<\/a> anticipa que para el per\u00edodo del <strong>30 abril al 5 de mayo 2026<\/strong> una probabilidad de <strong>heladas d\u00e9biles en la porci\u00f3n centro del pa\u00eds<\/strong>, con posibles heladas moderadas en la Patagonia.<\/p>\n<p>Por otro, habr\u00e1 <strong>probabilidad de lluvias sobre las provincias del NEA<\/strong> y precipitaciones dispersas en el NOA.<\/p>\n<p>Las temperaturas <strong>fr\u00edas<\/strong> en la mayor parte del \u00e1rea agr\u00edcola, rondar\u00e1n entre los <strong>10 y 20C<\/strong>. A partir del fin de semana, se anticipa un marcado descenso t\u00e9rmico en la Regi\u00f3n Pampeana con valores inferiores a los 3C.<\/p>\n<p>Desde el INTA, dijeron que la ausencia de precipitaciones durante la semana pr\u00f3xima y bajas temperaturas abrir\u00edan una ventana para el avance de la <strong>cosecha de cultivos de grano grueso<\/strong>.<\/p>\n","protected":false},"excerpt":{"rendered":"<p>El informe agrometeorol\u00f3gico del INTA anticipa que para el per\u00edodo del 30 abril al 5 de mayo 2026 una probabilidad de heladas d\u00e9biles en la porci\u00f3n centro del pa\u00eds, con posibles heladas moderadas en la Patagonia. Por otro, habr\u00e1 probabilidad de lluvias sobre las provincias del NEA y precipitaciones dispersas en el NOA. Las temperaturas [&hellip;]<\/p>\n","protected":false},"author":28,"featured_media":54084,"comment_status":"open","ping_status":"closed","sticky":false,"template":"","format":"standard","meta":{"_acf_changed":false,"footnotes":""},"categories":[267],"tags":[182,391,1036],"commodity":[42],"class_list":["post-69394","post","type-post","status-publish","format-standard","has-post-thumbnail","hentry","category-agronegocio-es","tag-clima","tag-inta-es","tag-precipitaciones","commodity-clima"],"acf":[],"yoast_head":"<!-- This site is optimized with the Yoast SEO plugin v26.5 - https:\/\/yoast.com\/wordpress\/plugins\/seo\/ -->\n<title>INTA prev\u00e9 descenso de temperaturas y ausencia de lluvias para pr\u00f3xima semana - SAFRAS &amp; Mercado<\/title>\n<meta name=\"description\" content=\"El informe agrometeorol\u00f3gico del INTA anticipa una probabilidad de heladas d\u00e9biles en la porci\u00f3n centro del pa\u00eds.\" \/>\n<meta name=\"robots\" content=\"index, follow, max-snippet:-1, max-image-preview:large, max-video-preview:-1\" \/>\n<link rel=\"canonical\" href=\"https:\/\/safras.com.br\/es\/inta-preve-descenso-de-temperaturas-y-ausencia-de-lluvias-para-proxima-semana\/\" \/>\n<meta property=\"og:locale\" content=\"es_ES\" \/>\n<meta property=\"og:type\" content=\"article\" \/>\n<meta property=\"og:title\" content=\"INTA prev\u00e9 descenso de temperaturas y ausencia de lluvias para pr\u00f3xima semana - SAFRAS &amp; Mercado\" \/>\n<meta property=\"og:description\" content=\"El informe agrometeorol\u00f3gico del INTA anticipa una probabilidad de heladas d\u00e9biles en la porci\u00f3n centro del pa\u00eds.\" \/>\n<meta property=\"og:url\" content=\"https:\/\/safras.com.br\/es\/inta-preve-descenso-de-temperaturas-y-ausencia-de-lluvias-para-proxima-semana\/\" \/>\n<meta property=\"og:site_name\" content=\"SAFRAS &amp; Mercado\" \/>\n<meta property=\"article:published_time\" content=\"2026-04-30T18:54:11+00:00\" \/>\n<meta property=\"og:image\" content=\"https:\/\/safras.com.br\/es\/wp-content\/uploads\/2023\/09\/Clima7.jpg\" \/>\n\t<meta property=\"og:image:width\" content=\"1280\" \/>\n\t<meta property=\"og:image:height\" content=\"853\" \/>\n\t<meta property=\"og:image:type\" content=\"image\/jpeg\" \/>\n<meta name=\"author\" content=\"geronimo kener\" \/>\n<meta name=\"twitter:card\" content=\"summary_large_image\" \/>\n<meta name=\"twitter:label1\" content=\"Escrito por\" \/>\n\t<meta name=\"twitter:data1\" content=\"geronimo kener\" \/>\n\t<meta name=\"twitter:label2\" content=\"Tiempo de lectura\" \/>\n\t<meta name=\"twitter:data2\" content=\"1 minuto\" \/>\n<script type=\"application\/ld+json\" class=\"yoast-schema-graph\">{\"@context\":\"https:\/\/schema.org\",\"@graph\":[{\"@type\":\"Article\",\"@id\":\"https:\/\/safras.com.br\/es\/inta-preve-descenso-de-temperaturas-y-ausencia-de-lluvias-para-proxima-semana\/#article\",\"isPartOf\":{\"@id\":\"https:\/\/safras.com.br\/es\/inta-preve-descenso-de-temperaturas-y-ausencia-de-lluvias-para-proxima-semana\/\"},\"author\":{\"name\":\"geronimo kener\",\"@id\":\"https:\/\/safras.com.br\/es\/#\/schema\/person\/3c7009f94cf442d9df6f2cd1eedd0bfd\"},\"headline\":\"INTA prev\u00e9 descenso de temperaturas y ausencia de lluvias para pr\u00f3xima semana\",\"datePublished\":\"2026-04-30T18:54:11+00:00\",\"mainEntityOfPage\":{\"@id\":\"https:\/\/safras.com.br\/es\/inta-preve-descenso-de-temperaturas-y-ausencia-de-lluvias-para-proxima-semana\/\"},\"wordCount\":142,\"commentCount\":0,\"publisher\":{\"@id\":\"https:\/\/safras.com.br\/es\/#organization\"},\"image\":{\"@id\":\"https:\/\/safras.com.br\/es\/inta-preve-descenso-de-temperaturas-y-ausencia-de-lluvias-para-proxima-semana\/#primaryimage\"},\"thumbnailUrl\":\"https:\/\/safras.com.br\/es\/wp-content\/uploads\/2023\/09\/Clima7.jpg\",\"keywords\":[\"Clima\",\"INTA\",\"precipitaciones\"],\"articleSection\":[\"Noticias Agronegocio\"],\"inLanguage\":\"es\",\"potentialAction\":[{\"@type\":\"CommentAction\",\"name\":\"Comment\",\"target\":[\"https:\/\/safras.com.br\/es\/inta-preve-descenso-de-temperaturas-y-ausencia-de-lluvias-para-proxima-semana\/#respond\"]}]},{\"@type\":\"WebPage\",\"@id\":\"https:\/\/safras.com.br\/es\/inta-preve-descenso-de-temperaturas-y-ausencia-de-lluvias-para-proxima-semana\/\",\"url\":\"https:\/\/safras.com.br\/es\/inta-preve-descenso-de-temperaturas-y-ausencia-de-lluvias-para-proxima-semana\/\",\"name\":\"INTA prev\u00e9 descenso de temperaturas y ausencia de lluvias para pr\u00f3xima semana - SAFRAS &amp; Mercado\",\"isPartOf\":{\"@id\":\"https:\/\/safras.com.br\/es\/#website\"},\"primaryImageOfPage\":{\"@id\":\"https:\/\/safras.com.br\/es\/inta-preve-descenso-de-temperaturas-y-ausencia-de-lluvias-para-proxima-semana\/#primaryimage\"},\"image\":{\"@id\":\"https:\/\/safras.com.br\/es\/inta-preve-descenso-de-temperaturas-y-ausencia-de-lluvias-para-proxima-semana\/#primaryimage\"},\"thumbnailUrl\":\"https:\/\/safras.com.br\/es\/wp-content\/uploads\/2023\/09\/Clima7.jpg\",\"datePublished\":\"2026-04-30T18:54:11+00:00\",\"description\":\"El informe agrometeorol\u00f3gico del INTA anticipa una probabilidad de heladas d\u00e9biles en la porci\u00f3n centro del pa\u00eds.\",\"breadcrumb\":{\"@id\":\"https:\/\/safras.com.br\/es\/inta-preve-descenso-de-temperaturas-y-ausencia-de-lluvias-para-proxima-semana\/#breadcrumb\"},\"inLanguage\":\"es\",\"potentialAction\":[{\"@type\":\"ReadAction\",\"target\":[\"https:\/\/safras.com.br\/es\/inta-preve-descenso-de-temperaturas-y-ausencia-de-lluvias-para-proxima-semana\/\"]}]},{\"@type\":\"ImageObject\",\"inLanguage\":\"es\",\"@id\":\"https:\/\/safras.com.br\/es\/inta-preve-descenso-de-temperaturas-y-ausencia-de-lluvias-para-proxima-semana\/#primaryimage\",\"url\":\"https:\/\/safras.com.br\/es\/wp-content\/uploads\/2023\/09\/Clima7.jpg\",\"contentUrl\":\"https:\/\/safras.com.br\/es\/wp-content\/uploads\/2023\/09\/Clima7.jpg\",\"width\":1280,\"height\":853,\"caption\":\"Clima7\"},{\"@type\":\"BreadcrumbList\",\"@id\":\"https:\/\/safras.com.br\/es\/inta-preve-descenso-de-temperaturas-y-ausencia-de-lluvias-para-proxima-semana\/#breadcrumb\",\"itemListElement\":[{\"@type\":\"ListItem\",\"position\":1,\"name\":\"Portada\",\"item\":\"https:\/\/safras.com.br\/es\/\"},{\"@type\":\"ListItem\",\"position\":2,\"name\":\"INTA prev\u00e9 descenso de temperaturas y ausencia de lluvias para pr\u00f3xima semana\"}]},{\"@type\":\"WebSite\",\"@id\":\"https:\/\/safras.com.br\/es\/#website\",\"url\":\"https:\/\/safras.com.br\/es\/\",\"name\":\"SAFRAS & Mercado\",\"description\":\"El ecosistema de agronegocios\",\"publisher\":{\"@id\":\"https:\/\/safras.com.br\/es\/#organization\"},\"potentialAction\":[{\"@type\":\"SearchAction\",\"target\":{\"@type\":\"EntryPoint\",\"urlTemplate\":\"https:\/\/safras.com.br\/es\/?s={search_term_string}\"},\"query-input\":{\"@type\":\"PropertyValueSpecification\",\"valueRequired\":true,\"valueName\":\"search_term_string\"}}],\"inLanguage\":\"es\"},{\"@type\":\"Organization\",\"@id\":\"https:\/\/safras.com.br\/es\/#organization\",\"name\":\"SAFRAS & Mercado\",\"url\":\"https:\/\/safras.com.br\/es\/\",\"logo\":{\"@type\":\"ImageObject\",\"inLanguage\":\"es\",\"@id\":\"https:\/\/safras.com.br\/es\/#\/schema\/logo\/image\/\",\"url\":\"https:\/\/safras.com.br\/es\/wp-content\/uploads\/2023\/01\/cropped-favicon.png\",\"contentUrl\":\"https:\/\/safras.com.br\/es\/wp-content\/uploads\/2023\/01\/cropped-favicon.png\",\"width\":512,\"height\":512,\"caption\":\"SAFRAS & Mercado\"},\"image\":{\"@id\":\"https:\/\/safras.com.br\/es\/#\/schema\/logo\/image\/\"}},{\"@type\":\"Person\",\"@id\":\"https:\/\/safras.com.br\/es\/#\/schema\/person\/3c7009f94cf442d9df6f2cd1eedd0bfd\",\"name\":\"geronimo kener\",\"image\":{\"@type\":\"ImageObject\",\"inLanguage\":\"es\",\"@id\":\"https:\/\/safras.com.br\/es\/#\/schema\/person\/image\/\",\"url\":\"https:\/\/secure.gravatar.com\/avatar\/97803e93b95c46f5640aea59976da81aba4ba2ddb9a9f119122d0a068646612f?s=96&d=mm&r=g\",\"contentUrl\":\"https:\/\/secure.gravatar.com\/avatar\/97803e93b95c46f5640aea59976da81aba4ba2ddb9a9f119122d0a068646612f?s=96&d=mm&r=g\",\"caption\":\"geronimo kener\"},\"sameAs\":[\"http:\/\/safras.com.br\/es\"],\"url\":\"https:\/\/safras.com.br\/es\/author\/geronimo-kener\/\"}]}<\/script>\n<!-- \/ Yoast SEO plugin. -->","yoast_head_json":{"title":"INTA prev\u00e9 descenso de temperaturas y ausencia de lluvias para pr\u00f3xima semana - SAFRAS &amp; Mercado","description":"El informe agrometeorol\u00f3gico del INTA anticipa una probabilidad de heladas d\u00e9biles en la porci\u00f3n centro del pa\u00eds.","robots":{"index":"index","follow":"follow","max-snippet":"max-snippet:-1","max-image-preview":"max-image-preview:large","max-video-preview":"max-video-preview:-1"},"canonical":"https:\/\/safras.com.br\/es\/inta-preve-descenso-de-temperaturas-y-ausencia-de-lluvias-para-proxima-semana\/","og_locale":"es_ES","og_type":"article","og_title":"INTA prev\u00e9 descenso de temperaturas y ausencia de lluvias para pr\u00f3xima semana - SAFRAS &amp; Mercado","og_description":"El informe agrometeorol\u00f3gico del INTA anticipa una probabilidad de heladas d\u00e9biles en la porci\u00f3n centro del pa\u00eds.","og_url":"https:\/\/safras.com.br\/es\/inta-preve-descenso-de-temperaturas-y-ausencia-de-lluvias-para-proxima-semana\/","og_site_name":"SAFRAS &amp; Mercado","article_published_time":"2026-04-30T18:54:11+00:00","og_image":[{"width":1280,"height":853,"url":"https:\/\/safras.com.br\/es\/wp-content\/uploads\/2023\/09\/Clima7.jpg","type":"image\/jpeg"}],"author":"geronimo kener","twitter_card":"summary_large_image","twitter_misc":{"Escrito por":"geronimo kener","Tiempo de lectura":"1 minuto"},"schema":{"@context":"https:\/\/schema.org","@graph":[{"@type":"Article","@id":"https:\/\/safras.com.br\/es\/inta-preve-descenso-de-temperaturas-y-ausencia-de-lluvias-para-proxima-semana\/#article","isPartOf":{"@id":"https:\/\/safras.com.br\/es\/inta-preve-descenso-de-temperaturas-y-ausencia-de-lluvias-para-proxima-semana\/"},"author":{"name":"geronimo kener","@id":"https:\/\/safras.com.br\/es\/#\/schema\/person\/3c7009f94cf442d9df6f2cd1eedd0bfd"},"headline":"INTA prev\u00e9 descenso de temperaturas y ausencia de lluvias para pr\u00f3xima semana","datePublished":"2026-04-30T18:54:11+00:00","mainEntityOfPage":{"@id":"https:\/\/safras.com.br\/es\/inta-preve-descenso-de-temperaturas-y-ausencia-de-lluvias-para-proxima-semana\/"},"wordCount":142,"commentCount":0,"publisher":{"@id":"https:\/\/safras.com.br\/es\/#organization"},"image":{"@id":"https:\/\/safras.com.br\/es\/inta-preve-descenso-de-temperaturas-y-ausencia-de-lluvias-para-proxima-semana\/#primaryimage"},"thumbnailUrl":"https:\/\/safras.com.br\/es\/wp-content\/uploads\/2023\/09\/Clima7.jpg","keywords":["Clima","INTA","precipitaciones"],"articleSection":["Noticias Agronegocio"],"inLanguage":"es","potentialAction":[{"@type":"CommentAction","name":"Comment","target":["https:\/\/safras.com.br\/es\/inta-preve-descenso-de-temperaturas-y-ausencia-de-lluvias-para-proxima-semana\/#respond"]}]},{"@type":"WebPage","@id":"https:\/\/safras.com.br\/es\/inta-preve-descenso-de-temperaturas-y-ausencia-de-lluvias-para-proxima-semana\/","url":"https:\/\/safras.com.br\/es\/inta-preve-descenso-de-temperaturas-y-ausencia-de-lluvias-para-proxima-semana\/","name":"INTA prev\u00e9 descenso de temperaturas y ausencia de lluvias para pr\u00f3xima semana - SAFRAS &amp; Mercado","isPartOf":{"@id":"https:\/\/safras.com.br\/es\/#website"},"primaryImageOfPage":{"@id":"https:\/\/safras.com.br\/es\/inta-preve-descenso-de-temperaturas-y-ausencia-de-lluvias-para-proxima-semana\/#primaryimage"},"image":{"@id":"https:\/\/safras.com.br\/es\/inta-preve-descenso-de-temperaturas-y-ausencia-de-lluvias-para-proxima-semana\/#primaryimage"},"thumbnailUrl":"https:\/\/safras.com.br\/es\/wp-content\/uploads\/2023\/09\/Clima7.jpg","datePublished":"2026-04-30T18:54:11+00:00","description":"El informe agrometeorol\u00f3gico del INTA anticipa una probabilidad de heladas d\u00e9biles en la porci\u00f3n centro del pa\u00eds.","breadcrumb":{"@id":"https:\/\/safras.com.br\/es\/inta-preve-descenso-de-temperaturas-y-ausencia-de-lluvias-para-proxima-semana\/#breadcrumb"},"inLanguage":"es","potentialAction":[{"@type":"ReadAction","target":["https:\/\/safras.com.br\/es\/inta-preve-descenso-de-temperaturas-y-ausencia-de-lluvias-para-proxima-semana\/"]}]},{"@type":"ImageObject","inLanguage":"es","@id":"https:\/\/safras.com.br\/es\/inta-preve-descenso-de-temperaturas-y-ausencia-de-lluvias-para-proxima-semana\/#primaryimage","url":"https:\/\/safras.com.br\/es\/wp-content\/uploads\/2023\/09\/Clima7.jpg","contentUrl":"https:\/\/safras.com.br\/es\/wp-content\/uploads\/2023\/09\/Clima7.jpg","width":1280,"height":853,"caption":"Clima7"},{"@type":"BreadcrumbList","@id":"https:\/\/safras.com.br\/es\/inta-preve-descenso-de-temperaturas-y-ausencia-de-lluvias-para-proxima-semana\/#breadcrumb","itemListElement":[{"@type":"ListItem","position":1,"name":"Portada","item":"https:\/\/safras.com.br\/es\/"},{"@type":"ListItem","position":2,"name":"INTA prev\u00e9 descenso de temperaturas y ausencia de lluvias para pr\u00f3xima semana"}]},{"@type":"WebSite","@id":"https:\/\/safras.com.br\/es\/#website","url":"https:\/\/safras.com.br\/es\/","name":"SAFRAS & Mercado","description":"El ecosistema de agronegocios","publisher":{"@id":"https:\/\/safras.com.br\/es\/#organization"},"potentialAction":[{"@type":"SearchAction","target":{"@type":"EntryPoint","urlTemplate":"https:\/\/safras.com.br\/es\/?s={search_term_string}"},"query-input":{"@type":"PropertyValueSpecification","valueRequired":true,"valueName":"search_term_string"}}],"inLanguage":"es"},{"@type":"Organization","@id":"https:\/\/safras.com.br\/es\/#organization","name":"SAFRAS & Mercado","url":"https:\/\/safras.com.br\/es\/","logo":{"@type":"ImageObject","inLanguage":"es","@id":"https:\/\/safras.com.br\/es\/#\/schema\/logo\/image\/","url":"https:\/\/safras.com.br\/es\/wp-content\/uploads\/2023\/01\/cropped-favicon.png","contentUrl":"https:\/\/safras.com.br\/es\/wp-content\/uploads\/2023\/01\/cropped-favicon.png","width":512,"height":512,"caption":"SAFRAS & Mercado"},"image":{"@id":"https:\/\/safras.com.br\/es\/#\/schema\/logo\/image\/"}},{"@type":"Person","@id":"https:\/\/safras.com.br\/es\/#\/schema\/person\/3c7009f94cf442d9df6f2cd1eedd0bfd","name":"geronimo kener","image":{"@type":"ImageObject","inLanguage":"es","@id":"https:\/\/safras.com.br\/es\/#\/schema\/person\/image\/","url":"https:\/\/secure.gravatar.com\/avatar\/97803e93b95c46f5640aea59976da81aba4ba2ddb9a9f119122d0a068646612f?s=96&d=mm&r=g","contentUrl":"https:\/\/secure.gravatar.com\/avatar\/97803e93b95c46f5640aea59976da81aba4ba2ddb9a9f119122d0a068646612f?s=96&d=mm&r=g","caption":"geronimo kener"},"sameAs":["http:\/\/safras.com.br\/es"],"url":"https:\/\/safras.com.br\/es\/author\/geronimo-kener\/"}]}},"_links":{"self":[{"href":"https:\/\/safras.com.br\/es\/wp-json\/wp\/v2\/posts\/69394","targetHints":{"allow":["GET"]}}],"collection":[{"href":"https:\/\/safras.com.br\/es\/wp-json\/wp\/v2\/posts"}],"about":[{"href":"https:\/\/safras.com.br\/es\/wp-json\/wp\/v2\/types\/post"}],"author":[{"embeddable":true,"href":"https:\/\/safras.com.br\/es\/wp-json\/wp\/v2\/users\/28"}],"replies":[{"embeddable":true,"href":"https:\/\/safras.com.br\/es\/wp-json\/wp\/v2\/comments?post=69394"}],"version-history":[{"count":1,"href":"https:\/\/safras.com.br\/es\/wp-json\/wp\/v2\/posts\/69394\/revisions"}],"predecessor-version":[{"id":69395,"href":"https:\/\/safras.com.br\/es\/wp-json\/wp\/v2\/posts\/69394\/revisions\/69395"}],"wp:featuredmedia":[{"embeddable":true,"href":"https:\/\/safras.com.br\/es\/wp-json\/wp\/v2\/media\/54084"}],"wp:attachment":[{"href":"https:\/\/safras.com.br\/es\/wp-json\/wp\/v2\/media?parent=69394"}],"wp:term":[{"taxonomy":"category","embeddable":true,"href":"https:\/\/safras.com.br\/es\/wp-json\/wp\/v2\/categories?post=69394"},{"taxonomy":"post_tag","embeddable":true,"href":"https:\/\/safras.com.br\/es\/wp-json\/wp\/v2\/tags?post=69394"},{"taxonomy":"commodity","embeddable":true,"href":"https:\/\/safras.com.br\/es\/wp-json\/wp\/v2\/commodity?post=69394"}],"curies":[{"name":"wp","href":"https:\/\/api.w.org\/{rel}","templated":true}]}}