{"id":69390,"date":"2026-04-30T12:29:58","date_gmt":"2026-04-30T15:29:58","guid":{"rendered":"https:\/\/safras.com.br\/es\/?p=69390"},"modified":"2026-04-30T12:29:58","modified_gmt":"2026-04-30T15:29:58","slug":"industria-molinera-advierte-por-falta-de-abastecimiento-de-trigo","status":"publish","type":"post","link":"https:\/\/safras.com.br\/es\/industria-molinera-advierte-por-falta-de-abastecimiento-de-trigo\/","title":{"rendered":"Industria molinera advierte por falta de abastecimiento de trigo"},"content":{"rendered":"<p>La Federaci\u00f3n Argentina de la Industria Molinera (FAIM), mostr\u00f3 preocupaci\u00f3n por la falta de abastecimiento del trigo y <strong>escasez de partidas de trigo aptas para panificaci\u00f3n.<\/strong><\/p>\n<p>La<strong> molienda de trigo e<\/strong>n el primer cuatrimestre del ciclo comercial 2025\/26 fue de 1.963.746 toneladas, 1,0% superior al mismo per\u00edodo de la campa\u00f1a anterior.<\/p>\n<p>En este sentido, el presidente de FAIM, Diego Cifarelli, explic\u00f3 que la molienda est\u00e1 muy lejos de las expectativas de hace algunos meses, tras una cosecha de 27,9 millones de toneladas, un 50% superior a 2024\/25.<\/p>\n<p>Cifarelli explic\u00f3 que la moliner\u00eda ofrece los mejores precios del mercado, porque reconoce las partidas con calidad panadera.<\/p>\n<p>Sin embargo, al observar las compras de exportaciones hasta mediados de abril, el crecimiento fue exponencial respecto a la campa\u00f1a anterior, mientras que para la molienda, el dato se mantiene similar a 2024\/25.<\/p>\n<p>Una de las hip\u00f3tesis para explicar la problem\u00e1tica es la ca\u00edda del valor relativo del trigo respecto a los fertilizantes, insumo clave que tuvo grandes aumentos en los \u00faltimos meses.<\/p>\n","protected":false},"excerpt":{"rendered":"<p>La Federaci\u00f3n Argentina de la Industria Molinera (FAIM), mostr\u00f3 preocupaci\u00f3n por la falta de abastecimiento del trigo y escasez de partidas de trigo aptas para panificaci\u00f3n. La molienda de trigo en el primer cuatrimestre del ciclo comercial 2025\/26 fue de 1.963.746 toneladas, 1,0% superior al mismo per\u00edodo de la campa\u00f1a anterior. En este sentido, el [&hellip;]<\/p>\n","protected":false},"author":28,"featured_media":67644,"comment_status":"open","ping_status":"closed","sticky":false,"template":"","format":"standard","meta":{"_acf_changed":false,"footnotes":""},"categories":[267],"tags":[1096,128],"commodity":[46,47,49],"class_list":["post-69390","post","type-post","status-publish","format-standard","has-post-thumbnail","hentry","category-agronegocio-es","tag-pan","tag-trigo","commodity-maiz","commodity-soja","commodity-trigo"],"acf":[],"yoast_head":"<!-- This site is optimized with the Yoast SEO plugin v26.5 - https:\/\/yoast.com\/wordpress\/plugins\/seo\/ -->\n<title>Industria molinera advierte por falta de abastecimiento de trigo<\/title>\n<meta name=\"robots\" content=\"index, follow, max-snippet:-1, max-image-preview:large, max-video-preview:-1\" \/>\n<link rel=\"canonical\" href=\"https:\/\/safras.com.br\/es\/industria-molinera-advierte-por-falta-de-abastecimiento-de-trigo\/\" \/>\n<meta property=\"og:locale\" content=\"es_ES\" \/>\n<meta property=\"og:type\" content=\"article\" \/>\n<meta property=\"og:title\" content=\"Industria molinera advierte por falta de abastecimiento de trigo\" \/>\n<meta property=\"og:description\" content=\"La Federaci\u00f3n Argentina de la Industria Molinera (FAIM), mostr\u00f3 preocupaci\u00f3n por la falta de abastecimiento del trigo y escasez de partidas de trigo aptas para panificaci\u00f3n. La molienda de trigo en el primer cuatrimestre del ciclo comercial 2025\/26 fue de 1.963.746 toneladas, 1,0% superior al mismo per\u00edodo de la campa\u00f1a anterior. En este sentido, el [&hellip;]\" \/>\n<meta property=\"og:url\" content=\"https:\/\/safras.com.br\/es\/industria-molinera-advierte-por-falta-de-abastecimiento-de-trigo\/\" \/>\n<meta property=\"og:site_name\" content=\"SAFRAS &amp; Mercado\" \/>\n<meta property=\"article:published_time\" content=\"2026-04-30T15:29:58+00:00\" \/>\n<meta property=\"og:image\" content=\"https:\/\/safras.com.br\/es\/wp-content\/uploads\/2025\/11\/trigo.jpeg\" \/>\n\t<meta property=\"og:image:width\" content=\"1600\" \/>\n\t<meta property=\"og:image:height\" content=\"1066\" \/>\n\t<meta property=\"og:image:type\" content=\"image\/jpeg\" \/>\n<meta name=\"author\" content=\"geronimo kener\" \/>\n<meta name=\"twitter:card\" content=\"summary_large_image\" \/>\n<meta name=\"twitter:label1\" content=\"Escrito por\" \/>\n\t<meta name=\"twitter:data1\" content=\"geronimo kener\" \/>\n\t<meta name=\"twitter:label2\" content=\"Tiempo de lectura\" \/>\n\t<meta name=\"twitter:data2\" content=\"1 minuto\" \/>\n<script type=\"application\/ld+json\" class=\"yoast-schema-graph\">{\"@context\":\"https:\/\/schema.org\",\"@graph\":[{\"@type\":\"Article\",\"@id\":\"https:\/\/safras.com.br\/es\/industria-molinera-advierte-por-falta-de-abastecimiento-de-trigo\/#article\",\"isPartOf\":{\"@id\":\"https:\/\/safras.com.br\/es\/industria-molinera-advierte-por-falta-de-abastecimiento-de-trigo\/\"},\"author\":{\"name\":\"geronimo kener\",\"@id\":\"https:\/\/safras.com.br\/es\/#\/schema\/person\/3c7009f94cf442d9df6f2cd1eedd0bfd\"},\"headline\":\"Industria molinera advierte por falta de abastecimiento de trigo\",\"datePublished\":\"2026-04-30T15:29:58+00:00\",\"mainEntityOfPage\":{\"@id\":\"https:\/\/safras.com.br\/es\/industria-molinera-advierte-por-falta-de-abastecimiento-de-trigo\/\"},\"wordCount\":180,\"commentCount\":0,\"publisher\":{\"@id\":\"https:\/\/safras.com.br\/es\/#organization\"},\"image\":{\"@id\":\"https:\/\/safras.com.br\/es\/industria-molinera-advierte-por-falta-de-abastecimiento-de-trigo\/#primaryimage\"},\"thumbnailUrl\":\"https:\/\/safras.com.br\/es\/wp-content\/uploads\/2025\/11\/trigo.jpeg\",\"keywords\":[\"pan\",\"Trigo\"],\"articleSection\":[\"Noticias Agronegocio\"],\"inLanguage\":\"es\",\"potentialAction\":[{\"@type\":\"CommentAction\",\"name\":\"Comment\",\"target\":[\"https:\/\/safras.com.br\/es\/industria-molinera-advierte-por-falta-de-abastecimiento-de-trigo\/#respond\"]}]},{\"@type\":\"WebPage\",\"@id\":\"https:\/\/safras.com.br\/es\/industria-molinera-advierte-por-falta-de-abastecimiento-de-trigo\/\",\"url\":\"https:\/\/safras.com.br\/es\/industria-molinera-advierte-por-falta-de-abastecimiento-de-trigo\/\",\"name\":\"Industria molinera advierte por falta de abastecimiento de trigo\",\"isPartOf\":{\"@id\":\"https:\/\/safras.com.br\/es\/#website\"},\"primaryImageOfPage\":{\"@id\":\"https:\/\/safras.com.br\/es\/industria-molinera-advierte-por-falta-de-abastecimiento-de-trigo\/#primaryimage\"},\"image\":{\"@id\":\"https:\/\/safras.com.br\/es\/industria-molinera-advierte-por-falta-de-abastecimiento-de-trigo\/#primaryimage\"},\"thumbnailUrl\":\"https:\/\/safras.com.br\/es\/wp-content\/uploads\/2025\/11\/trigo.jpeg\",\"datePublished\":\"2026-04-30T15:29:58+00:00\",\"breadcrumb\":{\"@id\":\"https:\/\/safras.com.br\/es\/industria-molinera-advierte-por-falta-de-abastecimiento-de-trigo\/#breadcrumb\"},\"inLanguage\":\"es\",\"potentialAction\":[{\"@type\":\"ReadAction\",\"target\":[\"https:\/\/safras.com.br\/es\/industria-molinera-advierte-por-falta-de-abastecimiento-de-trigo\/\"]}]},{\"@type\":\"ImageObject\",\"inLanguage\":\"es\",\"@id\":\"https:\/\/safras.com.br\/es\/industria-molinera-advierte-por-falta-de-abastecimiento-de-trigo\/#primaryimage\",\"url\":\"https:\/\/safras.com.br\/es\/wp-content\/uploads\/2025\/11\/trigo.jpeg\",\"contentUrl\":\"https:\/\/safras.com.br\/es\/wp-content\/uploads\/2025\/11\/trigo.jpeg\",\"width\":1600,\"height\":1066,\"caption\":\"Ministerio de Agricultura \u2014 argentina.gob.ar\"},{\"@type\":\"BreadcrumbList\",\"@id\":\"https:\/\/safras.com.br\/es\/industria-molinera-advierte-por-falta-de-abastecimiento-de-trigo\/#breadcrumb\",\"itemListElement\":[{\"@type\":\"ListItem\",\"position\":1,\"name\":\"Portada\",\"item\":\"https:\/\/safras.com.br\/es\/\"},{\"@type\":\"ListItem\",\"position\":2,\"name\":\"Industria molinera advierte por falta de abastecimiento de trigo\"}]},{\"@type\":\"WebSite\",\"@id\":\"https:\/\/safras.com.br\/es\/#website\",\"url\":\"https:\/\/safras.com.br\/es\/\",\"name\":\"SAFRAS & Mercado\",\"description\":\"El ecosistema de agronegocios\",\"publisher\":{\"@id\":\"https:\/\/safras.com.br\/es\/#organization\"},\"potentialAction\":[{\"@type\":\"SearchAction\",\"target\":{\"@type\":\"EntryPoint\",\"urlTemplate\":\"https:\/\/safras.com.br\/es\/?s={search_term_string}\"},\"query-input\":{\"@type\":\"PropertyValueSpecification\",\"valueRequired\":true,\"valueName\":\"search_term_string\"}}],\"inLanguage\":\"es\"},{\"@type\":\"Organization\",\"@id\":\"https:\/\/safras.com.br\/es\/#organization\",\"name\":\"SAFRAS & Mercado\",\"url\":\"https:\/\/safras.com.br\/es\/\",\"logo\":{\"@type\":\"ImageObject\",\"inLanguage\":\"es\",\"@id\":\"https:\/\/safras.com.br\/es\/#\/schema\/logo\/image\/\",\"url\":\"https:\/\/safras.com.br\/es\/wp-content\/uploads\/2023\/01\/cropped-favicon.png\",\"contentUrl\":\"https:\/\/safras.com.br\/es\/wp-content\/uploads\/2023\/01\/cropped-favicon.png\",\"width\":512,\"height\":512,\"caption\":\"SAFRAS & Mercado\"},\"image\":{\"@id\":\"https:\/\/safras.com.br\/es\/#\/schema\/logo\/image\/\"}},{\"@type\":\"Person\",\"@id\":\"https:\/\/safras.com.br\/es\/#\/schema\/person\/3c7009f94cf442d9df6f2cd1eedd0bfd\",\"name\":\"geronimo kener\",\"image\":{\"@type\":\"ImageObject\",\"inLanguage\":\"es\",\"@id\":\"https:\/\/safras.com.br\/es\/#\/schema\/person\/image\/\",\"url\":\"https:\/\/secure.gravatar.com\/avatar\/97803e93b95c46f5640aea59976da81aba4ba2ddb9a9f119122d0a068646612f?s=96&d=mm&r=g\",\"contentUrl\":\"https:\/\/secure.gravatar.com\/avatar\/97803e93b95c46f5640aea59976da81aba4ba2ddb9a9f119122d0a068646612f?s=96&d=mm&r=g\",\"caption\":\"geronimo kener\"},\"sameAs\":[\"http:\/\/safras.com.br\/es\"],\"url\":\"https:\/\/safras.com.br\/es\/author\/geronimo-kener\/\"}]}<\/script>\n<!-- \/ Yoast SEO plugin. -->","yoast_head_json":{"title":"Industria molinera advierte por falta de abastecimiento de trigo","robots":{"index":"index","follow":"follow","max-snippet":"max-snippet:-1","max-image-preview":"max-image-preview:large","max-video-preview":"max-video-preview:-1"},"canonical":"https:\/\/safras.com.br\/es\/industria-molinera-advierte-por-falta-de-abastecimiento-de-trigo\/","og_locale":"es_ES","og_type":"article","og_title":"Industria molinera advierte por falta de abastecimiento de trigo","og_description":"La Federaci\u00f3n Argentina de la Industria Molinera (FAIM), mostr\u00f3 preocupaci\u00f3n por la falta de abastecimiento del trigo y escasez de partidas de trigo aptas para panificaci\u00f3n. La molienda de trigo en el primer cuatrimestre del ciclo comercial 2025\/26 fue de 1.963.746 toneladas, 1,0% superior al mismo per\u00edodo de la campa\u00f1a anterior. En este sentido, el [&hellip;]","og_url":"https:\/\/safras.com.br\/es\/industria-molinera-advierte-por-falta-de-abastecimiento-de-trigo\/","og_site_name":"SAFRAS &amp; Mercado","article_published_time":"2026-04-30T15:29:58+00:00","og_image":[{"width":1600,"height":1066,"url":"https:\/\/safras.com.br\/es\/wp-content\/uploads\/2025\/11\/trigo.jpeg","type":"image\/jpeg"}],"author":"geronimo kener","twitter_card":"summary_large_image","twitter_misc":{"Escrito por":"geronimo kener","Tiempo de lectura":"1 minuto"},"schema":{"@context":"https:\/\/schema.org","@graph":[{"@type":"Article","@id":"https:\/\/safras.com.br\/es\/industria-molinera-advierte-por-falta-de-abastecimiento-de-trigo\/#article","isPartOf":{"@id":"https:\/\/safras.com.br\/es\/industria-molinera-advierte-por-falta-de-abastecimiento-de-trigo\/"},"author":{"name":"geronimo kener","@id":"https:\/\/safras.com.br\/es\/#\/schema\/person\/3c7009f94cf442d9df6f2cd1eedd0bfd"},"headline":"Industria molinera advierte por falta de abastecimiento de trigo","datePublished":"2026-04-30T15:29:58+00:00","mainEntityOfPage":{"@id":"https:\/\/safras.com.br\/es\/industria-molinera-advierte-por-falta-de-abastecimiento-de-trigo\/"},"wordCount":180,"commentCount":0,"publisher":{"@id":"https:\/\/safras.com.br\/es\/#organization"},"image":{"@id":"https:\/\/safras.com.br\/es\/industria-molinera-advierte-por-falta-de-abastecimiento-de-trigo\/#primaryimage"},"thumbnailUrl":"https:\/\/safras.com.br\/es\/wp-content\/uploads\/2025\/11\/trigo.jpeg","keywords":["pan","Trigo"],"articleSection":["Noticias Agronegocio"],"inLanguage":"es","potentialAction":[{"@type":"CommentAction","name":"Comment","target":["https:\/\/safras.com.br\/es\/industria-molinera-advierte-por-falta-de-abastecimiento-de-trigo\/#respond"]}]},{"@type":"WebPage","@id":"https:\/\/safras.com.br\/es\/industria-molinera-advierte-por-falta-de-abastecimiento-de-trigo\/","url":"https:\/\/safras.com.br\/es\/industria-molinera-advierte-por-falta-de-abastecimiento-de-trigo\/","name":"Industria molinera advierte por falta de abastecimiento de trigo","isPartOf":{"@id":"https:\/\/safras.com.br\/es\/#website"},"primaryImageOfPage":{"@id":"https:\/\/safras.com.br\/es\/industria-molinera-advierte-por-falta-de-abastecimiento-de-trigo\/#primaryimage"},"image":{"@id":"https:\/\/safras.com.br\/es\/industria-molinera-advierte-por-falta-de-abastecimiento-de-trigo\/#primaryimage"},"thumbnailUrl":"https:\/\/safras.com.br\/es\/wp-content\/uploads\/2025\/11\/trigo.jpeg","datePublished":"2026-04-30T15:29:58+00:00","breadcrumb":{"@id":"https:\/\/safras.com.br\/es\/industria-molinera-advierte-por-falta-de-abastecimiento-de-trigo\/#breadcrumb"},"inLanguage":"es","potentialAction":[{"@type":"ReadAction","target":["https:\/\/safras.com.br\/es\/industria-molinera-advierte-por-falta-de-abastecimiento-de-trigo\/"]}]},{"@type":"ImageObject","inLanguage":"es","@id":"https:\/\/safras.com.br\/es\/industria-molinera-advierte-por-falta-de-abastecimiento-de-trigo\/#primaryimage","url":"https:\/\/safras.com.br\/es\/wp-content\/uploads\/2025\/11\/trigo.jpeg","contentUrl":"https:\/\/safras.com.br\/es\/wp-content\/uploads\/2025\/11\/trigo.jpeg","width":1600,"height":1066,"caption":"Ministerio de Agricultura \u2014 argentina.gob.ar"},{"@type":"BreadcrumbList","@id":"https:\/\/safras.com.br\/es\/industria-molinera-advierte-por-falta-de-abastecimiento-de-trigo\/#breadcrumb","itemListElement":[{"@type":"ListItem","position":1,"name":"Portada","item":"https:\/\/safras.com.br\/es\/"},{"@type":"ListItem","position":2,"name":"Industria molinera advierte por falta de abastecimiento de trigo"}]},{"@type":"WebSite","@id":"https:\/\/safras.com.br\/es\/#website","url":"https:\/\/safras.com.br\/es\/","name":"SAFRAS & Mercado","description":"El ecosistema de agronegocios","publisher":{"@id":"https:\/\/safras.com.br\/es\/#organization"},"potentialAction":[{"@type":"SearchAction","target":{"@type":"EntryPoint","urlTemplate":"https:\/\/safras.com.br\/es\/?s={search_term_string}"},"query-input":{"@type":"PropertyValueSpecification","valueRequired":true,"valueName":"search_term_string"}}],"inLanguage":"es"},{"@type":"Organization","@id":"https:\/\/safras.com.br\/es\/#organization","name":"SAFRAS & Mercado","url":"https:\/\/safras.com.br\/es\/","logo":{"@type":"ImageObject","inLanguage":"es","@id":"https:\/\/safras.com.br\/es\/#\/schema\/logo\/image\/","url":"https:\/\/safras.com.br\/es\/wp-content\/uploads\/2023\/01\/cropped-favicon.png","contentUrl":"https:\/\/safras.com.br\/es\/wp-content\/uploads\/2023\/01\/cropped-favicon.png","width":512,"height":512,"caption":"SAFRAS & Mercado"},"image":{"@id":"https:\/\/safras.com.br\/es\/#\/schema\/logo\/image\/"}},{"@type":"Person","@id":"https:\/\/safras.com.br\/es\/#\/schema\/person\/3c7009f94cf442d9df6f2cd1eedd0bfd","name":"geronimo kener","image":{"@type":"ImageObject","inLanguage":"es","@id":"https:\/\/safras.com.br\/es\/#\/schema\/person\/image\/","url":"https:\/\/secure.gravatar.com\/avatar\/97803e93b95c46f5640aea59976da81aba4ba2ddb9a9f119122d0a068646612f?s=96&d=mm&r=g","contentUrl":"https:\/\/secure.gravatar.com\/avatar\/97803e93b95c46f5640aea59976da81aba4ba2ddb9a9f119122d0a068646612f?s=96&d=mm&r=g","caption":"geronimo kener"},"sameAs":["http:\/\/safras.com.br\/es"],"url":"https:\/\/safras.com.br\/es\/author\/geronimo-kener\/"}]}},"_links":{"self":[{"href":"https:\/\/safras.com.br\/es\/wp-json\/wp\/v2\/posts\/69390","targetHints":{"allow":["GET"]}}],"collection":[{"href":"https:\/\/safras.com.br\/es\/wp-json\/wp\/v2\/posts"}],"about":[{"href":"https:\/\/safras.com.br\/es\/wp-json\/wp\/v2\/types\/post"}],"author":[{"embeddable":true,"href":"https:\/\/safras.com.br\/es\/wp-json\/wp\/v2\/users\/28"}],"replies":[{"embeddable":true,"href":"https:\/\/safras.com.br\/es\/wp-json\/wp\/v2\/comments?post=69390"}],"version-history":[{"count":1,"href":"https:\/\/safras.com.br\/es\/wp-json\/wp\/v2\/posts\/69390\/revisions"}],"predecessor-version":[{"id":69391,"href":"https:\/\/safras.com.br\/es\/wp-json\/wp\/v2\/posts\/69390\/revisions\/69391"}],"wp:featuredmedia":[{"embeddable":true,"href":"https:\/\/safras.com.br\/es\/wp-json\/wp\/v2\/media\/67644"}],"wp:attachment":[{"href":"https:\/\/safras.com.br\/es\/wp-json\/wp\/v2\/media?parent=69390"}],"wp:term":[{"taxonomy":"category","embeddable":true,"href":"https:\/\/safras.com.br\/es\/wp-json\/wp\/v2\/categories?post=69390"},{"taxonomy":"post_tag","embeddable":true,"href":"https:\/\/safras.com.br\/es\/wp-json\/wp\/v2\/tags?post=69390"},{"taxonomy":"commodity","embeddable":true,"href":"https:\/\/safras.com.br\/es\/wp-json\/wp\/v2\/commodity?post=69390"}],"curies":[{"name":"wp","href":"https:\/\/api.w.org\/{rel}","templated":true}]}}