{"id":69388,"date":"2026-04-30T10:38:44","date_gmt":"2026-04-30T13:38:44","guid":{"rendered":"https:\/\/safras.com.br\/es\/?p=69388"},"modified":"2026-04-30T10:38:44","modified_gmt":"2026-04-30T13:38:44","slug":"argentina-reglamenta-cuotas-del-acuerdo-mercosur-ue","status":"publish","type":"post","link":"https:\/\/safras.com.br\/es\/argentina-reglamenta-cuotas-del-acuerdo-mercosur-ue\/","title":{"rendered":"Argentina reglamenta cuotas del acuerdo Mercosur-UE"},"content":{"rendered":"<p>El gobierno argentino oficializ\u00f3 el marco operativo para que las empresas accedan a los cupos de exportaci\u00f3n e importaci\u00f3n establecidos en el <strong>acuerdo comercial entre el Mercosur y la Uni\u00f3n Europea.<\/strong><\/p>\n<p>La Secretar\u00eda de Agricultura, Ganader\u00eda y Pesca reglament\u00f3, mediante las Resoluciones 50\/2026 y 53\/2026, las condiciones de acceso a las 21 cuotas otorgadas por el bloque europeo para productos agroindustriales locales.<\/p>\n<p>Esta medida busca otorgar \u00abm\u00e1s previsibilidad y reglas claras para el aprovechamiento de los cupos negociados\u00bb en sectores estrat\u00e9gicos como carnes, miel, arroz y l\u00e1cteos.<\/p>\n<p>El esquema normativo establece que la<strong> Uni\u00f3n Europea liberalizar\u00e1 el 84,0% de los aranceles para las exportaciones del Mercosur, mientras que el resto contar\u00e1 con preferencias fijas.<\/strong><\/p>\n<p>Por su parte, Argentina concedi\u00f3 11 contingentes a la UE, de los cuales productos como quesos y ajos ser\u00e1n permanentes, mientras que otros como chocolates alcanzar\u00e1n el libre comercio en plazos de hasta 14 a\u00f1os.<\/p>\n<p>La normativa dispone que el ingreso de productos europeos estar\u00e1 sujeto a un sistema de licenciamiento previo para proteger el mercado interno durante la transici\u00f3n hacia la desgravaci\u00f3n total.<\/p>\n<p>La reglamentaci\u00f3n asegura que las empresas argentinas est\u00e1n \u00abaltamente integradas en este flujo comercial\u00bb para aprovechar de forma inmediata las nuevas ventanas de exportaci\u00f3n hacia una de las zonas econ\u00f3micas m\u00e1s relevantes del planeta.<\/p>\n","protected":false},"excerpt":{"rendered":"<p>El gobierno argentino oficializ\u00f3 el marco operativo para que las empresas accedan a los cupos de exportaci\u00f3n e importaci\u00f3n establecidos en el acuerdo comercial entre el Mercosur y la Uni\u00f3n Europea. La Secretar\u00eda de Agricultura, Ganader\u00eda y Pesca reglament\u00f3, mediante las Resoluciones 50\/2026 y 53\/2026, las condiciones de acceso a las 21 cuotas otorgadas por [&hellip;]<\/p>\n","protected":false},"author":13,"featured_media":67955,"comment_status":"open","ping_status":"closed","sticky":false,"template":"","format":"standard","meta":{"_acf_changed":false,"footnotes":""},"categories":[267,268],"tags":[351,385],"commodity":[47,49],"class_list":["post-69388","post","type-post","status-publish","format-standard","has-post-thumbnail","hentry","category-agronegocio-es","category-sem-categoria-es","tag-mercosur","tag-ue","commodity-soja","commodity-trigo"],"acf":[],"yoast_head":"<!-- This site is optimized with the Yoast SEO plugin v26.5 - https:\/\/yoast.com\/wordpress\/plugins\/seo\/ -->\n<title>Argentina reglamenta cuotas del acuerdo Mercosur-UE<\/title>\n<meta name=\"robots\" content=\"index, follow, max-snippet:-1, max-image-preview:large, max-video-preview:-1\" \/>\n<link rel=\"canonical\" href=\"https:\/\/safras.com.br\/es\/argentina-reglamenta-cuotas-del-acuerdo-mercosur-ue\/\" \/>\n<meta property=\"og:locale\" content=\"es_ES\" \/>\n<meta property=\"og:type\" content=\"article\" \/>\n<meta property=\"og:title\" content=\"Argentina reglamenta cuotas del acuerdo Mercosur-UE\" \/>\n<meta property=\"og:description\" content=\"El gobierno argentino oficializ\u00f3 el marco operativo para que las empresas accedan a los cupos de exportaci\u00f3n e importaci\u00f3n establecidos en el acuerdo comercial entre el Mercosur y la Uni\u00f3n Europea. La Secretar\u00eda de Agricultura, Ganader\u00eda y Pesca reglament\u00f3, mediante las Resoluciones 50\/2026 y 53\/2026, las condiciones de acceso a las 21 cuotas otorgadas por [&hellip;]\" \/>\n<meta property=\"og:url\" content=\"https:\/\/safras.com.br\/es\/argentina-reglamenta-cuotas-del-acuerdo-mercosur-ue\/\" \/>\n<meta property=\"og:site_name\" content=\"SAFRAS &amp; Mercado\" \/>\n<meta property=\"article:published_time\" content=\"2026-04-30T13:38:44+00:00\" \/>\n<meta property=\"og:image\" content=\"https:\/\/safras.com.br\/es\/wp-content\/uploads\/2025\/12\/ue.jpg\" \/>\n\t<meta property=\"og:image:width\" content=\"991\" \/>\n\t<meta property=\"og:image:height\" content=\"661\" \/>\n\t<meta property=\"og:image:type\" content=\"image\/jpeg\" \/>\n<meta name=\"author\" content=\"Horacio Vera\" \/>\n<meta name=\"twitter:card\" content=\"summary_large_image\" \/>\n<meta name=\"twitter:label1\" content=\"Escrito por\" \/>\n\t<meta name=\"twitter:data1\" content=\"Horacio Vera\" \/>\n\t<meta name=\"twitter:label2\" content=\"Tiempo de lectura\" \/>\n\t<meta name=\"twitter:data2\" content=\"2 minutos\" \/>\n<script type=\"application\/ld+json\" class=\"yoast-schema-graph\">{\"@context\":\"https:\/\/schema.org\",\"@graph\":[{\"@type\":\"Article\",\"@id\":\"https:\/\/safras.com.br\/es\/argentina-reglamenta-cuotas-del-acuerdo-mercosur-ue\/#article\",\"isPartOf\":{\"@id\":\"https:\/\/safras.com.br\/es\/argentina-reglamenta-cuotas-del-acuerdo-mercosur-ue\/\"},\"author\":{\"name\":\"Horacio Vera\",\"@id\":\"https:\/\/safras.com.br\/es\/#\/schema\/person\/8a6e0df178260e340253292bf04da747\"},\"headline\":\"Argentina reglamenta cuotas del acuerdo Mercosur-UE\",\"datePublished\":\"2026-04-30T13:38:44+00:00\",\"mainEntityOfPage\":{\"@id\":\"https:\/\/safras.com.br\/es\/argentina-reglamenta-cuotas-del-acuerdo-mercosur-ue\/\"},\"wordCount\":231,\"commentCount\":0,\"publisher\":{\"@id\":\"https:\/\/safras.com.br\/es\/#organization\"},\"image\":{\"@id\":\"https:\/\/safras.com.br\/es\/argentina-reglamenta-cuotas-del-acuerdo-mercosur-ue\/#primaryimage\"},\"thumbnailUrl\":\"https:\/\/safras.com.br\/es\/wp-content\/uploads\/2025\/12\/ue.jpg\",\"keywords\":[\"mercosur\",\"ue\"],\"articleSection\":[\"Noticias Agronegocio\",\"Sem categoria\"],\"inLanguage\":\"es\",\"potentialAction\":[{\"@type\":\"CommentAction\",\"name\":\"Comment\",\"target\":[\"https:\/\/safras.com.br\/es\/argentina-reglamenta-cuotas-del-acuerdo-mercosur-ue\/#respond\"]}]},{\"@type\":\"WebPage\",\"@id\":\"https:\/\/safras.com.br\/es\/argentina-reglamenta-cuotas-del-acuerdo-mercosur-ue\/\",\"url\":\"https:\/\/safras.com.br\/es\/argentina-reglamenta-cuotas-del-acuerdo-mercosur-ue\/\",\"name\":\"Argentina reglamenta cuotas del acuerdo Mercosur-UE\",\"isPartOf\":{\"@id\":\"https:\/\/safras.com.br\/es\/#website\"},\"primaryImageOfPage\":{\"@id\":\"https:\/\/safras.com.br\/es\/argentina-reglamenta-cuotas-del-acuerdo-mercosur-ue\/#primaryimage\"},\"image\":{\"@id\":\"https:\/\/safras.com.br\/es\/argentina-reglamenta-cuotas-del-acuerdo-mercosur-ue\/#primaryimage\"},\"thumbnailUrl\":\"https:\/\/safras.com.br\/es\/wp-content\/uploads\/2025\/12\/ue.jpg\",\"datePublished\":\"2026-04-30T13:38:44+00:00\",\"breadcrumb\":{\"@id\":\"https:\/\/safras.com.br\/es\/argentina-reglamenta-cuotas-del-acuerdo-mercosur-ue\/#breadcrumb\"},\"inLanguage\":\"es\",\"potentialAction\":[{\"@type\":\"ReadAction\",\"target\":[\"https:\/\/safras.com.br\/es\/argentina-reglamenta-cuotas-del-acuerdo-mercosur-ue\/\"]}]},{\"@type\":\"ImageObject\",\"inLanguage\":\"es\",\"@id\":\"https:\/\/safras.com.br\/es\/argentina-reglamenta-cuotas-del-acuerdo-mercosur-ue\/#primaryimage\",\"url\":\"https:\/\/safras.com.br\/es\/wp-content\/uploads\/2025\/12\/ue.jpg\",\"contentUrl\":\"https:\/\/safras.com.br\/es\/wp-content\/uploads\/2025\/12\/ue.jpg\",\"width\":991,\"height\":661,\"caption\":\"ec.europa.eu\"},{\"@type\":\"BreadcrumbList\",\"@id\":\"https:\/\/safras.com.br\/es\/argentina-reglamenta-cuotas-del-acuerdo-mercosur-ue\/#breadcrumb\",\"itemListElement\":[{\"@type\":\"ListItem\",\"position\":1,\"name\":\"Portada\",\"item\":\"https:\/\/safras.com.br\/es\/\"},{\"@type\":\"ListItem\",\"position\":2,\"name\":\"Argentina reglamenta cuotas del acuerdo Mercosur-UE\"}]},{\"@type\":\"WebSite\",\"@id\":\"https:\/\/safras.com.br\/es\/#website\",\"url\":\"https:\/\/safras.com.br\/es\/\",\"name\":\"SAFRAS & Mercado\",\"description\":\"El ecosistema de agronegocios\",\"publisher\":{\"@id\":\"https:\/\/safras.com.br\/es\/#organization\"},\"potentialAction\":[{\"@type\":\"SearchAction\",\"target\":{\"@type\":\"EntryPoint\",\"urlTemplate\":\"https:\/\/safras.com.br\/es\/?s={search_term_string}\"},\"query-input\":{\"@type\":\"PropertyValueSpecification\",\"valueRequired\":true,\"valueName\":\"search_term_string\"}}],\"inLanguage\":\"es\"},{\"@type\":\"Organization\",\"@id\":\"https:\/\/safras.com.br\/es\/#organization\",\"name\":\"SAFRAS & Mercado\",\"url\":\"https:\/\/safras.com.br\/es\/\",\"logo\":{\"@type\":\"ImageObject\",\"inLanguage\":\"es\",\"@id\":\"https:\/\/safras.com.br\/es\/#\/schema\/logo\/image\/\",\"url\":\"https:\/\/safras.com.br\/es\/wp-content\/uploads\/2023\/01\/cropped-favicon.png\",\"contentUrl\":\"https:\/\/safras.com.br\/es\/wp-content\/uploads\/2023\/01\/cropped-favicon.png\",\"width\":512,\"height\":512,\"caption\":\"SAFRAS & Mercado\"},\"image\":{\"@id\":\"https:\/\/safras.com.br\/es\/#\/schema\/logo\/image\/\"}},{\"@type\":\"Person\",\"@id\":\"https:\/\/safras.com.br\/es\/#\/schema\/person\/8a6e0df178260e340253292bf04da747\",\"name\":\"Horacio Vera\",\"image\":{\"@type\":\"ImageObject\",\"inLanguage\":\"es\",\"@id\":\"https:\/\/safras.com.br\/es\/#\/schema\/person\/image\/\",\"url\":\"https:\/\/secure.gravatar.com\/avatar\/bc30669cd90fb2e21304f48bfae82357e2f9224933e78600478745d017747a8f?s=96&d=mm&r=g\",\"contentUrl\":\"https:\/\/secure.gravatar.com\/avatar\/bc30669cd90fb2e21304f48bfae82357e2f9224933e78600478745d017747a8f?s=96&d=mm&r=g\",\"caption\":\"Horacio Vera\"},\"url\":\"https:\/\/safras.com.br\/es\/author\/sf_horacio\/\"}]}<\/script>\n<!-- \/ Yoast SEO plugin. -->","yoast_head_json":{"title":"Argentina reglamenta cuotas del acuerdo Mercosur-UE","robots":{"index":"index","follow":"follow","max-snippet":"max-snippet:-1","max-image-preview":"max-image-preview:large","max-video-preview":"max-video-preview:-1"},"canonical":"https:\/\/safras.com.br\/es\/argentina-reglamenta-cuotas-del-acuerdo-mercosur-ue\/","og_locale":"es_ES","og_type":"article","og_title":"Argentina reglamenta cuotas del acuerdo Mercosur-UE","og_description":"El gobierno argentino oficializ\u00f3 el marco operativo para que las empresas accedan a los cupos de exportaci\u00f3n e importaci\u00f3n establecidos en el acuerdo comercial entre el Mercosur y la Uni\u00f3n Europea. La Secretar\u00eda de Agricultura, Ganader\u00eda y Pesca reglament\u00f3, mediante las Resoluciones 50\/2026 y 53\/2026, las condiciones de acceso a las 21 cuotas otorgadas por [&hellip;]","og_url":"https:\/\/safras.com.br\/es\/argentina-reglamenta-cuotas-del-acuerdo-mercosur-ue\/","og_site_name":"SAFRAS &amp; Mercado","article_published_time":"2026-04-30T13:38:44+00:00","og_image":[{"width":991,"height":661,"url":"https:\/\/safras.com.br\/es\/wp-content\/uploads\/2025\/12\/ue.jpg","type":"image\/jpeg"}],"author":"Horacio Vera","twitter_card":"summary_large_image","twitter_misc":{"Escrito por":"Horacio Vera","Tiempo de lectura":"2 minutos"},"schema":{"@context":"https:\/\/schema.org","@graph":[{"@type":"Article","@id":"https:\/\/safras.com.br\/es\/argentina-reglamenta-cuotas-del-acuerdo-mercosur-ue\/#article","isPartOf":{"@id":"https:\/\/safras.com.br\/es\/argentina-reglamenta-cuotas-del-acuerdo-mercosur-ue\/"},"author":{"name":"Horacio Vera","@id":"https:\/\/safras.com.br\/es\/#\/schema\/person\/8a6e0df178260e340253292bf04da747"},"headline":"Argentina reglamenta cuotas del acuerdo Mercosur-UE","datePublished":"2026-04-30T13:38:44+00:00","mainEntityOfPage":{"@id":"https:\/\/safras.com.br\/es\/argentina-reglamenta-cuotas-del-acuerdo-mercosur-ue\/"},"wordCount":231,"commentCount":0,"publisher":{"@id":"https:\/\/safras.com.br\/es\/#organization"},"image":{"@id":"https:\/\/safras.com.br\/es\/argentina-reglamenta-cuotas-del-acuerdo-mercosur-ue\/#primaryimage"},"thumbnailUrl":"https:\/\/safras.com.br\/es\/wp-content\/uploads\/2025\/12\/ue.jpg","keywords":["mercosur","ue"],"articleSection":["Noticias Agronegocio","Sem categoria"],"inLanguage":"es","potentialAction":[{"@type":"CommentAction","name":"Comment","target":["https:\/\/safras.com.br\/es\/argentina-reglamenta-cuotas-del-acuerdo-mercosur-ue\/#respond"]}]},{"@type":"WebPage","@id":"https:\/\/safras.com.br\/es\/argentina-reglamenta-cuotas-del-acuerdo-mercosur-ue\/","url":"https:\/\/safras.com.br\/es\/argentina-reglamenta-cuotas-del-acuerdo-mercosur-ue\/","name":"Argentina reglamenta cuotas del acuerdo Mercosur-UE","isPartOf":{"@id":"https:\/\/safras.com.br\/es\/#website"},"primaryImageOfPage":{"@id":"https:\/\/safras.com.br\/es\/argentina-reglamenta-cuotas-del-acuerdo-mercosur-ue\/#primaryimage"},"image":{"@id":"https:\/\/safras.com.br\/es\/argentina-reglamenta-cuotas-del-acuerdo-mercosur-ue\/#primaryimage"},"thumbnailUrl":"https:\/\/safras.com.br\/es\/wp-content\/uploads\/2025\/12\/ue.jpg","datePublished":"2026-04-30T13:38:44+00:00","breadcrumb":{"@id":"https:\/\/safras.com.br\/es\/argentina-reglamenta-cuotas-del-acuerdo-mercosur-ue\/#breadcrumb"},"inLanguage":"es","potentialAction":[{"@type":"ReadAction","target":["https:\/\/safras.com.br\/es\/argentina-reglamenta-cuotas-del-acuerdo-mercosur-ue\/"]}]},{"@type":"ImageObject","inLanguage":"es","@id":"https:\/\/safras.com.br\/es\/argentina-reglamenta-cuotas-del-acuerdo-mercosur-ue\/#primaryimage","url":"https:\/\/safras.com.br\/es\/wp-content\/uploads\/2025\/12\/ue.jpg","contentUrl":"https:\/\/safras.com.br\/es\/wp-content\/uploads\/2025\/12\/ue.jpg","width":991,"height":661,"caption":"ec.europa.eu"},{"@type":"BreadcrumbList","@id":"https:\/\/safras.com.br\/es\/argentina-reglamenta-cuotas-del-acuerdo-mercosur-ue\/#breadcrumb","itemListElement":[{"@type":"ListItem","position":1,"name":"Portada","item":"https:\/\/safras.com.br\/es\/"},{"@type":"ListItem","position":2,"name":"Argentina reglamenta cuotas del acuerdo Mercosur-UE"}]},{"@type":"WebSite","@id":"https:\/\/safras.com.br\/es\/#website","url":"https:\/\/safras.com.br\/es\/","name":"SAFRAS & Mercado","description":"El ecosistema de agronegocios","publisher":{"@id":"https:\/\/safras.com.br\/es\/#organization"},"potentialAction":[{"@type":"SearchAction","target":{"@type":"EntryPoint","urlTemplate":"https:\/\/safras.com.br\/es\/?s={search_term_string}"},"query-input":{"@type":"PropertyValueSpecification","valueRequired":true,"valueName":"search_term_string"}}],"inLanguage":"es"},{"@type":"Organization","@id":"https:\/\/safras.com.br\/es\/#organization","name":"SAFRAS & Mercado","url":"https:\/\/safras.com.br\/es\/","logo":{"@type":"ImageObject","inLanguage":"es","@id":"https:\/\/safras.com.br\/es\/#\/schema\/logo\/image\/","url":"https:\/\/safras.com.br\/es\/wp-content\/uploads\/2023\/01\/cropped-favicon.png","contentUrl":"https:\/\/safras.com.br\/es\/wp-content\/uploads\/2023\/01\/cropped-favicon.png","width":512,"height":512,"caption":"SAFRAS & Mercado"},"image":{"@id":"https:\/\/safras.com.br\/es\/#\/schema\/logo\/image\/"}},{"@type":"Person","@id":"https:\/\/safras.com.br\/es\/#\/schema\/person\/8a6e0df178260e340253292bf04da747","name":"Horacio Vera","image":{"@type":"ImageObject","inLanguage":"es","@id":"https:\/\/safras.com.br\/es\/#\/schema\/person\/image\/","url":"https:\/\/secure.gravatar.com\/avatar\/bc30669cd90fb2e21304f48bfae82357e2f9224933e78600478745d017747a8f?s=96&d=mm&r=g","contentUrl":"https:\/\/secure.gravatar.com\/avatar\/bc30669cd90fb2e21304f48bfae82357e2f9224933e78600478745d017747a8f?s=96&d=mm&r=g","caption":"Horacio Vera"},"url":"https:\/\/safras.com.br\/es\/author\/sf_horacio\/"}]}},"_links":{"self":[{"href":"https:\/\/safras.com.br\/es\/wp-json\/wp\/v2\/posts\/69388","targetHints":{"allow":["GET"]}}],"collection":[{"href":"https:\/\/safras.com.br\/es\/wp-json\/wp\/v2\/posts"}],"about":[{"href":"https:\/\/safras.com.br\/es\/wp-json\/wp\/v2\/types\/post"}],"author":[{"embeddable":true,"href":"https:\/\/safras.com.br\/es\/wp-json\/wp\/v2\/users\/13"}],"replies":[{"embeddable":true,"href":"https:\/\/safras.com.br\/es\/wp-json\/wp\/v2\/comments?post=69388"}],"version-history":[{"count":1,"href":"https:\/\/safras.com.br\/es\/wp-json\/wp\/v2\/posts\/69388\/revisions"}],"predecessor-version":[{"id":69389,"href":"https:\/\/safras.com.br\/es\/wp-json\/wp\/v2\/posts\/69388\/revisions\/69389"}],"wp:featuredmedia":[{"embeddable":true,"href":"https:\/\/safras.com.br\/es\/wp-json\/wp\/v2\/media\/67955"}],"wp:attachment":[{"href":"https:\/\/safras.com.br\/es\/wp-json\/wp\/v2\/media?parent=69388"}],"wp:term":[{"taxonomy":"category","embeddable":true,"href":"https:\/\/safras.com.br\/es\/wp-json\/wp\/v2\/categories?post=69388"},{"taxonomy":"post_tag","embeddable":true,"href":"https:\/\/safras.com.br\/es\/wp-json\/wp\/v2\/tags?post=69388"},{"taxonomy":"commodity","embeddable":true,"href":"https:\/\/safras.com.br\/es\/wp-json\/wp\/v2\/commodity?post=69388"}],"curies":[{"name":"wp","href":"https:\/\/api.w.org\/{rel}","templated":true}]}}