{"id":69372,"date":"2026-04-29T14:42:43","date_gmt":"2026-04-29T17:42:43","guid":{"rendered":"https:\/\/safras.com.br\/es\/?p=69372"},"modified":"2026-04-29T14:43:28","modified_gmt":"2026-04-29T17:43:28","slug":"entre-rios-cosecha-maiz-campana","status":"publish","type":"post","link":"https:\/\/safras.com.br\/es\/entre-rios-cosecha-maiz-campana\/","title":{"rendered":"Producci\u00f3n hist\u00f3rica de ma\u00edz en Entre R\u00edos con 3,43 mi ton"},"content":{"rendered":"<p data-path-to-node=\"0\">La provincia de Entre R\u00edos ha consolidado una<span style=\"color: #0000ff;\" data-darkreader-inline-color=\"\"><a style=\"color: #0000ff;\" href=\"https:\/\/safras.com.br\/es\/secretaria-ajusta-al-alza-area-para-maiz-2025-26-para-112-mi-has\/\" data-darkreader-inline-color=\"\"> recuperaci\u00f3n extraordinaria<\/a><\/span> en el sector agr\u00edcola, marcando un nuevo r\u00e9cord para su principal cereal. Seg\u00fan el \u00faltimo reporte de la <b data-path-to-node=\"0\" data-index-in-node=\"178\">Bolsa de Cereales de Entre R\u00edos<\/b>, la campa\u00f1a de ma\u00edz de primera 2025\/26 finaliz\u00f3 con cifras que transforman el mapa productivo de la regi\u00f3n.<\/p>\n<p data-path-to-node=\"3\">Con una cosecha total de <b data-path-to-node=\"3\" data-index-in-node=\"25\">3.437.800 toneladas<\/b>, el ciclo actual supera la marca hist\u00f3rica previa de 2023\/24. Este resultado representa la superaci\u00f3n definitiva de la crisis sanitaria causada por la \u00abchicharrita\u00bb hace dos a\u00f1os y devuelve al ma\u00edz su rol protag\u00f3nico en la provincia.<\/p>\n<h2 data-path-to-node=\"4\">1. Expansi\u00f3n del \u00e1rea y rendimiento<\/h2>\n<p data-path-to-node=\"5\">El salto productivo se explica principalmente por una apuesta masiva de los productores a la siembra temprana:<\/p>\n<ul data-path-to-node=\"6\">\n<li>\n<p data-path-to-node=\"6,0,0\"><b data-path-to-node=\"6,0,0\" data-index-in-node=\"0\">Superficie Sembrada:<\/b> Creci\u00f3 un <b data-path-to-node=\"6,0,0\" data-index-in-node=\"31\">86% interanual<\/b>, alcanzando las <b data-path-to-node=\"6,0,0\" data-index-in-node=\"62\">532.850 hect\u00e1reas<\/b>.<\/p>\n<\/li>\n<li>\n<p data-path-to-node=\"6,1,0\"><b data-path-to-node=\"6,1,0\" data-index-in-node=\"0\">Rendimiento Promedio:<\/b> Se situ\u00f3 en <b data-path-to-node=\"6,1,0\" data-index-in-node=\"34\">6.550 kg\/ha<\/b>. Aunque la cifra es alta, represent\u00f3 una leve ca\u00edda del <b data-path-to-node=\"6,1,0\" data-index-in-node=\"102\">2%<\/b> frente al ciclo anterior.<\/p>\n<\/li>\n<li>\n<p data-path-to-node=\"6,2,0\"><b data-path-to-node=\"6,2,0\" data-index-in-node=\"0\">Factor Clim\u00e1tico:<\/b> La irregularidad de las lluvias por el fen\u00f3meno de <b data-path-to-node=\"6,2,0\" data-index-in-node=\"69\">\u00abLa Ni\u00f1a\u00bb<\/b> durante diciembre y enero gener\u00f3 un escenario seco que impidi\u00f3 alcanzar techos de rinde mayores.<\/p>\n<\/li>\n<\/ul>\n<h2 data-path-to-node=\"7\">2. Ma\u00edz tard\u00edo y de segunda: Un escenario dispar<\/h2>\n<p data-path-to-node=\"8\">A diferencia del \u00e9xito del ma\u00edz de primera, los planteos tard\u00edos muestran una cara m\u00e1s compleja:<\/p>\n<ul data-path-to-node=\"9\">\n<li>\n<p data-path-to-node=\"9,0,0\"><b data-path-to-node=\"9,0,0\" data-index-in-node=\"0\">Superficie:<\/b> Apenas alcanz\u00f3 las <b data-path-to-node=\"9,0,0\" data-index-in-node=\"31\">22.200 hect\u00e1reas<\/b>.<\/p>\n<\/li>\n<li>\n<p data-path-to-node=\"9,1,0\"><b data-path-to-node=\"9,1,0\" data-index-in-node=\"0\">Estado de los lotes:<\/b> Solo el 64% se encuentra en condiciones buenas o muy buenas. El <b data-path-to-node=\"9,1,0\" data-index-in-node=\"85\">36% restante se clasifica como regular o malo<\/b> debido al pulso seco de febrero.<\/p>\n<\/li>\n<li>\n<p data-path-to-node=\"9,2,0\"><b data-path-to-node=\"9,2,0\" data-index-in-node=\"0\">Amenaza Sanitaria:<\/b> Se detect\u00f3 la reaparici\u00f3n de enfermedades vinculadas a la <b data-path-to-node=\"9,2,0\" data-index-in-node=\"77\">chicharrita<\/b> en lotes espec\u00edficos, lo que mantiene en alerta a los t\u00e9cnicos.<\/p>\n<\/li>\n<\/ul>\n<h2 data-path-to-node=\"10\">3. Balance de la Campa\u00f1a<\/h2>\n<p data-path-to-node=\"11\">A pesar de las dificultades en el segmento tard\u00edo, la producci\u00f3n global se mantiene s\u00f3lida:<\/p>\n<table data-path-to-node=\"12\">\n<thead>\n<tr>\n<td><strong>Segmento<\/strong><\/td>\n<td><strong>Producci\u00f3n (ton)<\/strong><\/td>\n<td><strong>Rendimiento (kg\/ha)<\/strong><\/td>\n<\/tr>\n<\/thead>\n<tbody>\n<tr>\n<td><span data-path-to-node=\"12,1,0,0\"><b data-path-to-node=\"12,1,0,0\" data-index-in-node=\"0\">Ma\u00edz de Primera<\/b><\/span><\/td>\n<td><span data-path-to-node=\"12,1,1,0\">3.437.800<\/span><\/td>\n<td><span data-path-to-node=\"12,1,2,0\">6.550<\/span><\/td>\n<\/tr>\n<tr>\n<td><span data-path-to-node=\"12,2,0,0\"><b data-path-to-node=\"12,2,0,0\" data-index-in-node=\"0\">Ma\u00edz Tard\u00edo\/2da (Est.)<\/b><\/span><\/td>\n<td><span data-path-to-node=\"12,2,1,0\">100.000<\/span><\/td>\n<td><span data-path-to-node=\"12,2,2,0\">~5.000<\/span><\/td>\n<\/tr>\n<tr>\n<td><span data-path-to-node=\"12,3,0,0\"><b data-path-to-node=\"12,3,0,0\" data-index-in-node=\"0\">Total Provincial<\/b><\/span><\/td>\n<td><span data-path-to-node=\"12,3,1,0\"><b data-path-to-node=\"12,3,1,0\" data-index-in-node=\"0\">3.537.800<\/b><\/span><\/td>\n<td><span data-path-to-node=\"12,3,2,0\">&#8211;<\/span><\/td>\n<\/tr>\n<\/tbody>\n<\/table>\n","protected":false},"excerpt":{"rendered":"<p>La provincia de Entre R\u00edos ha consolidado una recuperaci\u00f3n extraordinaria en el sector agr\u00edcola, marcando un nuevo r\u00e9cord para su principal cereal. Seg\u00fan el \u00faltimo reporte de la Bolsa de Cereales de Entre R\u00edos, la campa\u00f1a de ma\u00edz de primera 2025\/26 finaliz\u00f3 con cifras que transforman el mapa productivo de la regi\u00f3n. Con una cosecha [&hellip;]<\/p>\n","protected":false},"author":13,"featured_media":66813,"comment_status":"open","ping_status":"closed","sticky":false,"template":"","format":"standard","meta":{"_acf_changed":false,"footnotes":""},"categories":[267],"tags":[348,329],"commodity":[46],"class_list":["post-69372","post","type-post","status-publish","format-standard","has-post-thumbnail","hentry","category-agronegocio-es","tag-entre-rios","tag-maiz-es","commodity-maiz"],"acf":[],"yoast_head":"<!-- This site is optimized with the Yoast SEO plugin v26.5 - https:\/\/yoast.com\/wordpress\/plugins\/seo\/ -->\n<title>Producci\u00f3n hist\u00f3rica de ma\u00edz en Entre R\u00edos con 3,43 mi ton - SAFRAS &amp; Mercado<\/title>\n<meta name=\"description\" content=\"La campa\u00f1a de ma\u00edz de primera 2025\/26 en Entre R\u00edos alcanz\u00f3 un r\u00e9cord de 3,43 millones de toneladas, pese a la sequ\u00eda de enero.\" \/>\n<meta name=\"robots\" content=\"index, follow, max-snippet:-1, max-image-preview:large, max-video-preview:-1\" \/>\n<link rel=\"canonical\" href=\"https:\/\/safras.com.br\/es\/entre-rios-cosecha-maiz-campana\/\" \/>\n<meta property=\"og:locale\" content=\"es_ES\" \/>\n<meta property=\"og:type\" content=\"article\" \/>\n<meta property=\"og:title\" content=\"Producci\u00f3n hist\u00f3rica de ma\u00edz en Entre R\u00edos con 3,43 mi ton - SAFRAS &amp; Mercado\" \/>\n<meta property=\"og:description\" content=\"La campa\u00f1a de ma\u00edz de primera 2025\/26 en Entre R\u00edos alcanz\u00f3 un r\u00e9cord de 3,43 millones de toneladas, pese a la sequ\u00eda de enero.\" \/>\n<meta property=\"og:url\" content=\"https:\/\/safras.com.br\/es\/entre-rios-cosecha-maiz-campana\/\" \/>\n<meta property=\"og:site_name\" content=\"SAFRAS &amp; Mercado\" \/>\n<meta property=\"article:published_time\" content=\"2026-04-29T17:42:43+00:00\" \/>\n<meta property=\"article:modified_time\" content=\"2026-04-29T17:43:28+00:00\" \/>\n<meta property=\"og:image\" content=\"https:\/\/safras.com.br\/es\/wp-content\/uploads\/2025\/09\/maiz6.jpg\" \/>\n\t<meta property=\"og:image:width\" content=\"1280\" \/>\n\t<meta property=\"og:image:height\" content=\"853\" \/>\n\t<meta property=\"og:image:type\" content=\"image\/jpeg\" \/>\n<meta name=\"author\" content=\"Horacio Vera\" \/>\n<meta name=\"twitter:card\" content=\"summary_large_image\" \/>\n<meta name=\"twitter:label1\" content=\"Escrito por\" \/>\n\t<meta name=\"twitter:data1\" content=\"Horacio Vera\" \/>\n\t<meta name=\"twitter:label2\" content=\"Tiempo de lectura\" \/>\n\t<meta name=\"twitter:data2\" content=\"2 minutos\" \/>\n<script type=\"application\/ld+json\" class=\"yoast-schema-graph\">{\"@context\":\"https:\/\/schema.org\",\"@graph\":[{\"@type\":\"Article\",\"@id\":\"https:\/\/safras.com.br\/es\/entre-rios-cosecha-maiz-campana\/#article\",\"isPartOf\":{\"@id\":\"https:\/\/safras.com.br\/es\/entre-rios-cosecha-maiz-campana\/\"},\"author\":{\"name\":\"Horacio Vera\",\"@id\":\"https:\/\/safras.com.br\/es\/#\/schema\/person\/8a6e0df178260e340253292bf04da747\"},\"headline\":\"Producci\u00f3n hist\u00f3rica de ma\u00edz en Entre R\u00edos con 3,43 mi ton\",\"datePublished\":\"2026-04-29T17:42:43+00:00\",\"dateModified\":\"2026-04-29T17:43:28+00:00\",\"mainEntityOfPage\":{\"@id\":\"https:\/\/safras.com.br\/es\/entre-rios-cosecha-maiz-campana\/\"},\"wordCount\":337,\"commentCount\":0,\"publisher\":{\"@id\":\"https:\/\/safras.com.br\/es\/#organization\"},\"image\":{\"@id\":\"https:\/\/safras.com.br\/es\/entre-rios-cosecha-maiz-campana\/#primaryimage\"},\"thumbnailUrl\":\"https:\/\/safras.com.br\/es\/wp-content\/uploads\/2025\/09\/maiz6.jpg\",\"keywords\":[\"entre r\u00edos\",\"ma\u00edz\"],\"articleSection\":[\"Noticias Agronegocio\"],\"inLanguage\":\"es\",\"potentialAction\":[{\"@type\":\"CommentAction\",\"name\":\"Comment\",\"target\":[\"https:\/\/safras.com.br\/es\/entre-rios-cosecha-maiz-campana\/#respond\"]}]},{\"@type\":\"WebPage\",\"@id\":\"https:\/\/safras.com.br\/es\/entre-rios-cosecha-maiz-campana\/\",\"url\":\"https:\/\/safras.com.br\/es\/entre-rios-cosecha-maiz-campana\/\",\"name\":\"Producci\u00f3n hist\u00f3rica de ma\u00edz en Entre R\u00edos con 3,43 mi ton - SAFRAS &amp; Mercado\",\"isPartOf\":{\"@id\":\"https:\/\/safras.com.br\/es\/#website\"},\"primaryImageOfPage\":{\"@id\":\"https:\/\/safras.com.br\/es\/entre-rios-cosecha-maiz-campana\/#primaryimage\"},\"image\":{\"@id\":\"https:\/\/safras.com.br\/es\/entre-rios-cosecha-maiz-campana\/#primaryimage\"},\"thumbnailUrl\":\"https:\/\/safras.com.br\/es\/wp-content\/uploads\/2025\/09\/maiz6.jpg\",\"datePublished\":\"2026-04-29T17:42:43+00:00\",\"dateModified\":\"2026-04-29T17:43:28+00:00\",\"description\":\"La campa\u00f1a de ma\u00edz de primera 2025\/26 en Entre R\u00edos alcanz\u00f3 un r\u00e9cord de 3,43 millones de toneladas, pese a la sequ\u00eda de enero.\",\"breadcrumb\":{\"@id\":\"https:\/\/safras.com.br\/es\/entre-rios-cosecha-maiz-campana\/#breadcrumb\"},\"inLanguage\":\"es\",\"potentialAction\":[{\"@type\":\"ReadAction\",\"target\":[\"https:\/\/safras.com.br\/es\/entre-rios-cosecha-maiz-campana\/\"]}]},{\"@type\":\"ImageObject\",\"inLanguage\":\"es\",\"@id\":\"https:\/\/safras.com.br\/es\/entre-rios-cosecha-maiz-campana\/#primaryimage\",\"url\":\"https:\/\/safras.com.br\/es\/wp-content\/uploads\/2025\/09\/maiz6.jpg\",\"contentUrl\":\"https:\/\/safras.com.br\/es\/wp-content\/uploads\/2025\/09\/maiz6.jpg\",\"width\":1280,\"height\":853,\"caption\":\"Siembra de ma\u00edz en Argentina\"},{\"@type\":\"BreadcrumbList\",\"@id\":\"https:\/\/safras.com.br\/es\/entre-rios-cosecha-maiz-campana\/#breadcrumb\",\"itemListElement\":[{\"@type\":\"ListItem\",\"position\":1,\"name\":\"Portada\",\"item\":\"https:\/\/safras.com.br\/es\/\"},{\"@type\":\"ListItem\",\"position\":2,\"name\":\"Producci\u00f3n hist\u00f3rica de ma\u00edz en Entre R\u00edos con 3,43 mi ton\"}]},{\"@type\":\"WebSite\",\"@id\":\"https:\/\/safras.com.br\/es\/#website\",\"url\":\"https:\/\/safras.com.br\/es\/\",\"name\":\"SAFRAS & Mercado\",\"description\":\"El ecosistema de agronegocios\",\"publisher\":{\"@id\":\"https:\/\/safras.com.br\/es\/#organization\"},\"potentialAction\":[{\"@type\":\"SearchAction\",\"target\":{\"@type\":\"EntryPoint\",\"urlTemplate\":\"https:\/\/safras.com.br\/es\/?s={search_term_string}\"},\"query-input\":{\"@type\":\"PropertyValueSpecification\",\"valueRequired\":true,\"valueName\":\"search_term_string\"}}],\"inLanguage\":\"es\"},{\"@type\":\"Organization\",\"@id\":\"https:\/\/safras.com.br\/es\/#organization\",\"name\":\"SAFRAS & Mercado\",\"url\":\"https:\/\/safras.com.br\/es\/\",\"logo\":{\"@type\":\"ImageObject\",\"inLanguage\":\"es\",\"@id\":\"https:\/\/safras.com.br\/es\/#\/schema\/logo\/image\/\",\"url\":\"https:\/\/safras.com.br\/es\/wp-content\/uploads\/2023\/01\/cropped-favicon.png\",\"contentUrl\":\"https:\/\/safras.com.br\/es\/wp-content\/uploads\/2023\/01\/cropped-favicon.png\",\"width\":512,\"height\":512,\"caption\":\"SAFRAS & Mercado\"},\"image\":{\"@id\":\"https:\/\/safras.com.br\/es\/#\/schema\/logo\/image\/\"}},{\"@type\":\"Person\",\"@id\":\"https:\/\/safras.com.br\/es\/#\/schema\/person\/8a6e0df178260e340253292bf04da747\",\"name\":\"Horacio Vera\",\"image\":{\"@type\":\"ImageObject\",\"inLanguage\":\"es\",\"@id\":\"https:\/\/safras.com.br\/es\/#\/schema\/person\/image\/\",\"url\":\"https:\/\/secure.gravatar.com\/avatar\/bc30669cd90fb2e21304f48bfae82357e2f9224933e78600478745d017747a8f?s=96&d=mm&r=g\",\"contentUrl\":\"https:\/\/secure.gravatar.com\/avatar\/bc30669cd90fb2e21304f48bfae82357e2f9224933e78600478745d017747a8f?s=96&d=mm&r=g\",\"caption\":\"Horacio Vera\"},\"url\":\"https:\/\/safras.com.br\/es\/author\/sf_horacio\/\"}]}<\/script>\n<!-- \/ Yoast SEO plugin. -->","yoast_head_json":{"title":"Producci\u00f3n hist\u00f3rica de ma\u00edz en Entre R\u00edos con 3,43 mi ton - SAFRAS &amp; Mercado","description":"La campa\u00f1a de ma\u00edz de primera 2025\/26 en Entre R\u00edos alcanz\u00f3 un r\u00e9cord de 3,43 millones de toneladas, pese a la sequ\u00eda de enero.","robots":{"index":"index","follow":"follow","max-snippet":"max-snippet:-1","max-image-preview":"max-image-preview:large","max-video-preview":"max-video-preview:-1"},"canonical":"https:\/\/safras.com.br\/es\/entre-rios-cosecha-maiz-campana\/","og_locale":"es_ES","og_type":"article","og_title":"Producci\u00f3n hist\u00f3rica de ma\u00edz en Entre R\u00edos con 3,43 mi ton - SAFRAS &amp; Mercado","og_description":"La campa\u00f1a de ma\u00edz de primera 2025\/26 en Entre R\u00edos alcanz\u00f3 un r\u00e9cord de 3,43 millones de toneladas, pese a la sequ\u00eda de enero.","og_url":"https:\/\/safras.com.br\/es\/entre-rios-cosecha-maiz-campana\/","og_site_name":"SAFRAS &amp; Mercado","article_published_time":"2026-04-29T17:42:43+00:00","article_modified_time":"2026-04-29T17:43:28+00:00","og_image":[{"width":1280,"height":853,"url":"https:\/\/safras.com.br\/es\/wp-content\/uploads\/2025\/09\/maiz6.jpg","type":"image\/jpeg"}],"author":"Horacio Vera","twitter_card":"summary_large_image","twitter_misc":{"Escrito por":"Horacio Vera","Tiempo de lectura":"2 minutos"},"schema":{"@context":"https:\/\/schema.org","@graph":[{"@type":"Article","@id":"https:\/\/safras.com.br\/es\/entre-rios-cosecha-maiz-campana\/#article","isPartOf":{"@id":"https:\/\/safras.com.br\/es\/entre-rios-cosecha-maiz-campana\/"},"author":{"name":"Horacio Vera","@id":"https:\/\/safras.com.br\/es\/#\/schema\/person\/8a6e0df178260e340253292bf04da747"},"headline":"Producci\u00f3n hist\u00f3rica de ma\u00edz en Entre R\u00edos con 3,43 mi ton","datePublished":"2026-04-29T17:42:43+00:00","dateModified":"2026-04-29T17:43:28+00:00","mainEntityOfPage":{"@id":"https:\/\/safras.com.br\/es\/entre-rios-cosecha-maiz-campana\/"},"wordCount":337,"commentCount":0,"publisher":{"@id":"https:\/\/safras.com.br\/es\/#organization"},"image":{"@id":"https:\/\/safras.com.br\/es\/entre-rios-cosecha-maiz-campana\/#primaryimage"},"thumbnailUrl":"https:\/\/safras.com.br\/es\/wp-content\/uploads\/2025\/09\/maiz6.jpg","keywords":["entre r\u00edos","ma\u00edz"],"articleSection":["Noticias Agronegocio"],"inLanguage":"es","potentialAction":[{"@type":"CommentAction","name":"Comment","target":["https:\/\/safras.com.br\/es\/entre-rios-cosecha-maiz-campana\/#respond"]}]},{"@type":"WebPage","@id":"https:\/\/safras.com.br\/es\/entre-rios-cosecha-maiz-campana\/","url":"https:\/\/safras.com.br\/es\/entre-rios-cosecha-maiz-campana\/","name":"Producci\u00f3n hist\u00f3rica de ma\u00edz en Entre R\u00edos con 3,43 mi ton - SAFRAS &amp; Mercado","isPartOf":{"@id":"https:\/\/safras.com.br\/es\/#website"},"primaryImageOfPage":{"@id":"https:\/\/safras.com.br\/es\/entre-rios-cosecha-maiz-campana\/#primaryimage"},"image":{"@id":"https:\/\/safras.com.br\/es\/entre-rios-cosecha-maiz-campana\/#primaryimage"},"thumbnailUrl":"https:\/\/safras.com.br\/es\/wp-content\/uploads\/2025\/09\/maiz6.jpg","datePublished":"2026-04-29T17:42:43+00:00","dateModified":"2026-04-29T17:43:28+00:00","description":"La campa\u00f1a de ma\u00edz de primera 2025\/26 en Entre R\u00edos alcanz\u00f3 un r\u00e9cord de 3,43 millones de toneladas, pese a la sequ\u00eda de enero.","breadcrumb":{"@id":"https:\/\/safras.com.br\/es\/entre-rios-cosecha-maiz-campana\/#breadcrumb"},"inLanguage":"es","potentialAction":[{"@type":"ReadAction","target":["https:\/\/safras.com.br\/es\/entre-rios-cosecha-maiz-campana\/"]}]},{"@type":"ImageObject","inLanguage":"es","@id":"https:\/\/safras.com.br\/es\/entre-rios-cosecha-maiz-campana\/#primaryimage","url":"https:\/\/safras.com.br\/es\/wp-content\/uploads\/2025\/09\/maiz6.jpg","contentUrl":"https:\/\/safras.com.br\/es\/wp-content\/uploads\/2025\/09\/maiz6.jpg","width":1280,"height":853,"caption":"Siembra de ma\u00edz en Argentina"},{"@type":"BreadcrumbList","@id":"https:\/\/safras.com.br\/es\/entre-rios-cosecha-maiz-campana\/#breadcrumb","itemListElement":[{"@type":"ListItem","position":1,"name":"Portada","item":"https:\/\/safras.com.br\/es\/"},{"@type":"ListItem","position":2,"name":"Producci\u00f3n hist\u00f3rica de ma\u00edz en Entre R\u00edos con 3,43 mi ton"}]},{"@type":"WebSite","@id":"https:\/\/safras.com.br\/es\/#website","url":"https:\/\/safras.com.br\/es\/","name":"SAFRAS & Mercado","description":"El ecosistema de agronegocios","publisher":{"@id":"https:\/\/safras.com.br\/es\/#organization"},"potentialAction":[{"@type":"SearchAction","target":{"@type":"EntryPoint","urlTemplate":"https:\/\/safras.com.br\/es\/?s={search_term_string}"},"query-input":{"@type":"PropertyValueSpecification","valueRequired":true,"valueName":"search_term_string"}}],"inLanguage":"es"},{"@type":"Organization","@id":"https:\/\/safras.com.br\/es\/#organization","name":"SAFRAS & Mercado","url":"https:\/\/safras.com.br\/es\/","logo":{"@type":"ImageObject","inLanguage":"es","@id":"https:\/\/safras.com.br\/es\/#\/schema\/logo\/image\/","url":"https:\/\/safras.com.br\/es\/wp-content\/uploads\/2023\/01\/cropped-favicon.png","contentUrl":"https:\/\/safras.com.br\/es\/wp-content\/uploads\/2023\/01\/cropped-favicon.png","width":512,"height":512,"caption":"SAFRAS & Mercado"},"image":{"@id":"https:\/\/safras.com.br\/es\/#\/schema\/logo\/image\/"}},{"@type":"Person","@id":"https:\/\/safras.com.br\/es\/#\/schema\/person\/8a6e0df178260e340253292bf04da747","name":"Horacio Vera","image":{"@type":"ImageObject","inLanguage":"es","@id":"https:\/\/safras.com.br\/es\/#\/schema\/person\/image\/","url":"https:\/\/secure.gravatar.com\/avatar\/bc30669cd90fb2e21304f48bfae82357e2f9224933e78600478745d017747a8f?s=96&d=mm&r=g","contentUrl":"https:\/\/secure.gravatar.com\/avatar\/bc30669cd90fb2e21304f48bfae82357e2f9224933e78600478745d017747a8f?s=96&d=mm&r=g","caption":"Horacio Vera"},"url":"https:\/\/safras.com.br\/es\/author\/sf_horacio\/"}]}},"_links":{"self":[{"href":"https:\/\/safras.com.br\/es\/wp-json\/wp\/v2\/posts\/69372","targetHints":{"allow":["GET"]}}],"collection":[{"href":"https:\/\/safras.com.br\/es\/wp-json\/wp\/v2\/posts"}],"about":[{"href":"https:\/\/safras.com.br\/es\/wp-json\/wp\/v2\/types\/post"}],"author":[{"embeddable":true,"href":"https:\/\/safras.com.br\/es\/wp-json\/wp\/v2\/users\/13"}],"replies":[{"embeddable":true,"href":"https:\/\/safras.com.br\/es\/wp-json\/wp\/v2\/comments?post=69372"}],"version-history":[{"count":2,"href":"https:\/\/safras.com.br\/es\/wp-json\/wp\/v2\/posts\/69372\/revisions"}],"predecessor-version":[{"id":69374,"href":"https:\/\/safras.com.br\/es\/wp-json\/wp\/v2\/posts\/69372\/revisions\/69374"}],"wp:featuredmedia":[{"embeddable":true,"href":"https:\/\/safras.com.br\/es\/wp-json\/wp\/v2\/media\/66813"}],"wp:attachment":[{"href":"https:\/\/safras.com.br\/es\/wp-json\/wp\/v2\/media?parent=69372"}],"wp:term":[{"taxonomy":"category","embeddable":true,"href":"https:\/\/safras.com.br\/es\/wp-json\/wp\/v2\/categories?post=69372"},{"taxonomy":"post_tag","embeddable":true,"href":"https:\/\/safras.com.br\/es\/wp-json\/wp\/v2\/tags?post=69372"},{"taxonomy":"commodity","embeddable":true,"href":"https:\/\/safras.com.br\/es\/wp-json\/wp\/v2\/commodity?post=69372"}],"curies":[{"name":"wp","href":"https:\/\/api.w.org\/{rel}","templated":true}]}}