{"id":69359,"date":"2026-04-29T10:15:59","date_gmt":"2026-04-29T13:15:59","guid":{"rendered":"https:\/\/safras.com.br\/es\/?p=69359"},"modified":"2026-04-29T10:15:59","modified_gmt":"2026-04-29T13:15:59","slug":"trigo-en-matba-rofex-cierra-con-subas-para-la-new-crop-en-relacion-con-mercado-internacional","status":"publish","type":"post","link":"https:\/\/safras.com.br\/es\/trigo-en-matba-rofex-cierra-con-subas-para-la-new-crop-en-relacion-con-mercado-internacional\/","title":{"rendered":"Trigo en Matba Rofex cierra con subas para la new crop en relaci\u00f3n con mercado internacional"},"content":{"rendered":"<p class=\"ql-align-justify\">El mercado de <strong>futuros<\/strong> de <a href=\"https:\/\/safras.com.br\/es\/trigo-en-argentina-2026-27-area-sembrada-seria-de-65-millones-de-hectareas-con-impacto-de-el-nino-y-margenes-ajustados\/\">trigo<\/a> en Argentina cerr\u00f3 con subas para la <strong>new crop en torno al mercado internacional<\/strong>. La posici\u00f3n de <strong>julio<\/strong> cerr\u00f3 positiva en 216 USD\/tn, con un alza de 1,36%. En el tramo largo, <strong>diciembre<\/strong> subi\u00f3 1,36% en 223 USD\/tn y enero creci\u00f3 1,57% en 226 USD\/tn.<\/p>\n<p class=\"ql-align-justify\">\u00abEn las entregas diciembre se ve un apuntalamiento de los valores en 217 usd\/tn. El \u00e1rea sembrada ser\u00eda algo menor en lo posible rotando con otros invernales. Para entrega mas cercana 207 usd\/tn\u00bb, dijeron desde Safras &amp; Mercado.<\/p>\n<p class=\"ql-align-justify\">El <strong>line-up<\/strong>, programaci\u00f3n de los embarques argentinos para el trigo, proyecta la exportaci\u00f3n de <strong>121.537 toneladas en mayo<\/strong>, de acuerdo con la recopilaci\u00f3n realizada por <strong>Safras &amp; Mercado<\/strong>.<\/p>\n<p class=\"ql-align-justify\">En el mes de <strong>abril<\/strong>, se embarcaron 881.510 toneladas, por lo que restar\u00edan embarcar 392.082 toneladas, ya que la<strong> proyecci\u00f3n es de 1.273.592<\/strong> millones de toneladas.<\/p>\n","protected":false},"excerpt":{"rendered":"<p>El mercado de futuros de trigo en Argentina cerr\u00f3 con subas para la new crop en torno al mercado internacional. La posici\u00f3n de julio cerr\u00f3 positiva en 216 USD\/tn, con un alza de 1,36%. En el tramo largo, diciembre subi\u00f3 1,36% en 223 USD\/tn y enero creci\u00f3 1,57% en 226 USD\/tn. \u00abEn las entregas diciembre [&hellip;]<\/p>\n","protected":false},"author":28,"featured_media":68343,"comment_status":"open","ping_status":"closed","sticky":false,"template":"","format":"standard","meta":{"_acf_changed":false,"footnotes":""},"categories":[267],"tags":[913,947,339,375,128],"commodity":[49],"class_list":["post-69359","post","type-post","status-publish","format-standard","has-post-thumbnail","hentry","category-agronegocio-es","tag-a3","tag-futuros","tag-line-up","tag-matba-rofex","tag-trigo","commodity-trigo"],"acf":[],"yoast_head":"<!-- This site is optimized with the Yoast SEO plugin v26.5 - https:\/\/yoast.com\/wordpress\/plugins\/seo\/ -->\n<title>Trigo en Matba Rofex cierra con subas para la new crop en relaci\u00f3n con mercado internacional - SAFRAS &amp; Mercado<\/title>\n<meta name=\"description\" content=\"El mercado de futuros de trigo en Argentina cerr\u00f3 con subas para la new crop en torno al mercado internacional.\" \/>\n<meta name=\"robots\" content=\"index, follow, max-snippet:-1, max-image-preview:large, max-video-preview:-1\" \/>\n<link rel=\"canonical\" href=\"https:\/\/safras.com.br\/es\/trigo-en-matba-rofex-cierra-con-subas-para-la-new-crop-en-relacion-con-mercado-internacional\/\" \/>\n<meta property=\"og:locale\" content=\"es_ES\" \/>\n<meta property=\"og:type\" content=\"article\" \/>\n<meta property=\"og:title\" content=\"Trigo en Matba Rofex cierra con subas para la new crop en relaci\u00f3n con mercado internacional - SAFRAS &amp; Mercado\" \/>\n<meta property=\"og:description\" content=\"El mercado de futuros de trigo en Argentina cerr\u00f3 con subas para la new crop en torno al mercado internacional.\" \/>\n<meta property=\"og:url\" content=\"https:\/\/safras.com.br\/es\/trigo-en-matba-rofex-cierra-con-subas-para-la-new-crop-en-relacion-con-mercado-internacional\/\" \/>\n<meta property=\"og:site_name\" content=\"SAFRAS &amp; Mercado\" \/>\n<meta property=\"article:published_time\" content=\"2026-04-29T13:15:59+00:00\" \/>\n<meta property=\"og:image\" content=\"https:\/\/safras.com.br\/es\/wp-content\/uploads\/2026\/01\/mercado-de-trigo.jpg\" \/>\n\t<meta property=\"og:image:width\" content=\"1367\" \/>\n\t<meta property=\"og:image:height\" content=\"777\" \/>\n\t<meta property=\"og:image:type\" content=\"image\/jpeg\" \/>\n<meta name=\"author\" content=\"geronimo kener\" \/>\n<meta name=\"twitter:card\" content=\"summary_large_image\" \/>\n<meta name=\"twitter:label1\" content=\"Escrito por\" \/>\n\t<meta name=\"twitter:data1\" content=\"geronimo kener\" \/>\n\t<meta name=\"twitter:label2\" content=\"Tiempo de lectura\" \/>\n\t<meta name=\"twitter:data2\" content=\"1 minuto\" \/>\n<script type=\"application\/ld+json\" class=\"yoast-schema-graph\">{\"@context\":\"https:\/\/schema.org\",\"@graph\":[{\"@type\":\"Article\",\"@id\":\"https:\/\/safras.com.br\/es\/trigo-en-matba-rofex-cierra-con-subas-para-la-new-crop-en-relacion-con-mercado-internacional\/#article\",\"isPartOf\":{\"@id\":\"https:\/\/safras.com.br\/es\/trigo-en-matba-rofex-cierra-con-subas-para-la-new-crop-en-relacion-con-mercado-internacional\/\"},\"author\":{\"name\":\"geronimo kener\",\"@id\":\"https:\/\/safras.com.br\/es\/#\/schema\/person\/3c7009f94cf442d9df6f2cd1eedd0bfd\"},\"headline\":\"Trigo en Matba Rofex cierra con subas para la new crop en relaci\u00f3n con mercado internacional\",\"datePublished\":\"2026-04-29T13:15:59+00:00\",\"mainEntityOfPage\":{\"@id\":\"https:\/\/safras.com.br\/es\/trigo-en-matba-rofex-cierra-con-subas-para-la-new-crop-en-relacion-con-mercado-internacional\/\"},\"wordCount\":160,\"commentCount\":0,\"publisher\":{\"@id\":\"https:\/\/safras.com.br\/es\/#organization\"},\"image\":{\"@id\":\"https:\/\/safras.com.br\/es\/trigo-en-matba-rofex-cierra-con-subas-para-la-new-crop-en-relacion-con-mercado-internacional\/#primaryimage\"},\"thumbnailUrl\":\"https:\/\/safras.com.br\/es\/wp-content\/uploads\/2026\/01\/mercado-de-trigo.jpg\",\"keywords\":[\"a3\",\"futuros\",\"line up\",\"matba rofex\",\"Trigo\"],\"articleSection\":[\"Noticias Agronegocio\"],\"inLanguage\":\"es\",\"potentialAction\":[{\"@type\":\"CommentAction\",\"name\":\"Comment\",\"target\":[\"https:\/\/safras.com.br\/es\/trigo-en-matba-rofex-cierra-con-subas-para-la-new-crop-en-relacion-con-mercado-internacional\/#respond\"]}]},{\"@type\":\"WebPage\",\"@id\":\"https:\/\/safras.com.br\/es\/trigo-en-matba-rofex-cierra-con-subas-para-la-new-crop-en-relacion-con-mercado-internacional\/\",\"url\":\"https:\/\/safras.com.br\/es\/trigo-en-matba-rofex-cierra-con-subas-para-la-new-crop-en-relacion-con-mercado-internacional\/\",\"name\":\"Trigo en Matba Rofex cierra con subas para la new crop en relaci\u00f3n con mercado internacional - SAFRAS &amp; Mercado\",\"isPartOf\":{\"@id\":\"https:\/\/safras.com.br\/es\/#website\"},\"primaryImageOfPage\":{\"@id\":\"https:\/\/safras.com.br\/es\/trigo-en-matba-rofex-cierra-con-subas-para-la-new-crop-en-relacion-con-mercado-internacional\/#primaryimage\"},\"image\":{\"@id\":\"https:\/\/safras.com.br\/es\/trigo-en-matba-rofex-cierra-con-subas-para-la-new-crop-en-relacion-con-mercado-internacional\/#primaryimage\"},\"thumbnailUrl\":\"https:\/\/safras.com.br\/es\/wp-content\/uploads\/2026\/01\/mercado-de-trigo.jpg\",\"datePublished\":\"2026-04-29T13:15:59+00:00\",\"description\":\"El mercado de futuros de trigo en Argentina cerr\u00f3 con subas para la new crop en torno al mercado internacional.\",\"breadcrumb\":{\"@id\":\"https:\/\/safras.com.br\/es\/trigo-en-matba-rofex-cierra-con-subas-para-la-new-crop-en-relacion-con-mercado-internacional\/#breadcrumb\"},\"inLanguage\":\"es\",\"potentialAction\":[{\"@type\":\"ReadAction\",\"target\":[\"https:\/\/safras.com.br\/es\/trigo-en-matba-rofex-cierra-con-subas-para-la-new-crop-en-relacion-con-mercado-internacional\/\"]}]},{\"@type\":\"ImageObject\",\"inLanguage\":\"es\",\"@id\":\"https:\/\/safras.com.br\/es\/trigo-en-matba-rofex-cierra-con-subas-para-la-new-crop-en-relacion-con-mercado-internacional\/#primaryimage\",\"url\":\"https:\/\/safras.com.br\/es\/wp-content\/uploads\/2026\/01\/mercado-de-trigo.jpg\",\"contentUrl\":\"https:\/\/safras.com.br\/es\/wp-content\/uploads\/2026\/01\/mercado-de-trigo.jpg\",\"width\":1367,\"height\":777,\"caption\":\"mercado de trigo\"},{\"@type\":\"BreadcrumbList\",\"@id\":\"https:\/\/safras.com.br\/es\/trigo-en-matba-rofex-cierra-con-subas-para-la-new-crop-en-relacion-con-mercado-internacional\/#breadcrumb\",\"itemListElement\":[{\"@type\":\"ListItem\",\"position\":1,\"name\":\"Portada\",\"item\":\"https:\/\/safras.com.br\/es\/\"},{\"@type\":\"ListItem\",\"position\":2,\"name\":\"Trigo en Matba Rofex cierra con subas para la new crop en relaci\u00f3n con mercado internacional\"}]},{\"@type\":\"WebSite\",\"@id\":\"https:\/\/safras.com.br\/es\/#website\",\"url\":\"https:\/\/safras.com.br\/es\/\",\"name\":\"SAFRAS & Mercado\",\"description\":\"El ecosistema de agronegocios\",\"publisher\":{\"@id\":\"https:\/\/safras.com.br\/es\/#organization\"},\"potentialAction\":[{\"@type\":\"SearchAction\",\"target\":{\"@type\":\"EntryPoint\",\"urlTemplate\":\"https:\/\/safras.com.br\/es\/?s={search_term_string}\"},\"query-input\":{\"@type\":\"PropertyValueSpecification\",\"valueRequired\":true,\"valueName\":\"search_term_string\"}}],\"inLanguage\":\"es\"},{\"@type\":\"Organization\",\"@id\":\"https:\/\/safras.com.br\/es\/#organization\",\"name\":\"SAFRAS & Mercado\",\"url\":\"https:\/\/safras.com.br\/es\/\",\"logo\":{\"@type\":\"ImageObject\",\"inLanguage\":\"es\",\"@id\":\"https:\/\/safras.com.br\/es\/#\/schema\/logo\/image\/\",\"url\":\"https:\/\/safras.com.br\/es\/wp-content\/uploads\/2023\/01\/cropped-favicon.png\",\"contentUrl\":\"https:\/\/safras.com.br\/es\/wp-content\/uploads\/2023\/01\/cropped-favicon.png\",\"width\":512,\"height\":512,\"caption\":\"SAFRAS & Mercado\"},\"image\":{\"@id\":\"https:\/\/safras.com.br\/es\/#\/schema\/logo\/image\/\"}},{\"@type\":\"Person\",\"@id\":\"https:\/\/safras.com.br\/es\/#\/schema\/person\/3c7009f94cf442d9df6f2cd1eedd0bfd\",\"name\":\"geronimo kener\",\"image\":{\"@type\":\"ImageObject\",\"inLanguage\":\"es\",\"@id\":\"https:\/\/safras.com.br\/es\/#\/schema\/person\/image\/\",\"url\":\"https:\/\/secure.gravatar.com\/avatar\/97803e93b95c46f5640aea59976da81aba4ba2ddb9a9f119122d0a068646612f?s=96&d=mm&r=g\",\"contentUrl\":\"https:\/\/secure.gravatar.com\/avatar\/97803e93b95c46f5640aea59976da81aba4ba2ddb9a9f119122d0a068646612f?s=96&d=mm&r=g\",\"caption\":\"geronimo kener\"},\"sameAs\":[\"http:\/\/safras.com.br\/es\"],\"url\":\"https:\/\/safras.com.br\/es\/author\/geronimo-kener\/\"}]}<\/script>\n<!-- \/ Yoast SEO plugin. -->","yoast_head_json":{"title":"Trigo en Matba Rofex cierra con subas para la new crop en relaci\u00f3n con mercado internacional - SAFRAS &amp; Mercado","description":"El mercado de futuros de trigo en Argentina cerr\u00f3 con subas para la new crop en torno al mercado internacional.","robots":{"index":"index","follow":"follow","max-snippet":"max-snippet:-1","max-image-preview":"max-image-preview:large","max-video-preview":"max-video-preview:-1"},"canonical":"https:\/\/safras.com.br\/es\/trigo-en-matba-rofex-cierra-con-subas-para-la-new-crop-en-relacion-con-mercado-internacional\/","og_locale":"es_ES","og_type":"article","og_title":"Trigo en Matba Rofex cierra con subas para la new crop en relaci\u00f3n con mercado internacional - SAFRAS &amp; Mercado","og_description":"El mercado de futuros de trigo en Argentina cerr\u00f3 con subas para la new crop en torno al mercado internacional.","og_url":"https:\/\/safras.com.br\/es\/trigo-en-matba-rofex-cierra-con-subas-para-la-new-crop-en-relacion-con-mercado-internacional\/","og_site_name":"SAFRAS &amp; Mercado","article_published_time":"2026-04-29T13:15:59+00:00","og_image":[{"width":1367,"height":777,"url":"https:\/\/safras.com.br\/es\/wp-content\/uploads\/2026\/01\/mercado-de-trigo.jpg","type":"image\/jpeg"}],"author":"geronimo kener","twitter_card":"summary_large_image","twitter_misc":{"Escrito por":"geronimo kener","Tiempo de lectura":"1 minuto"},"schema":{"@context":"https:\/\/schema.org","@graph":[{"@type":"Article","@id":"https:\/\/safras.com.br\/es\/trigo-en-matba-rofex-cierra-con-subas-para-la-new-crop-en-relacion-con-mercado-internacional\/#article","isPartOf":{"@id":"https:\/\/safras.com.br\/es\/trigo-en-matba-rofex-cierra-con-subas-para-la-new-crop-en-relacion-con-mercado-internacional\/"},"author":{"name":"geronimo kener","@id":"https:\/\/safras.com.br\/es\/#\/schema\/person\/3c7009f94cf442d9df6f2cd1eedd0bfd"},"headline":"Trigo en Matba Rofex cierra con subas para la new crop en relaci\u00f3n con mercado internacional","datePublished":"2026-04-29T13:15:59+00:00","mainEntityOfPage":{"@id":"https:\/\/safras.com.br\/es\/trigo-en-matba-rofex-cierra-con-subas-para-la-new-crop-en-relacion-con-mercado-internacional\/"},"wordCount":160,"commentCount":0,"publisher":{"@id":"https:\/\/safras.com.br\/es\/#organization"},"image":{"@id":"https:\/\/safras.com.br\/es\/trigo-en-matba-rofex-cierra-con-subas-para-la-new-crop-en-relacion-con-mercado-internacional\/#primaryimage"},"thumbnailUrl":"https:\/\/safras.com.br\/es\/wp-content\/uploads\/2026\/01\/mercado-de-trigo.jpg","keywords":["a3","futuros","line up","matba rofex","Trigo"],"articleSection":["Noticias Agronegocio"],"inLanguage":"es","potentialAction":[{"@type":"CommentAction","name":"Comment","target":["https:\/\/safras.com.br\/es\/trigo-en-matba-rofex-cierra-con-subas-para-la-new-crop-en-relacion-con-mercado-internacional\/#respond"]}]},{"@type":"WebPage","@id":"https:\/\/safras.com.br\/es\/trigo-en-matba-rofex-cierra-con-subas-para-la-new-crop-en-relacion-con-mercado-internacional\/","url":"https:\/\/safras.com.br\/es\/trigo-en-matba-rofex-cierra-con-subas-para-la-new-crop-en-relacion-con-mercado-internacional\/","name":"Trigo en Matba Rofex cierra con subas para la new crop en relaci\u00f3n con mercado internacional - SAFRAS &amp; Mercado","isPartOf":{"@id":"https:\/\/safras.com.br\/es\/#website"},"primaryImageOfPage":{"@id":"https:\/\/safras.com.br\/es\/trigo-en-matba-rofex-cierra-con-subas-para-la-new-crop-en-relacion-con-mercado-internacional\/#primaryimage"},"image":{"@id":"https:\/\/safras.com.br\/es\/trigo-en-matba-rofex-cierra-con-subas-para-la-new-crop-en-relacion-con-mercado-internacional\/#primaryimage"},"thumbnailUrl":"https:\/\/safras.com.br\/es\/wp-content\/uploads\/2026\/01\/mercado-de-trigo.jpg","datePublished":"2026-04-29T13:15:59+00:00","description":"El mercado de futuros de trigo en Argentina cerr\u00f3 con subas para la new crop en torno al mercado internacional.","breadcrumb":{"@id":"https:\/\/safras.com.br\/es\/trigo-en-matba-rofex-cierra-con-subas-para-la-new-crop-en-relacion-con-mercado-internacional\/#breadcrumb"},"inLanguage":"es","potentialAction":[{"@type":"ReadAction","target":["https:\/\/safras.com.br\/es\/trigo-en-matba-rofex-cierra-con-subas-para-la-new-crop-en-relacion-con-mercado-internacional\/"]}]},{"@type":"ImageObject","inLanguage":"es","@id":"https:\/\/safras.com.br\/es\/trigo-en-matba-rofex-cierra-con-subas-para-la-new-crop-en-relacion-con-mercado-internacional\/#primaryimage","url":"https:\/\/safras.com.br\/es\/wp-content\/uploads\/2026\/01\/mercado-de-trigo.jpg","contentUrl":"https:\/\/safras.com.br\/es\/wp-content\/uploads\/2026\/01\/mercado-de-trigo.jpg","width":1367,"height":777,"caption":"mercado de trigo"},{"@type":"BreadcrumbList","@id":"https:\/\/safras.com.br\/es\/trigo-en-matba-rofex-cierra-con-subas-para-la-new-crop-en-relacion-con-mercado-internacional\/#breadcrumb","itemListElement":[{"@type":"ListItem","position":1,"name":"Portada","item":"https:\/\/safras.com.br\/es\/"},{"@type":"ListItem","position":2,"name":"Trigo en Matba Rofex cierra con subas para la new crop en relaci\u00f3n con mercado internacional"}]},{"@type":"WebSite","@id":"https:\/\/safras.com.br\/es\/#website","url":"https:\/\/safras.com.br\/es\/","name":"SAFRAS & Mercado","description":"El ecosistema de agronegocios","publisher":{"@id":"https:\/\/safras.com.br\/es\/#organization"},"potentialAction":[{"@type":"SearchAction","target":{"@type":"EntryPoint","urlTemplate":"https:\/\/safras.com.br\/es\/?s={search_term_string}"},"query-input":{"@type":"PropertyValueSpecification","valueRequired":true,"valueName":"search_term_string"}}],"inLanguage":"es"},{"@type":"Organization","@id":"https:\/\/safras.com.br\/es\/#organization","name":"SAFRAS & Mercado","url":"https:\/\/safras.com.br\/es\/","logo":{"@type":"ImageObject","inLanguage":"es","@id":"https:\/\/safras.com.br\/es\/#\/schema\/logo\/image\/","url":"https:\/\/safras.com.br\/es\/wp-content\/uploads\/2023\/01\/cropped-favicon.png","contentUrl":"https:\/\/safras.com.br\/es\/wp-content\/uploads\/2023\/01\/cropped-favicon.png","width":512,"height":512,"caption":"SAFRAS & Mercado"},"image":{"@id":"https:\/\/safras.com.br\/es\/#\/schema\/logo\/image\/"}},{"@type":"Person","@id":"https:\/\/safras.com.br\/es\/#\/schema\/person\/3c7009f94cf442d9df6f2cd1eedd0bfd","name":"geronimo kener","image":{"@type":"ImageObject","inLanguage":"es","@id":"https:\/\/safras.com.br\/es\/#\/schema\/person\/image\/","url":"https:\/\/secure.gravatar.com\/avatar\/97803e93b95c46f5640aea59976da81aba4ba2ddb9a9f119122d0a068646612f?s=96&d=mm&r=g","contentUrl":"https:\/\/secure.gravatar.com\/avatar\/97803e93b95c46f5640aea59976da81aba4ba2ddb9a9f119122d0a068646612f?s=96&d=mm&r=g","caption":"geronimo kener"},"sameAs":["http:\/\/safras.com.br\/es"],"url":"https:\/\/safras.com.br\/es\/author\/geronimo-kener\/"}]}},"_links":{"self":[{"href":"https:\/\/safras.com.br\/es\/wp-json\/wp\/v2\/posts\/69359","targetHints":{"allow":["GET"]}}],"collection":[{"href":"https:\/\/safras.com.br\/es\/wp-json\/wp\/v2\/posts"}],"about":[{"href":"https:\/\/safras.com.br\/es\/wp-json\/wp\/v2\/types\/post"}],"author":[{"embeddable":true,"href":"https:\/\/safras.com.br\/es\/wp-json\/wp\/v2\/users\/28"}],"replies":[{"embeddable":true,"href":"https:\/\/safras.com.br\/es\/wp-json\/wp\/v2\/comments?post=69359"}],"version-history":[{"count":1,"href":"https:\/\/safras.com.br\/es\/wp-json\/wp\/v2\/posts\/69359\/revisions"}],"predecessor-version":[{"id":69360,"href":"https:\/\/safras.com.br\/es\/wp-json\/wp\/v2\/posts\/69359\/revisions\/69360"}],"wp:featuredmedia":[{"embeddable":true,"href":"https:\/\/safras.com.br\/es\/wp-json\/wp\/v2\/media\/68343"}],"wp:attachment":[{"href":"https:\/\/safras.com.br\/es\/wp-json\/wp\/v2\/media?parent=69359"}],"wp:term":[{"taxonomy":"category","embeddable":true,"href":"https:\/\/safras.com.br\/es\/wp-json\/wp\/v2\/categories?post=69359"},{"taxonomy":"post_tag","embeddable":true,"href":"https:\/\/safras.com.br\/es\/wp-json\/wp\/v2\/tags?post=69359"},{"taxonomy":"commodity","embeddable":true,"href":"https:\/\/safras.com.br\/es\/wp-json\/wp\/v2\/commodity?post=69359"}],"curies":[{"name":"wp","href":"https:\/\/api.w.org\/{rel}","templated":true}]}}