{"id":69353,"date":"2026-04-28T12:52:40","date_gmt":"2026-04-28T15:52:40","guid":{"rendered":"https:\/\/safras.com.br\/es\/?p=69353"},"modified":"2026-04-28T12:52:40","modified_gmt":"2026-04-28T15:52:40","slug":"sturzenegger-presenta-a-mesa-de-enlace-nuevo-esquema-para-fiscalizar-semillas","status":"publish","type":"post","link":"https:\/\/safras.com.br\/es\/sturzenegger-presenta-a-mesa-de-enlace-nuevo-esquema-para-fiscalizar-semillas\/","title":{"rendered":"Sturzenegger presenta a Mesa de Enlace nuevo esquema para fiscalizar semillas"},"content":{"rendered":"<p>El ministro de Desregulaci\u00f3n, Federico Sturzenegger se reuni\u00f3 con la Mesa de Enlace y present\u00f3 la propuesta para fortalecer la <strong>fiscalizaci\u00f3n en <span style=\"color: #0000ff;\"><a style=\"color: #0000ff;\" href=\"https:\/\/safras.com.br\/es\/carbap-rechazo-upov-91\/\">semillas<\/a><\/span> junto al sector privado<\/strong>. La adhesi\u00f3n a las nuevas variedades ser\u00e1 opcional de cada productor.<\/p>\n<p>En el encuentro, del que tambi\u00e9n particip\u00f3 el secretario de Agricultura, Sergio Iraeta, se indic\u00f3 que el Instituto Nacional de Semillas (INASE) ser\u00e1 el encargado de realizar controles.<\/p>\n<p>Sin modificar la Ley de Semillas, el Gobierno busca que en el primer punto de entrega del grano se distinga la variedad utilizada, para enviar esa informaci\u00f3n tanto al INASE como a los obtentores, \u00a0de manera que puedan avanzar en el cobro de las regal\u00edas.<\/p>\n<p>La idea es aplicar este esquema solo a nuevas variedades que se lancen al mercado, no a las anteriores que seguir\u00edan rigi\u00e9ndose por la normativa vigente<\/p>\n<p>&nbsp;<\/p>\n","protected":false},"excerpt":{"rendered":"<p>El ministro de Desregulaci\u00f3n, Federico Sturzenegger se reuni\u00f3 con la Mesa de Enlace y present\u00f3 la propuesta para fortalecer la fiscalizaci\u00f3n en semillas junto al sector privado. La adhesi\u00f3n a las nuevas variedades ser\u00e1 opcional de cada productor. En el encuentro, del que tambi\u00e9n particip\u00f3 el secretario de Agricultura, Sergio Iraeta, se indic\u00f3 que el [&hellip;]<\/p>\n","protected":false},"author":19,"featured_media":58715,"comment_status":"open","ping_status":"closed","sticky":false,"template":"","format":"standard","meta":{"_acf_changed":false,"footnotes":""},"categories":[267],"tags":[566,536],"commodity":[46,47,49],"class_list":["post-69353","post","type-post","status-publish","format-standard","has-post-thumbnail","hentry","category-agronegocio-es","tag-inase","tag-semillas","commodity-maiz","commodity-soja","commodity-trigo"],"acf":[],"yoast_head":"<!-- This site is optimized with the Yoast SEO plugin v26.5 - https:\/\/yoast.com\/wordpress\/plugins\/seo\/ -->\n<title>Sturzenegger presenta nuevo esquema para fiscalizar semillas<\/title>\n<meta name=\"robots\" content=\"index, follow, max-snippet:-1, max-image-preview:large, max-video-preview:-1\" \/>\n<link rel=\"canonical\" href=\"https:\/\/safras.com.br\/es\/sturzenegger-presenta-a-mesa-de-enlace-nuevo-esquema-para-fiscalizar-semillas\/\" \/>\n<meta property=\"og:locale\" content=\"es_ES\" \/>\n<meta property=\"og:type\" content=\"article\" \/>\n<meta property=\"og:title\" content=\"Sturzenegger presenta nuevo esquema para fiscalizar semillas\" \/>\n<meta property=\"og:description\" content=\"El ministro de Desregulaci\u00f3n, Federico Sturzenegger se reuni\u00f3 con la Mesa de Enlace y present\u00f3 la propuesta para fortalecer la fiscalizaci\u00f3n en semillas junto al sector privado. La adhesi\u00f3n a las nuevas variedades ser\u00e1 opcional de cada productor. En el encuentro, del que tambi\u00e9n particip\u00f3 el secretario de Agricultura, Sergio Iraeta, se indic\u00f3 que el [&hellip;]\" \/>\n<meta property=\"og:url\" content=\"https:\/\/safras.com.br\/es\/sturzenegger-presenta-a-mesa-de-enlace-nuevo-esquema-para-fiscalizar-semillas\/\" \/>\n<meta property=\"og:site_name\" content=\"SAFRAS &amp; Mercado\" \/>\n<meta property=\"article:published_time\" content=\"2026-04-28T15:52:40+00:00\" \/>\n<meta property=\"og:image\" content=\"https:\/\/safras.com.br\/es\/wp-content\/uploads\/2024\/02\/semillas-de-soja.jpg\" \/>\n\t<meta property=\"og:image:width\" content=\"612\" \/>\n\t<meta property=\"og:image:height\" content=\"405\" \/>\n\t<meta property=\"og:image:type\" content=\"image\/jpeg\" \/>\n<meta name=\"author\" content=\"Julieta Marino\" \/>\n<meta name=\"twitter:card\" content=\"summary_large_image\" \/>\n<meta name=\"twitter:label1\" content=\"Escrito por\" \/>\n\t<meta name=\"twitter:data1\" content=\"Julieta Marino\" \/>\n\t<meta name=\"twitter:label2\" content=\"Tiempo de lectura\" \/>\n\t<meta name=\"twitter:data2\" content=\"1 minuto\" \/>\n<script type=\"application\/ld+json\" class=\"yoast-schema-graph\">{\"@context\":\"https:\/\/schema.org\",\"@graph\":[{\"@type\":\"Article\",\"@id\":\"https:\/\/safras.com.br\/es\/sturzenegger-presenta-a-mesa-de-enlace-nuevo-esquema-para-fiscalizar-semillas\/#article\",\"isPartOf\":{\"@id\":\"https:\/\/safras.com.br\/es\/sturzenegger-presenta-a-mesa-de-enlace-nuevo-esquema-para-fiscalizar-semillas\/\"},\"author\":{\"name\":\"Julieta Marino\",\"@id\":\"https:\/\/safras.com.br\/es\/#\/schema\/person\/3416d9a13f71584c19d44af415b80774\"},\"headline\":\"Sturzenegger presenta a Mesa de Enlace nuevo esquema para fiscalizar semillas\",\"datePublished\":\"2026-04-28T15:52:40+00:00\",\"mainEntityOfPage\":{\"@id\":\"https:\/\/safras.com.br\/es\/sturzenegger-presenta-a-mesa-de-enlace-nuevo-esquema-para-fiscalizar-semillas\/\"},\"wordCount\":157,\"commentCount\":0,\"publisher\":{\"@id\":\"https:\/\/safras.com.br\/es\/#organization\"},\"image\":{\"@id\":\"https:\/\/safras.com.br\/es\/sturzenegger-presenta-a-mesa-de-enlace-nuevo-esquema-para-fiscalizar-semillas\/#primaryimage\"},\"thumbnailUrl\":\"https:\/\/safras.com.br\/es\/wp-content\/uploads\/2024\/02\/semillas-de-soja.jpg\",\"keywords\":[\"inase\",\"Semillas\"],\"articleSection\":[\"Noticias Agronegocio\"],\"inLanguage\":\"es\",\"potentialAction\":[{\"@type\":\"CommentAction\",\"name\":\"Comment\",\"target\":[\"https:\/\/safras.com.br\/es\/sturzenegger-presenta-a-mesa-de-enlace-nuevo-esquema-para-fiscalizar-semillas\/#respond\"]}]},{\"@type\":\"WebPage\",\"@id\":\"https:\/\/safras.com.br\/es\/sturzenegger-presenta-a-mesa-de-enlace-nuevo-esquema-para-fiscalizar-semillas\/\",\"url\":\"https:\/\/safras.com.br\/es\/sturzenegger-presenta-a-mesa-de-enlace-nuevo-esquema-para-fiscalizar-semillas\/\",\"name\":\"Sturzenegger presenta nuevo esquema para fiscalizar semillas\",\"isPartOf\":{\"@id\":\"https:\/\/safras.com.br\/es\/#website\"},\"primaryImageOfPage\":{\"@id\":\"https:\/\/safras.com.br\/es\/sturzenegger-presenta-a-mesa-de-enlace-nuevo-esquema-para-fiscalizar-semillas\/#primaryimage\"},\"image\":{\"@id\":\"https:\/\/safras.com.br\/es\/sturzenegger-presenta-a-mesa-de-enlace-nuevo-esquema-para-fiscalizar-semillas\/#primaryimage\"},\"thumbnailUrl\":\"https:\/\/safras.com.br\/es\/wp-content\/uploads\/2024\/02\/semillas-de-soja.jpg\",\"datePublished\":\"2026-04-28T15:52:40+00:00\",\"breadcrumb\":{\"@id\":\"https:\/\/safras.com.br\/es\/sturzenegger-presenta-a-mesa-de-enlace-nuevo-esquema-para-fiscalizar-semillas\/#breadcrumb\"},\"inLanguage\":\"es\",\"potentialAction\":[{\"@type\":\"ReadAction\",\"target\":[\"https:\/\/safras.com.br\/es\/sturzenegger-presenta-a-mesa-de-enlace-nuevo-esquema-para-fiscalizar-semillas\/\"]}]},{\"@type\":\"ImageObject\",\"inLanguage\":\"es\",\"@id\":\"https:\/\/safras.com.br\/es\/sturzenegger-presenta-a-mesa-de-enlace-nuevo-esquema-para-fiscalizar-semillas\/#primaryimage\",\"url\":\"https:\/\/safras.com.br\/es\/wp-content\/uploads\/2024\/02\/semillas-de-soja.jpg\",\"contentUrl\":\"https:\/\/safras.com.br\/es\/wp-content\/uploads\/2024\/02\/semillas-de-soja.jpg\",\"width\":612,\"height\":405,\"caption\":\"semillas de soja\"},{\"@type\":\"BreadcrumbList\",\"@id\":\"https:\/\/safras.com.br\/es\/sturzenegger-presenta-a-mesa-de-enlace-nuevo-esquema-para-fiscalizar-semillas\/#breadcrumb\",\"itemListElement\":[{\"@type\":\"ListItem\",\"position\":1,\"name\":\"Portada\",\"item\":\"https:\/\/safras.com.br\/es\/\"},{\"@type\":\"ListItem\",\"position\":2,\"name\":\"Sturzenegger presenta a Mesa de Enlace nuevo esquema para fiscalizar semillas\"}]},{\"@type\":\"WebSite\",\"@id\":\"https:\/\/safras.com.br\/es\/#website\",\"url\":\"https:\/\/safras.com.br\/es\/\",\"name\":\"SAFRAS & Mercado\",\"description\":\"El ecosistema de agronegocios\",\"publisher\":{\"@id\":\"https:\/\/safras.com.br\/es\/#organization\"},\"potentialAction\":[{\"@type\":\"SearchAction\",\"target\":{\"@type\":\"EntryPoint\",\"urlTemplate\":\"https:\/\/safras.com.br\/es\/?s={search_term_string}\"},\"query-input\":{\"@type\":\"PropertyValueSpecification\",\"valueRequired\":true,\"valueName\":\"search_term_string\"}}],\"inLanguage\":\"es\"},{\"@type\":\"Organization\",\"@id\":\"https:\/\/safras.com.br\/es\/#organization\",\"name\":\"SAFRAS & Mercado\",\"url\":\"https:\/\/safras.com.br\/es\/\",\"logo\":{\"@type\":\"ImageObject\",\"inLanguage\":\"es\",\"@id\":\"https:\/\/safras.com.br\/es\/#\/schema\/logo\/image\/\",\"url\":\"https:\/\/safras.com.br\/es\/wp-content\/uploads\/2023\/01\/cropped-favicon.png\",\"contentUrl\":\"https:\/\/safras.com.br\/es\/wp-content\/uploads\/2023\/01\/cropped-favicon.png\",\"width\":512,\"height\":512,\"caption\":\"SAFRAS & Mercado\"},\"image\":{\"@id\":\"https:\/\/safras.com.br\/es\/#\/schema\/logo\/image\/\"}},{\"@type\":\"Person\",\"@id\":\"https:\/\/safras.com.br\/es\/#\/schema\/person\/3416d9a13f71584c19d44af415b80774\",\"name\":\"Julieta Marino\",\"image\":{\"@type\":\"ImageObject\",\"inLanguage\":\"es\",\"@id\":\"https:\/\/safras.com.br\/es\/#\/schema\/person\/image\/\",\"url\":\"https:\/\/secure.gravatar.com\/avatar\/edb9a909cb969bf70267c5bad4733db348b286011e3a47666fcbe2263cd5c089?s=96&d=mm&r=g\",\"contentUrl\":\"https:\/\/secure.gravatar.com\/avatar\/edb9a909cb969bf70267c5bad4733db348b286011e3a47666fcbe2263cd5c089?s=96&d=mm&r=g\",\"caption\":\"Julieta Marino\"},\"url\":\"https:\/\/safras.com.br\/es\/author\/sf_julieta\/\"}]}<\/script>\n<!-- \/ Yoast SEO plugin. -->","yoast_head_json":{"title":"Sturzenegger presenta nuevo esquema para fiscalizar semillas","robots":{"index":"index","follow":"follow","max-snippet":"max-snippet:-1","max-image-preview":"max-image-preview:large","max-video-preview":"max-video-preview:-1"},"canonical":"https:\/\/safras.com.br\/es\/sturzenegger-presenta-a-mesa-de-enlace-nuevo-esquema-para-fiscalizar-semillas\/","og_locale":"es_ES","og_type":"article","og_title":"Sturzenegger presenta nuevo esquema para fiscalizar semillas","og_description":"El ministro de Desregulaci\u00f3n, Federico Sturzenegger se reuni\u00f3 con la Mesa de Enlace y present\u00f3 la propuesta para fortalecer la fiscalizaci\u00f3n en semillas junto al sector privado. La adhesi\u00f3n a las nuevas variedades ser\u00e1 opcional de cada productor. En el encuentro, del que tambi\u00e9n particip\u00f3 el secretario de Agricultura, Sergio Iraeta, se indic\u00f3 que el [&hellip;]","og_url":"https:\/\/safras.com.br\/es\/sturzenegger-presenta-a-mesa-de-enlace-nuevo-esquema-para-fiscalizar-semillas\/","og_site_name":"SAFRAS &amp; Mercado","article_published_time":"2026-04-28T15:52:40+00:00","og_image":[{"width":612,"height":405,"url":"https:\/\/safras.com.br\/es\/wp-content\/uploads\/2024\/02\/semillas-de-soja.jpg","type":"image\/jpeg"}],"author":"Julieta Marino","twitter_card":"summary_large_image","twitter_misc":{"Escrito por":"Julieta Marino","Tiempo de lectura":"1 minuto"},"schema":{"@context":"https:\/\/schema.org","@graph":[{"@type":"Article","@id":"https:\/\/safras.com.br\/es\/sturzenegger-presenta-a-mesa-de-enlace-nuevo-esquema-para-fiscalizar-semillas\/#article","isPartOf":{"@id":"https:\/\/safras.com.br\/es\/sturzenegger-presenta-a-mesa-de-enlace-nuevo-esquema-para-fiscalizar-semillas\/"},"author":{"name":"Julieta Marino","@id":"https:\/\/safras.com.br\/es\/#\/schema\/person\/3416d9a13f71584c19d44af415b80774"},"headline":"Sturzenegger presenta a Mesa de Enlace nuevo esquema para fiscalizar semillas","datePublished":"2026-04-28T15:52:40+00:00","mainEntityOfPage":{"@id":"https:\/\/safras.com.br\/es\/sturzenegger-presenta-a-mesa-de-enlace-nuevo-esquema-para-fiscalizar-semillas\/"},"wordCount":157,"commentCount":0,"publisher":{"@id":"https:\/\/safras.com.br\/es\/#organization"},"image":{"@id":"https:\/\/safras.com.br\/es\/sturzenegger-presenta-a-mesa-de-enlace-nuevo-esquema-para-fiscalizar-semillas\/#primaryimage"},"thumbnailUrl":"https:\/\/safras.com.br\/es\/wp-content\/uploads\/2024\/02\/semillas-de-soja.jpg","keywords":["inase","Semillas"],"articleSection":["Noticias Agronegocio"],"inLanguage":"es","potentialAction":[{"@type":"CommentAction","name":"Comment","target":["https:\/\/safras.com.br\/es\/sturzenegger-presenta-a-mesa-de-enlace-nuevo-esquema-para-fiscalizar-semillas\/#respond"]}]},{"@type":"WebPage","@id":"https:\/\/safras.com.br\/es\/sturzenegger-presenta-a-mesa-de-enlace-nuevo-esquema-para-fiscalizar-semillas\/","url":"https:\/\/safras.com.br\/es\/sturzenegger-presenta-a-mesa-de-enlace-nuevo-esquema-para-fiscalizar-semillas\/","name":"Sturzenegger presenta nuevo esquema para fiscalizar semillas","isPartOf":{"@id":"https:\/\/safras.com.br\/es\/#website"},"primaryImageOfPage":{"@id":"https:\/\/safras.com.br\/es\/sturzenegger-presenta-a-mesa-de-enlace-nuevo-esquema-para-fiscalizar-semillas\/#primaryimage"},"image":{"@id":"https:\/\/safras.com.br\/es\/sturzenegger-presenta-a-mesa-de-enlace-nuevo-esquema-para-fiscalizar-semillas\/#primaryimage"},"thumbnailUrl":"https:\/\/safras.com.br\/es\/wp-content\/uploads\/2024\/02\/semillas-de-soja.jpg","datePublished":"2026-04-28T15:52:40+00:00","breadcrumb":{"@id":"https:\/\/safras.com.br\/es\/sturzenegger-presenta-a-mesa-de-enlace-nuevo-esquema-para-fiscalizar-semillas\/#breadcrumb"},"inLanguage":"es","potentialAction":[{"@type":"ReadAction","target":["https:\/\/safras.com.br\/es\/sturzenegger-presenta-a-mesa-de-enlace-nuevo-esquema-para-fiscalizar-semillas\/"]}]},{"@type":"ImageObject","inLanguage":"es","@id":"https:\/\/safras.com.br\/es\/sturzenegger-presenta-a-mesa-de-enlace-nuevo-esquema-para-fiscalizar-semillas\/#primaryimage","url":"https:\/\/safras.com.br\/es\/wp-content\/uploads\/2024\/02\/semillas-de-soja.jpg","contentUrl":"https:\/\/safras.com.br\/es\/wp-content\/uploads\/2024\/02\/semillas-de-soja.jpg","width":612,"height":405,"caption":"semillas de soja"},{"@type":"BreadcrumbList","@id":"https:\/\/safras.com.br\/es\/sturzenegger-presenta-a-mesa-de-enlace-nuevo-esquema-para-fiscalizar-semillas\/#breadcrumb","itemListElement":[{"@type":"ListItem","position":1,"name":"Portada","item":"https:\/\/safras.com.br\/es\/"},{"@type":"ListItem","position":2,"name":"Sturzenegger presenta a Mesa de Enlace nuevo esquema para fiscalizar semillas"}]},{"@type":"WebSite","@id":"https:\/\/safras.com.br\/es\/#website","url":"https:\/\/safras.com.br\/es\/","name":"SAFRAS & Mercado","description":"El ecosistema de agronegocios","publisher":{"@id":"https:\/\/safras.com.br\/es\/#organization"},"potentialAction":[{"@type":"SearchAction","target":{"@type":"EntryPoint","urlTemplate":"https:\/\/safras.com.br\/es\/?s={search_term_string}"},"query-input":{"@type":"PropertyValueSpecification","valueRequired":true,"valueName":"search_term_string"}}],"inLanguage":"es"},{"@type":"Organization","@id":"https:\/\/safras.com.br\/es\/#organization","name":"SAFRAS & Mercado","url":"https:\/\/safras.com.br\/es\/","logo":{"@type":"ImageObject","inLanguage":"es","@id":"https:\/\/safras.com.br\/es\/#\/schema\/logo\/image\/","url":"https:\/\/safras.com.br\/es\/wp-content\/uploads\/2023\/01\/cropped-favicon.png","contentUrl":"https:\/\/safras.com.br\/es\/wp-content\/uploads\/2023\/01\/cropped-favicon.png","width":512,"height":512,"caption":"SAFRAS & Mercado"},"image":{"@id":"https:\/\/safras.com.br\/es\/#\/schema\/logo\/image\/"}},{"@type":"Person","@id":"https:\/\/safras.com.br\/es\/#\/schema\/person\/3416d9a13f71584c19d44af415b80774","name":"Julieta Marino","image":{"@type":"ImageObject","inLanguage":"es","@id":"https:\/\/safras.com.br\/es\/#\/schema\/person\/image\/","url":"https:\/\/secure.gravatar.com\/avatar\/edb9a909cb969bf70267c5bad4733db348b286011e3a47666fcbe2263cd5c089?s=96&d=mm&r=g","contentUrl":"https:\/\/secure.gravatar.com\/avatar\/edb9a909cb969bf70267c5bad4733db348b286011e3a47666fcbe2263cd5c089?s=96&d=mm&r=g","caption":"Julieta Marino"},"url":"https:\/\/safras.com.br\/es\/author\/sf_julieta\/"}]}},"_links":{"self":[{"href":"https:\/\/safras.com.br\/es\/wp-json\/wp\/v2\/posts\/69353","targetHints":{"allow":["GET"]}}],"collection":[{"href":"https:\/\/safras.com.br\/es\/wp-json\/wp\/v2\/posts"}],"about":[{"href":"https:\/\/safras.com.br\/es\/wp-json\/wp\/v2\/types\/post"}],"author":[{"embeddable":true,"href":"https:\/\/safras.com.br\/es\/wp-json\/wp\/v2\/users\/19"}],"replies":[{"embeddable":true,"href":"https:\/\/safras.com.br\/es\/wp-json\/wp\/v2\/comments?post=69353"}],"version-history":[{"count":1,"href":"https:\/\/safras.com.br\/es\/wp-json\/wp\/v2\/posts\/69353\/revisions"}],"predecessor-version":[{"id":69354,"href":"https:\/\/safras.com.br\/es\/wp-json\/wp\/v2\/posts\/69353\/revisions\/69354"}],"wp:featuredmedia":[{"embeddable":true,"href":"https:\/\/safras.com.br\/es\/wp-json\/wp\/v2\/media\/58715"}],"wp:attachment":[{"href":"https:\/\/safras.com.br\/es\/wp-json\/wp\/v2\/media?parent=69353"}],"wp:term":[{"taxonomy":"category","embeddable":true,"href":"https:\/\/safras.com.br\/es\/wp-json\/wp\/v2\/categories?post=69353"},{"taxonomy":"post_tag","embeddable":true,"href":"https:\/\/safras.com.br\/es\/wp-json\/wp\/v2\/tags?post=69353"},{"taxonomy":"commodity","embeddable":true,"href":"https:\/\/safras.com.br\/es\/wp-json\/wp\/v2\/commodity?post=69353"}],"curies":[{"name":"wp","href":"https:\/\/api.w.org\/{rel}","templated":true}]}}