{"id":69342,"date":"2026-04-27T15:04:10","date_gmt":"2026-04-27T18:04:10","guid":{"rendered":"https:\/\/safras.com.br\/es\/?p=69342"},"modified":"2026-04-27T15:11:49","modified_gmt":"2026-04-27T18:11:49","slug":"ue-detecta-harina-de-soja-argentina-con-gen-hb4-y-podria-frenar-embarques","status":"publish","type":"post","link":"https:\/\/safras.com.br\/es\/ue-detecta-harina-de-soja-argentina-con-gen-hb4-y-podria-frenar-embarques\/","title":{"rendered":"UE detecta harina de soja argentina con gen HB4 y podr\u00eda frenar embarques"},"content":{"rendered":"<p>La<strong> Uni\u00f3n Europea hizo llegar a la Argentina tres alertas<\/strong> por la detecci\u00f3n en embarques de trazas de harina de soja con el <strong>evento transg\u00e9nico HB4<\/strong>, que no aprobado a\u00fan en el bloque europeo para su comercializaci\u00f3n. Los embarques iban a Pa\u00edses Bajos y fueron rechazados.<\/p>\n<p>La soja HB4, fue desarrollada <strong>Bioceres<\/strong> y es tolerante a condiciones de estr\u00e9s h\u00eddrico y salinidad. La siembra en Argentina fue aprobada durante el \u00faltimo gobierno de Cristina Fern\u00e1ndez de Kirchner, en 2015.<\/p>\n<p>La preocupaci\u00f3n del sector lleg\u00f3 tras recibir un mensaje de advertencia atribu\u00eddo a la c\u00e1mara de exportadores de granos y derivados, CIARA-CEC, aunque la entidad declin\u00f3 de hacer comentarios a los medios.<\/p>\n<p>&nbsp;<\/p>\n","protected":false},"excerpt":{"rendered":"<p>La Uni\u00f3n Europea hizo llegar a la Argentina tres alertas por la detecci\u00f3n en embarques de trazas de harina de soja con el evento transg\u00e9nico HB4, que no aprobado a\u00fan en el bloque europeo para su comercializaci\u00f3n. Los embarques iban a Pa\u00edses Bajos y fueron rechazados. La soja HB4, fue desarrollada Bioceres y es tolerante [&hellip;]<\/p>\n","protected":false},"author":19,"featured_media":55467,"comment_status":"open","ping_status":"closed","sticky":false,"template":"","format":"standard","meta":{"_acf_changed":false,"footnotes":""},"categories":[267],"tags":[520,385],"commodity":[46,47,49],"class_list":["post-69342","post","type-post","status-publish","format-standard","has-post-thumbnail","hentry","category-agronegocio-es","tag-harina-de-soja","tag-ue","commodity-maiz","commodity-soja","commodity-trigo"],"acf":[],"yoast_head":"<!-- This site is optimized with the Yoast SEO plugin v26.5 - https:\/\/yoast.com\/wordpress\/plugins\/seo\/ -->\n<title>UE detecta harina de soja argentina con gen HB4<\/title>\n<meta name=\"robots\" content=\"index, follow, max-snippet:-1, max-image-preview:large, max-video-preview:-1\" \/>\n<link rel=\"canonical\" href=\"https:\/\/safras.com.br\/es\/ue-detecta-harina-de-soja-argentina-con-gen-hb4-y-podria-frenar-embarques\/\" \/>\n<meta property=\"og:locale\" content=\"es_ES\" \/>\n<meta property=\"og:type\" content=\"article\" \/>\n<meta property=\"og:title\" content=\"UE detecta harina de soja argentina con gen HB4\" \/>\n<meta property=\"og:description\" content=\"La Uni\u00f3n Europea hizo llegar a la Argentina tres alertas por la detecci\u00f3n en embarques de trazas de harina de soja con el evento transg\u00e9nico HB4, que no aprobado a\u00fan en el bloque europeo para su comercializaci\u00f3n. Los embarques iban a Pa\u00edses Bajos y fueron rechazados. La soja HB4, fue desarrollada Bioceres y es tolerante [&hellip;]\" \/>\n<meta property=\"og:url\" content=\"https:\/\/safras.com.br\/es\/ue-detecta-harina-de-soja-argentina-con-gen-hb4-y-podria-frenar-embarques\/\" \/>\n<meta property=\"og:site_name\" content=\"SAFRAS &amp; Mercado\" \/>\n<meta property=\"article:published_time\" content=\"2026-04-27T18:04:10+00:00\" \/>\n<meta property=\"article:modified_time\" content=\"2026-04-27T18:11:49+00:00\" \/>\n<meta property=\"og:image\" content=\"https:\/\/safras.com.br\/es\/wp-content\/uploads\/2023\/10\/harina-de-trigo.jpg\" \/>\n\t<meta property=\"og:image:width\" content=\"612\" \/>\n\t<meta property=\"og:image:height\" content=\"408\" \/>\n\t<meta property=\"og:image:type\" content=\"image\/jpeg\" \/>\n<meta name=\"author\" content=\"Julieta Marino\" \/>\n<meta name=\"twitter:card\" content=\"summary_large_image\" \/>\n<meta name=\"twitter:label1\" content=\"Escrito por\" \/>\n\t<meta name=\"twitter:data1\" content=\"Julieta Marino\" \/>\n\t<meta name=\"twitter:label2\" content=\"Tiempo de lectura\" \/>\n\t<meta name=\"twitter:data2\" content=\"1 minuto\" \/>\n<script type=\"application\/ld+json\" class=\"yoast-schema-graph\">{\"@context\":\"https:\/\/schema.org\",\"@graph\":[{\"@type\":\"Article\",\"@id\":\"https:\/\/safras.com.br\/es\/ue-detecta-harina-de-soja-argentina-con-gen-hb4-y-podria-frenar-embarques\/#article\",\"isPartOf\":{\"@id\":\"https:\/\/safras.com.br\/es\/ue-detecta-harina-de-soja-argentina-con-gen-hb4-y-podria-frenar-embarques\/\"},\"author\":{\"name\":\"Julieta Marino\",\"@id\":\"https:\/\/safras.com.br\/es\/#\/schema\/person\/3416d9a13f71584c19d44af415b80774\"},\"headline\":\"UE detecta harina de soja argentina con gen HB4 y podr\u00eda frenar embarques\",\"datePublished\":\"2026-04-27T18:04:10+00:00\",\"dateModified\":\"2026-04-27T18:11:49+00:00\",\"mainEntityOfPage\":{\"@id\":\"https:\/\/safras.com.br\/es\/ue-detecta-harina-de-soja-argentina-con-gen-hb4-y-podria-frenar-embarques\/\"},\"wordCount\":137,\"commentCount\":0,\"publisher\":{\"@id\":\"https:\/\/safras.com.br\/es\/#organization\"},\"image\":{\"@id\":\"https:\/\/safras.com.br\/es\/ue-detecta-harina-de-soja-argentina-con-gen-hb4-y-podria-frenar-embarques\/#primaryimage\"},\"thumbnailUrl\":\"https:\/\/safras.com.br\/es\/wp-content\/uploads\/2023\/10\/harina-de-trigo.jpg\",\"keywords\":[\"Harina de Soja\",\"ue\"],\"articleSection\":[\"Noticias Agronegocio\"],\"inLanguage\":\"es\",\"potentialAction\":[{\"@type\":\"CommentAction\",\"name\":\"Comment\",\"target\":[\"https:\/\/safras.com.br\/es\/ue-detecta-harina-de-soja-argentina-con-gen-hb4-y-podria-frenar-embarques\/#respond\"]}]},{\"@type\":\"WebPage\",\"@id\":\"https:\/\/safras.com.br\/es\/ue-detecta-harina-de-soja-argentina-con-gen-hb4-y-podria-frenar-embarques\/\",\"url\":\"https:\/\/safras.com.br\/es\/ue-detecta-harina-de-soja-argentina-con-gen-hb4-y-podria-frenar-embarques\/\",\"name\":\"UE detecta harina de soja argentina con gen HB4\",\"isPartOf\":{\"@id\":\"https:\/\/safras.com.br\/es\/#website\"},\"primaryImageOfPage\":{\"@id\":\"https:\/\/safras.com.br\/es\/ue-detecta-harina-de-soja-argentina-con-gen-hb4-y-podria-frenar-embarques\/#primaryimage\"},\"image\":{\"@id\":\"https:\/\/safras.com.br\/es\/ue-detecta-harina-de-soja-argentina-con-gen-hb4-y-podria-frenar-embarques\/#primaryimage\"},\"thumbnailUrl\":\"https:\/\/safras.com.br\/es\/wp-content\/uploads\/2023\/10\/harina-de-trigo.jpg\",\"datePublished\":\"2026-04-27T18:04:10+00:00\",\"dateModified\":\"2026-04-27T18:11:49+00:00\",\"breadcrumb\":{\"@id\":\"https:\/\/safras.com.br\/es\/ue-detecta-harina-de-soja-argentina-con-gen-hb4-y-podria-frenar-embarques\/#breadcrumb\"},\"inLanguage\":\"es\",\"potentialAction\":[{\"@type\":\"ReadAction\",\"target\":[\"https:\/\/safras.com.br\/es\/ue-detecta-harina-de-soja-argentina-con-gen-hb4-y-podria-frenar-embarques\/\"]}]},{\"@type\":\"ImageObject\",\"inLanguage\":\"es\",\"@id\":\"https:\/\/safras.com.br\/es\/ue-detecta-harina-de-soja-argentina-con-gen-hb4-y-podria-frenar-embarques\/#primaryimage\",\"url\":\"https:\/\/safras.com.br\/es\/wp-content\/uploads\/2023\/10\/harina-de-trigo.jpg\",\"contentUrl\":\"https:\/\/safras.com.br\/es\/wp-content\/uploads\/2023\/10\/harina-de-trigo.jpg\",\"width\":612,\"height\":408,\"caption\":\"Harina de trigo \/ Pixabay\"},{\"@type\":\"BreadcrumbList\",\"@id\":\"https:\/\/safras.com.br\/es\/ue-detecta-harina-de-soja-argentina-con-gen-hb4-y-podria-frenar-embarques\/#breadcrumb\",\"itemListElement\":[{\"@type\":\"ListItem\",\"position\":1,\"name\":\"Portada\",\"item\":\"https:\/\/safras.com.br\/es\/\"},{\"@type\":\"ListItem\",\"position\":2,\"name\":\"UE detecta harina de soja argentina con gen HB4 y podr\u00eda frenar embarques\"}]},{\"@type\":\"WebSite\",\"@id\":\"https:\/\/safras.com.br\/es\/#website\",\"url\":\"https:\/\/safras.com.br\/es\/\",\"name\":\"SAFRAS & Mercado\",\"description\":\"El ecosistema de agronegocios\",\"publisher\":{\"@id\":\"https:\/\/safras.com.br\/es\/#organization\"},\"potentialAction\":[{\"@type\":\"SearchAction\",\"target\":{\"@type\":\"EntryPoint\",\"urlTemplate\":\"https:\/\/safras.com.br\/es\/?s={search_term_string}\"},\"query-input\":{\"@type\":\"PropertyValueSpecification\",\"valueRequired\":true,\"valueName\":\"search_term_string\"}}],\"inLanguage\":\"es\"},{\"@type\":\"Organization\",\"@id\":\"https:\/\/safras.com.br\/es\/#organization\",\"name\":\"SAFRAS & Mercado\",\"url\":\"https:\/\/safras.com.br\/es\/\",\"logo\":{\"@type\":\"ImageObject\",\"inLanguage\":\"es\",\"@id\":\"https:\/\/safras.com.br\/es\/#\/schema\/logo\/image\/\",\"url\":\"https:\/\/safras.com.br\/es\/wp-content\/uploads\/2023\/01\/cropped-favicon.png\",\"contentUrl\":\"https:\/\/safras.com.br\/es\/wp-content\/uploads\/2023\/01\/cropped-favicon.png\",\"width\":512,\"height\":512,\"caption\":\"SAFRAS & Mercado\"},\"image\":{\"@id\":\"https:\/\/safras.com.br\/es\/#\/schema\/logo\/image\/\"}},{\"@type\":\"Person\",\"@id\":\"https:\/\/safras.com.br\/es\/#\/schema\/person\/3416d9a13f71584c19d44af415b80774\",\"name\":\"Julieta Marino\",\"image\":{\"@type\":\"ImageObject\",\"inLanguage\":\"es\",\"@id\":\"https:\/\/safras.com.br\/es\/#\/schema\/person\/image\/\",\"url\":\"https:\/\/secure.gravatar.com\/avatar\/edb9a909cb969bf70267c5bad4733db348b286011e3a47666fcbe2263cd5c089?s=96&d=mm&r=g\",\"contentUrl\":\"https:\/\/secure.gravatar.com\/avatar\/edb9a909cb969bf70267c5bad4733db348b286011e3a47666fcbe2263cd5c089?s=96&d=mm&r=g\",\"caption\":\"Julieta Marino\"},\"url\":\"https:\/\/safras.com.br\/es\/author\/sf_julieta\/\"}]}<\/script>\n<!-- \/ Yoast SEO plugin. -->","yoast_head_json":{"title":"UE detecta harina de soja argentina con gen HB4","robots":{"index":"index","follow":"follow","max-snippet":"max-snippet:-1","max-image-preview":"max-image-preview:large","max-video-preview":"max-video-preview:-1"},"canonical":"https:\/\/safras.com.br\/es\/ue-detecta-harina-de-soja-argentina-con-gen-hb4-y-podria-frenar-embarques\/","og_locale":"es_ES","og_type":"article","og_title":"UE detecta harina de soja argentina con gen HB4","og_description":"La Uni\u00f3n Europea hizo llegar a la Argentina tres alertas por la detecci\u00f3n en embarques de trazas de harina de soja con el evento transg\u00e9nico HB4, que no aprobado a\u00fan en el bloque europeo para su comercializaci\u00f3n. Los embarques iban a Pa\u00edses Bajos y fueron rechazados. La soja HB4, fue desarrollada Bioceres y es tolerante [&hellip;]","og_url":"https:\/\/safras.com.br\/es\/ue-detecta-harina-de-soja-argentina-con-gen-hb4-y-podria-frenar-embarques\/","og_site_name":"SAFRAS &amp; Mercado","article_published_time":"2026-04-27T18:04:10+00:00","article_modified_time":"2026-04-27T18:11:49+00:00","og_image":[{"width":612,"height":408,"url":"https:\/\/safras.com.br\/es\/wp-content\/uploads\/2023\/10\/harina-de-trigo.jpg","type":"image\/jpeg"}],"author":"Julieta Marino","twitter_card":"summary_large_image","twitter_misc":{"Escrito por":"Julieta Marino","Tiempo de lectura":"1 minuto"},"schema":{"@context":"https:\/\/schema.org","@graph":[{"@type":"Article","@id":"https:\/\/safras.com.br\/es\/ue-detecta-harina-de-soja-argentina-con-gen-hb4-y-podria-frenar-embarques\/#article","isPartOf":{"@id":"https:\/\/safras.com.br\/es\/ue-detecta-harina-de-soja-argentina-con-gen-hb4-y-podria-frenar-embarques\/"},"author":{"name":"Julieta Marino","@id":"https:\/\/safras.com.br\/es\/#\/schema\/person\/3416d9a13f71584c19d44af415b80774"},"headline":"UE detecta harina de soja argentina con gen HB4 y podr\u00eda frenar embarques","datePublished":"2026-04-27T18:04:10+00:00","dateModified":"2026-04-27T18:11:49+00:00","mainEntityOfPage":{"@id":"https:\/\/safras.com.br\/es\/ue-detecta-harina-de-soja-argentina-con-gen-hb4-y-podria-frenar-embarques\/"},"wordCount":137,"commentCount":0,"publisher":{"@id":"https:\/\/safras.com.br\/es\/#organization"},"image":{"@id":"https:\/\/safras.com.br\/es\/ue-detecta-harina-de-soja-argentina-con-gen-hb4-y-podria-frenar-embarques\/#primaryimage"},"thumbnailUrl":"https:\/\/safras.com.br\/es\/wp-content\/uploads\/2023\/10\/harina-de-trigo.jpg","keywords":["Harina de Soja","ue"],"articleSection":["Noticias Agronegocio"],"inLanguage":"es","potentialAction":[{"@type":"CommentAction","name":"Comment","target":["https:\/\/safras.com.br\/es\/ue-detecta-harina-de-soja-argentina-con-gen-hb4-y-podria-frenar-embarques\/#respond"]}]},{"@type":"WebPage","@id":"https:\/\/safras.com.br\/es\/ue-detecta-harina-de-soja-argentina-con-gen-hb4-y-podria-frenar-embarques\/","url":"https:\/\/safras.com.br\/es\/ue-detecta-harina-de-soja-argentina-con-gen-hb4-y-podria-frenar-embarques\/","name":"UE detecta harina de soja argentina con gen HB4","isPartOf":{"@id":"https:\/\/safras.com.br\/es\/#website"},"primaryImageOfPage":{"@id":"https:\/\/safras.com.br\/es\/ue-detecta-harina-de-soja-argentina-con-gen-hb4-y-podria-frenar-embarques\/#primaryimage"},"image":{"@id":"https:\/\/safras.com.br\/es\/ue-detecta-harina-de-soja-argentina-con-gen-hb4-y-podria-frenar-embarques\/#primaryimage"},"thumbnailUrl":"https:\/\/safras.com.br\/es\/wp-content\/uploads\/2023\/10\/harina-de-trigo.jpg","datePublished":"2026-04-27T18:04:10+00:00","dateModified":"2026-04-27T18:11:49+00:00","breadcrumb":{"@id":"https:\/\/safras.com.br\/es\/ue-detecta-harina-de-soja-argentina-con-gen-hb4-y-podria-frenar-embarques\/#breadcrumb"},"inLanguage":"es","potentialAction":[{"@type":"ReadAction","target":["https:\/\/safras.com.br\/es\/ue-detecta-harina-de-soja-argentina-con-gen-hb4-y-podria-frenar-embarques\/"]}]},{"@type":"ImageObject","inLanguage":"es","@id":"https:\/\/safras.com.br\/es\/ue-detecta-harina-de-soja-argentina-con-gen-hb4-y-podria-frenar-embarques\/#primaryimage","url":"https:\/\/safras.com.br\/es\/wp-content\/uploads\/2023\/10\/harina-de-trigo.jpg","contentUrl":"https:\/\/safras.com.br\/es\/wp-content\/uploads\/2023\/10\/harina-de-trigo.jpg","width":612,"height":408,"caption":"Harina de trigo \/ Pixabay"},{"@type":"BreadcrumbList","@id":"https:\/\/safras.com.br\/es\/ue-detecta-harina-de-soja-argentina-con-gen-hb4-y-podria-frenar-embarques\/#breadcrumb","itemListElement":[{"@type":"ListItem","position":1,"name":"Portada","item":"https:\/\/safras.com.br\/es\/"},{"@type":"ListItem","position":2,"name":"UE detecta harina de soja argentina con gen HB4 y podr\u00eda frenar embarques"}]},{"@type":"WebSite","@id":"https:\/\/safras.com.br\/es\/#website","url":"https:\/\/safras.com.br\/es\/","name":"SAFRAS & Mercado","description":"El ecosistema de agronegocios","publisher":{"@id":"https:\/\/safras.com.br\/es\/#organization"},"potentialAction":[{"@type":"SearchAction","target":{"@type":"EntryPoint","urlTemplate":"https:\/\/safras.com.br\/es\/?s={search_term_string}"},"query-input":{"@type":"PropertyValueSpecification","valueRequired":true,"valueName":"search_term_string"}}],"inLanguage":"es"},{"@type":"Organization","@id":"https:\/\/safras.com.br\/es\/#organization","name":"SAFRAS & Mercado","url":"https:\/\/safras.com.br\/es\/","logo":{"@type":"ImageObject","inLanguage":"es","@id":"https:\/\/safras.com.br\/es\/#\/schema\/logo\/image\/","url":"https:\/\/safras.com.br\/es\/wp-content\/uploads\/2023\/01\/cropped-favicon.png","contentUrl":"https:\/\/safras.com.br\/es\/wp-content\/uploads\/2023\/01\/cropped-favicon.png","width":512,"height":512,"caption":"SAFRAS & Mercado"},"image":{"@id":"https:\/\/safras.com.br\/es\/#\/schema\/logo\/image\/"}},{"@type":"Person","@id":"https:\/\/safras.com.br\/es\/#\/schema\/person\/3416d9a13f71584c19d44af415b80774","name":"Julieta Marino","image":{"@type":"ImageObject","inLanguage":"es","@id":"https:\/\/safras.com.br\/es\/#\/schema\/person\/image\/","url":"https:\/\/secure.gravatar.com\/avatar\/edb9a909cb969bf70267c5bad4733db348b286011e3a47666fcbe2263cd5c089?s=96&d=mm&r=g","contentUrl":"https:\/\/secure.gravatar.com\/avatar\/edb9a909cb969bf70267c5bad4733db348b286011e3a47666fcbe2263cd5c089?s=96&d=mm&r=g","caption":"Julieta Marino"},"url":"https:\/\/safras.com.br\/es\/author\/sf_julieta\/"}]}},"_links":{"self":[{"href":"https:\/\/safras.com.br\/es\/wp-json\/wp\/v2\/posts\/69342","targetHints":{"allow":["GET"]}}],"collection":[{"href":"https:\/\/safras.com.br\/es\/wp-json\/wp\/v2\/posts"}],"about":[{"href":"https:\/\/safras.com.br\/es\/wp-json\/wp\/v2\/types\/post"}],"author":[{"embeddable":true,"href":"https:\/\/safras.com.br\/es\/wp-json\/wp\/v2\/users\/19"}],"replies":[{"embeddable":true,"href":"https:\/\/safras.com.br\/es\/wp-json\/wp\/v2\/comments?post=69342"}],"version-history":[{"count":1,"href":"https:\/\/safras.com.br\/es\/wp-json\/wp\/v2\/posts\/69342\/revisions"}],"predecessor-version":[{"id":69343,"href":"https:\/\/safras.com.br\/es\/wp-json\/wp\/v2\/posts\/69342\/revisions\/69343"}],"wp:featuredmedia":[{"embeddable":true,"href":"https:\/\/safras.com.br\/es\/wp-json\/wp\/v2\/media\/55467"}],"wp:attachment":[{"href":"https:\/\/safras.com.br\/es\/wp-json\/wp\/v2\/media?parent=69342"}],"wp:term":[{"taxonomy":"category","embeddable":true,"href":"https:\/\/safras.com.br\/es\/wp-json\/wp\/v2\/categories?post=69342"},{"taxonomy":"post_tag","embeddable":true,"href":"https:\/\/safras.com.br\/es\/wp-json\/wp\/v2\/tags?post=69342"},{"taxonomy":"commodity","embeddable":true,"href":"https:\/\/safras.com.br\/es\/wp-json\/wp\/v2\/commodity?post=69342"}],"curies":[{"name":"wp","href":"https:\/\/api.w.org\/{rel}","templated":true}]}}