{"id":69339,"date":"2026-04-27T12:56:47","date_gmt":"2026-04-27T15:56:47","guid":{"rendered":"https:\/\/safras.com.br\/es\/?p=69339"},"modified":"2026-04-27T12:56:47","modified_gmt":"2026-04-27T15:56:47","slug":"safras-tv-alza-en-fertilizantes-que-decisiones-tomar","status":"publish","type":"post","link":"https:\/\/safras.com.br\/es\/safras-tv-alza-en-fertilizantes-que-decisiones-tomar\/","title":{"rendered":"SAFRAS TV: Alza en fertilizantes \u00bfQu\u00e9 decisiones tomar?"},"content":{"rendered":"<p>La inminente <strong>campa\u00f1a fina en Argentina 2026\/27 deber\u00e1 amoldarse a los altos precios de los<\/strong><br \/>\n<strong>fertilizantes producto de la guerra en Medio Oriente.<\/strong> El analista Andr\u00e9s Cannizzo, de Safras &amp;<br \/>\nMercado, explica en esta entrevista con Safras News Latam c\u00f3mo est\u00e1n los precios a nivel global, y<br \/>\nde qu\u00e9 manera puede el productor local cubrirse ante este escenario.<\/p>\n<p>Mir\u00e1 el video en los enlaces a continuaci\u00f3n, en SAFRAS TV y en YouTube:<br \/>\n<a href=\"https:\/\/youtu.be\/EEiTDN6rM_M\"><strong><em>https:\/\/youtu.be\/EEiTDN6rM_M<\/em><\/strong><\/a><\/p>\n<p>Siga en Safras TV, videos del equipo de periodistas y analistas de Safras &amp; Mercado, con<br \/>\ninformaci\u00f3n sobre el movimiento de los principales mercados de Argentina y del mundo para productos<br \/>\nagr\u00edcolas.<\/p>\n<p>&nbsp;<\/p>\n","protected":false},"excerpt":{"rendered":"<p>La inminente campa\u00f1a fina en Argentina 2026\/27 deber\u00e1 amoldarse a los altos precios de los fertilizantes producto de la guerra en Medio Oriente. El analista Andr\u00e9s Cannizzo, de Safras &amp; Mercado, explica en esta entrevista con Safras News Latam c\u00f3mo est\u00e1n los precios a nivel global, y de qu\u00e9 manera puede el productor local cubrirse [&hellip;]<\/p>\n","protected":false},"author":19,"featured_media":69341,"comment_status":"open","ping_status":"closed","sticky":false,"template":"","format":"standard","meta":{"_acf_changed":false,"footnotes":""},"categories":[267,268],"tags":[292,1037],"commodity":[44],"class_list":["post-69339","post","type-post","status-publish","format-standard","has-post-thumbnail","hentry","category-agronegocio-es","category-sem-categoria-es","tag-fertilizantes","tag-guerra","commodity-fertilizantes"],"acf":[],"yoast_head":"<!-- This site is optimized with the Yoast SEO plugin v26.5 - https:\/\/yoast.com\/wordpress\/plugins\/seo\/ -->\n<title>SAFRAS TV: Alza en fertilizantes \u00bfQu\u00e9 decisiones tomar? - SAFRAS &amp; Mercado<\/title>\n<meta name=\"robots\" content=\"index, follow, max-snippet:-1, max-image-preview:large, max-video-preview:-1\" \/>\n<link rel=\"canonical\" href=\"https:\/\/safras.com.br\/es\/safras-tv-alza-en-fertilizantes-que-decisiones-tomar\/\" \/>\n<meta property=\"og:locale\" content=\"es_ES\" \/>\n<meta property=\"og:type\" content=\"article\" \/>\n<meta property=\"og:title\" content=\"SAFRAS TV: Alza en fertilizantes \u00bfQu\u00e9 decisiones tomar? - SAFRAS &amp; Mercado\" \/>\n<meta property=\"og:description\" content=\"La inminente campa\u00f1a fina en Argentina 2026\/27 deber\u00e1 amoldarse a los altos precios de los fertilizantes producto de la guerra en Medio Oriente. El analista Andr\u00e9s Cannizzo, de Safras &amp; Mercado, explica en esta entrevista con Safras News Latam c\u00f3mo est\u00e1n los precios a nivel global, y de qu\u00e9 manera puede el productor local cubrirse [&hellip;]\" \/>\n<meta property=\"og:url\" content=\"https:\/\/safras.com.br\/es\/safras-tv-alza-en-fertilizantes-que-decisiones-tomar\/\" \/>\n<meta property=\"og:site_name\" content=\"SAFRAS &amp; Mercado\" \/>\n<meta property=\"article:published_time\" content=\"2026-04-27T15:56:47+00:00\" \/>\n<meta property=\"og:image\" content=\"https:\/\/safras.com.br\/es\/wp-content\/uploads\/2026\/04\/YT-Thumb-Latam-new-16-2.jpg\" \/>\n\t<meta property=\"og:image:width\" content=\"1920\" \/>\n\t<meta property=\"og:image:height\" content=\"1080\" \/>\n\t<meta property=\"og:image:type\" content=\"image\/jpeg\" \/>\n<meta name=\"author\" content=\"Julieta Marino\" \/>\n<meta name=\"twitter:card\" content=\"summary_large_image\" \/>\n<meta name=\"twitter:label1\" content=\"Escrito por\" \/>\n\t<meta name=\"twitter:data1\" content=\"Julieta Marino\" \/>\n\t<meta name=\"twitter:label2\" content=\"Tiempo de lectura\" \/>\n\t<meta name=\"twitter:data2\" content=\"1 minuto\" \/>\n<script type=\"application\/ld+json\" class=\"yoast-schema-graph\">{\"@context\":\"https:\/\/schema.org\",\"@graph\":[{\"@type\":\"Article\",\"@id\":\"https:\/\/safras.com.br\/es\/safras-tv-alza-en-fertilizantes-que-decisiones-tomar\/#article\",\"isPartOf\":{\"@id\":\"https:\/\/safras.com.br\/es\/safras-tv-alza-en-fertilizantes-que-decisiones-tomar\/\"},\"author\":{\"name\":\"Julieta Marino\",\"@id\":\"https:\/\/safras.com.br\/es\/#\/schema\/person\/3416d9a13f71584c19d44af415b80774\"},\"headline\":\"SAFRAS TV: Alza en fertilizantes \u00bfQu\u00e9 decisiones tomar?\",\"datePublished\":\"2026-04-27T15:56:47+00:00\",\"mainEntityOfPage\":{\"@id\":\"https:\/\/safras.com.br\/es\/safras-tv-alza-en-fertilizantes-que-decisiones-tomar\/\"},\"wordCount\":125,\"commentCount\":0,\"publisher\":{\"@id\":\"https:\/\/safras.com.br\/es\/#organization\"},\"image\":{\"@id\":\"https:\/\/safras.com.br\/es\/safras-tv-alza-en-fertilizantes-que-decisiones-tomar\/#primaryimage\"},\"thumbnailUrl\":\"https:\/\/safras.com.br\/es\/wp-content\/uploads\/2026\/04\/YT-Thumb-Latam-new-16-2.jpg\",\"keywords\":[\"Fertilizantes\",\"guerra\"],\"articleSection\":[\"Noticias Agronegocio\",\"Sem categoria\"],\"inLanguage\":\"es\",\"potentialAction\":[{\"@type\":\"CommentAction\",\"name\":\"Comment\",\"target\":[\"https:\/\/safras.com.br\/es\/safras-tv-alza-en-fertilizantes-que-decisiones-tomar\/#respond\"]}]},{\"@type\":\"WebPage\",\"@id\":\"https:\/\/safras.com.br\/es\/safras-tv-alza-en-fertilizantes-que-decisiones-tomar\/\",\"url\":\"https:\/\/safras.com.br\/es\/safras-tv-alza-en-fertilizantes-que-decisiones-tomar\/\",\"name\":\"SAFRAS TV: Alza en fertilizantes \u00bfQu\u00e9 decisiones tomar? - SAFRAS &amp; Mercado\",\"isPartOf\":{\"@id\":\"https:\/\/safras.com.br\/es\/#website\"},\"primaryImageOfPage\":{\"@id\":\"https:\/\/safras.com.br\/es\/safras-tv-alza-en-fertilizantes-que-decisiones-tomar\/#primaryimage\"},\"image\":{\"@id\":\"https:\/\/safras.com.br\/es\/safras-tv-alza-en-fertilizantes-que-decisiones-tomar\/#primaryimage\"},\"thumbnailUrl\":\"https:\/\/safras.com.br\/es\/wp-content\/uploads\/2026\/04\/YT-Thumb-Latam-new-16-2.jpg\",\"datePublished\":\"2026-04-27T15:56:47+00:00\",\"breadcrumb\":{\"@id\":\"https:\/\/safras.com.br\/es\/safras-tv-alza-en-fertilizantes-que-decisiones-tomar\/#breadcrumb\"},\"inLanguage\":\"es\",\"potentialAction\":[{\"@type\":\"ReadAction\",\"target\":[\"https:\/\/safras.com.br\/es\/safras-tv-alza-en-fertilizantes-que-decisiones-tomar\/\"]}]},{\"@type\":\"ImageObject\",\"inLanguage\":\"es\",\"@id\":\"https:\/\/safras.com.br\/es\/safras-tv-alza-en-fertilizantes-que-decisiones-tomar\/#primaryimage\",\"url\":\"https:\/\/safras.com.br\/es\/wp-content\/uploads\/2026\/04\/YT-Thumb-Latam-new-16-2.jpg\",\"contentUrl\":\"https:\/\/safras.com.br\/es\/wp-content\/uploads\/2026\/04\/YT-Thumb-Latam-new-16-2.jpg\",\"width\":1920,\"height\":1080,\"caption\":\"YT Thumb Latam new (16) 2\"},{\"@type\":\"BreadcrumbList\",\"@id\":\"https:\/\/safras.com.br\/es\/safras-tv-alza-en-fertilizantes-que-decisiones-tomar\/#breadcrumb\",\"itemListElement\":[{\"@type\":\"ListItem\",\"position\":1,\"name\":\"Portada\",\"item\":\"https:\/\/safras.com.br\/es\/\"},{\"@type\":\"ListItem\",\"position\":2,\"name\":\"SAFRAS TV: Alza en fertilizantes \u00bfQu\u00e9 decisiones tomar?\"}]},{\"@type\":\"WebSite\",\"@id\":\"https:\/\/safras.com.br\/es\/#website\",\"url\":\"https:\/\/safras.com.br\/es\/\",\"name\":\"SAFRAS & Mercado\",\"description\":\"El ecosistema de agronegocios\",\"publisher\":{\"@id\":\"https:\/\/safras.com.br\/es\/#organization\"},\"potentialAction\":[{\"@type\":\"SearchAction\",\"target\":{\"@type\":\"EntryPoint\",\"urlTemplate\":\"https:\/\/safras.com.br\/es\/?s={search_term_string}\"},\"query-input\":{\"@type\":\"PropertyValueSpecification\",\"valueRequired\":true,\"valueName\":\"search_term_string\"}}],\"inLanguage\":\"es\"},{\"@type\":\"Organization\",\"@id\":\"https:\/\/safras.com.br\/es\/#organization\",\"name\":\"SAFRAS & Mercado\",\"url\":\"https:\/\/safras.com.br\/es\/\",\"logo\":{\"@type\":\"ImageObject\",\"inLanguage\":\"es\",\"@id\":\"https:\/\/safras.com.br\/es\/#\/schema\/logo\/image\/\",\"url\":\"https:\/\/safras.com.br\/es\/wp-content\/uploads\/2023\/01\/cropped-favicon.png\",\"contentUrl\":\"https:\/\/safras.com.br\/es\/wp-content\/uploads\/2023\/01\/cropped-favicon.png\",\"width\":512,\"height\":512,\"caption\":\"SAFRAS & Mercado\"},\"image\":{\"@id\":\"https:\/\/safras.com.br\/es\/#\/schema\/logo\/image\/\"}},{\"@type\":\"Person\",\"@id\":\"https:\/\/safras.com.br\/es\/#\/schema\/person\/3416d9a13f71584c19d44af415b80774\",\"name\":\"Julieta Marino\",\"image\":{\"@type\":\"ImageObject\",\"inLanguage\":\"es\",\"@id\":\"https:\/\/safras.com.br\/es\/#\/schema\/person\/image\/\",\"url\":\"https:\/\/secure.gravatar.com\/avatar\/edb9a909cb969bf70267c5bad4733db348b286011e3a47666fcbe2263cd5c089?s=96&d=mm&r=g\",\"contentUrl\":\"https:\/\/secure.gravatar.com\/avatar\/edb9a909cb969bf70267c5bad4733db348b286011e3a47666fcbe2263cd5c089?s=96&d=mm&r=g\",\"caption\":\"Julieta Marino\"},\"url\":\"https:\/\/safras.com.br\/es\/author\/sf_julieta\/\"}]}<\/script>\n<!-- \/ Yoast SEO plugin. -->","yoast_head_json":{"title":"SAFRAS TV: Alza en fertilizantes \u00bfQu\u00e9 decisiones tomar? - SAFRAS &amp; Mercado","robots":{"index":"index","follow":"follow","max-snippet":"max-snippet:-1","max-image-preview":"max-image-preview:large","max-video-preview":"max-video-preview:-1"},"canonical":"https:\/\/safras.com.br\/es\/safras-tv-alza-en-fertilizantes-que-decisiones-tomar\/","og_locale":"es_ES","og_type":"article","og_title":"SAFRAS TV: Alza en fertilizantes \u00bfQu\u00e9 decisiones tomar? - SAFRAS &amp; Mercado","og_description":"La inminente campa\u00f1a fina en Argentina 2026\/27 deber\u00e1 amoldarse a los altos precios de los fertilizantes producto de la guerra en Medio Oriente. El analista Andr\u00e9s Cannizzo, de Safras &amp; Mercado, explica en esta entrevista con Safras News Latam c\u00f3mo est\u00e1n los precios a nivel global, y de qu\u00e9 manera puede el productor local cubrirse [&hellip;]","og_url":"https:\/\/safras.com.br\/es\/safras-tv-alza-en-fertilizantes-que-decisiones-tomar\/","og_site_name":"SAFRAS &amp; Mercado","article_published_time":"2026-04-27T15:56:47+00:00","og_image":[{"width":1920,"height":1080,"url":"https:\/\/safras.com.br\/es\/wp-content\/uploads\/2026\/04\/YT-Thumb-Latam-new-16-2.jpg","type":"image\/jpeg"}],"author":"Julieta Marino","twitter_card":"summary_large_image","twitter_misc":{"Escrito por":"Julieta Marino","Tiempo de lectura":"1 minuto"},"schema":{"@context":"https:\/\/schema.org","@graph":[{"@type":"Article","@id":"https:\/\/safras.com.br\/es\/safras-tv-alza-en-fertilizantes-que-decisiones-tomar\/#article","isPartOf":{"@id":"https:\/\/safras.com.br\/es\/safras-tv-alza-en-fertilizantes-que-decisiones-tomar\/"},"author":{"name":"Julieta Marino","@id":"https:\/\/safras.com.br\/es\/#\/schema\/person\/3416d9a13f71584c19d44af415b80774"},"headline":"SAFRAS TV: Alza en fertilizantes \u00bfQu\u00e9 decisiones tomar?","datePublished":"2026-04-27T15:56:47+00:00","mainEntityOfPage":{"@id":"https:\/\/safras.com.br\/es\/safras-tv-alza-en-fertilizantes-que-decisiones-tomar\/"},"wordCount":125,"commentCount":0,"publisher":{"@id":"https:\/\/safras.com.br\/es\/#organization"},"image":{"@id":"https:\/\/safras.com.br\/es\/safras-tv-alza-en-fertilizantes-que-decisiones-tomar\/#primaryimage"},"thumbnailUrl":"https:\/\/safras.com.br\/es\/wp-content\/uploads\/2026\/04\/YT-Thumb-Latam-new-16-2.jpg","keywords":["Fertilizantes","guerra"],"articleSection":["Noticias Agronegocio","Sem categoria"],"inLanguage":"es","potentialAction":[{"@type":"CommentAction","name":"Comment","target":["https:\/\/safras.com.br\/es\/safras-tv-alza-en-fertilizantes-que-decisiones-tomar\/#respond"]}]},{"@type":"WebPage","@id":"https:\/\/safras.com.br\/es\/safras-tv-alza-en-fertilizantes-que-decisiones-tomar\/","url":"https:\/\/safras.com.br\/es\/safras-tv-alza-en-fertilizantes-que-decisiones-tomar\/","name":"SAFRAS TV: Alza en fertilizantes \u00bfQu\u00e9 decisiones tomar? - SAFRAS &amp; Mercado","isPartOf":{"@id":"https:\/\/safras.com.br\/es\/#website"},"primaryImageOfPage":{"@id":"https:\/\/safras.com.br\/es\/safras-tv-alza-en-fertilizantes-que-decisiones-tomar\/#primaryimage"},"image":{"@id":"https:\/\/safras.com.br\/es\/safras-tv-alza-en-fertilizantes-que-decisiones-tomar\/#primaryimage"},"thumbnailUrl":"https:\/\/safras.com.br\/es\/wp-content\/uploads\/2026\/04\/YT-Thumb-Latam-new-16-2.jpg","datePublished":"2026-04-27T15:56:47+00:00","breadcrumb":{"@id":"https:\/\/safras.com.br\/es\/safras-tv-alza-en-fertilizantes-que-decisiones-tomar\/#breadcrumb"},"inLanguage":"es","potentialAction":[{"@type":"ReadAction","target":["https:\/\/safras.com.br\/es\/safras-tv-alza-en-fertilizantes-que-decisiones-tomar\/"]}]},{"@type":"ImageObject","inLanguage":"es","@id":"https:\/\/safras.com.br\/es\/safras-tv-alza-en-fertilizantes-que-decisiones-tomar\/#primaryimage","url":"https:\/\/safras.com.br\/es\/wp-content\/uploads\/2026\/04\/YT-Thumb-Latam-new-16-2.jpg","contentUrl":"https:\/\/safras.com.br\/es\/wp-content\/uploads\/2026\/04\/YT-Thumb-Latam-new-16-2.jpg","width":1920,"height":1080,"caption":"YT Thumb Latam new (16) 2"},{"@type":"BreadcrumbList","@id":"https:\/\/safras.com.br\/es\/safras-tv-alza-en-fertilizantes-que-decisiones-tomar\/#breadcrumb","itemListElement":[{"@type":"ListItem","position":1,"name":"Portada","item":"https:\/\/safras.com.br\/es\/"},{"@type":"ListItem","position":2,"name":"SAFRAS TV: Alza en fertilizantes \u00bfQu\u00e9 decisiones tomar?"}]},{"@type":"WebSite","@id":"https:\/\/safras.com.br\/es\/#website","url":"https:\/\/safras.com.br\/es\/","name":"SAFRAS & Mercado","description":"El ecosistema de agronegocios","publisher":{"@id":"https:\/\/safras.com.br\/es\/#organization"},"potentialAction":[{"@type":"SearchAction","target":{"@type":"EntryPoint","urlTemplate":"https:\/\/safras.com.br\/es\/?s={search_term_string}"},"query-input":{"@type":"PropertyValueSpecification","valueRequired":true,"valueName":"search_term_string"}}],"inLanguage":"es"},{"@type":"Organization","@id":"https:\/\/safras.com.br\/es\/#organization","name":"SAFRAS & Mercado","url":"https:\/\/safras.com.br\/es\/","logo":{"@type":"ImageObject","inLanguage":"es","@id":"https:\/\/safras.com.br\/es\/#\/schema\/logo\/image\/","url":"https:\/\/safras.com.br\/es\/wp-content\/uploads\/2023\/01\/cropped-favicon.png","contentUrl":"https:\/\/safras.com.br\/es\/wp-content\/uploads\/2023\/01\/cropped-favicon.png","width":512,"height":512,"caption":"SAFRAS & Mercado"},"image":{"@id":"https:\/\/safras.com.br\/es\/#\/schema\/logo\/image\/"}},{"@type":"Person","@id":"https:\/\/safras.com.br\/es\/#\/schema\/person\/3416d9a13f71584c19d44af415b80774","name":"Julieta Marino","image":{"@type":"ImageObject","inLanguage":"es","@id":"https:\/\/safras.com.br\/es\/#\/schema\/person\/image\/","url":"https:\/\/secure.gravatar.com\/avatar\/edb9a909cb969bf70267c5bad4733db348b286011e3a47666fcbe2263cd5c089?s=96&d=mm&r=g","contentUrl":"https:\/\/secure.gravatar.com\/avatar\/edb9a909cb969bf70267c5bad4733db348b286011e3a47666fcbe2263cd5c089?s=96&d=mm&r=g","caption":"Julieta Marino"},"url":"https:\/\/safras.com.br\/es\/author\/sf_julieta\/"}]}},"_links":{"self":[{"href":"https:\/\/safras.com.br\/es\/wp-json\/wp\/v2\/posts\/69339","targetHints":{"allow":["GET"]}}],"collection":[{"href":"https:\/\/safras.com.br\/es\/wp-json\/wp\/v2\/posts"}],"about":[{"href":"https:\/\/safras.com.br\/es\/wp-json\/wp\/v2\/types\/post"}],"author":[{"embeddable":true,"href":"https:\/\/safras.com.br\/es\/wp-json\/wp\/v2\/users\/19"}],"replies":[{"embeddable":true,"href":"https:\/\/safras.com.br\/es\/wp-json\/wp\/v2\/comments?post=69339"}],"version-history":[{"count":1,"href":"https:\/\/safras.com.br\/es\/wp-json\/wp\/v2\/posts\/69339\/revisions"}],"predecessor-version":[{"id":69340,"href":"https:\/\/safras.com.br\/es\/wp-json\/wp\/v2\/posts\/69339\/revisions\/69340"}],"wp:featuredmedia":[{"embeddable":true,"href":"https:\/\/safras.com.br\/es\/wp-json\/wp\/v2\/media\/69341"}],"wp:attachment":[{"href":"https:\/\/safras.com.br\/es\/wp-json\/wp\/v2\/media?parent=69339"}],"wp:term":[{"taxonomy":"category","embeddable":true,"href":"https:\/\/safras.com.br\/es\/wp-json\/wp\/v2\/categories?post=69339"},{"taxonomy":"post_tag","embeddable":true,"href":"https:\/\/safras.com.br\/es\/wp-json\/wp\/v2\/tags?post=69339"},{"taxonomy":"commodity","embeddable":true,"href":"https:\/\/safras.com.br\/es\/wp-json\/wp\/v2\/commodity?post=69339"}],"curies":[{"name":"wp","href":"https:\/\/api.w.org\/{rel}","templated":true}]}}