{"id":69337,"date":"2026-04-27T12:46:31","date_gmt":"2026-04-27T15:46:31","guid":{"rendered":"https:\/\/safras.com.br\/es\/?p=69337"},"modified":"2026-04-27T12:46:31","modified_gmt":"2026-04-27T15:46:31","slug":"altos-precios-y-baja-demanda-interna-paralizan-mercado-de-fertilizantes","status":"publish","type":"post","link":"https:\/\/safras.com.br\/es\/altos-precios-y-baja-demanda-interna-paralizan-mercado-de-fertilizantes\/","title":{"rendered":"Altos precios y baja demanda interna paralizan mercado de fertilizantes"},"content":{"rendered":"<p>La <strong>demanda de fertilizantes<\/strong> sigue paralizada en Argentina ante los altos precios internacionales, con una demanda interna debilitada.<\/p>\n<p>Los precios de importaci\u00f3n en Argentina han sufrido un aumento dr\u00e1stico acumulado de entre US$190 y US$200 por tonelada desde que comenz\u00f3 el a\u00f1o. Asimismo, las ofertas de otros productos como el NP 10-46 est\u00e1n llegando mucho m\u00e1s caras a Argentina que a Brasil, lo que hace casi inviable cerrar nuevos negocios, dijeron desde Ingenier\u00eda en Fertilizantes.<\/p>\n<p>Las <strong>valuaciones para la UREA<\/strong> en Argentina bajaron ligeramente a un rango de US$810 a US$850\/t CFR. Esta es la primera correcci\u00f3n a la baja en la regi\u00f3n en casi dos meses, retrocediendo frente al rango de US$820 a US$870\/t CFR evaluado la semana pasada.<\/p>\n<p>El <strong>mercado interno sigue operando con una fuerte desconexi\u00f3n respecto a los precios internacionales.<\/strong> Para intentar estimular los negocios en un entorno de destrucci\u00f3n de demanda, los importadores venden en el mercado interno a un equivalente aproximado de US$710-730\/t CFR para la UREA (US$100-120\/t menos que el costo de reposici\u00f3n), mientras que los precios locales de DAP-MAP se ofrecen a un equivalente aproximado de US$770-790\/t CFR (US$110-130\/t menos que el costo de reposici\u00f3n.<\/p>\n","protected":false},"excerpt":{"rendered":"<p>La demanda de fertilizantes sigue paralizada en Argentina ante los altos precios internacionales, con una demanda interna debilitada. Los precios de importaci\u00f3n en Argentina han sufrido un aumento dr\u00e1stico acumulado de entre US$190 y US$200 por tonelada desde que comenz\u00f3 el a\u00f1o. Asimismo, las ofertas de otros productos como el NP 10-46 est\u00e1n llegando mucho [&hellip;]<\/p>\n","protected":false},"author":19,"featured_media":67014,"comment_status":"open","ping_status":"closed","sticky":false,"template":"","format":"standard","meta":{"_acf_changed":false,"footnotes":""},"categories":[267],"tags":[292,1037,279],"commodity":[44],"class_list":["post-69337","post","type-post","status-publish","format-standard","has-post-thumbnail","hentry","category-agronegocio-es","tag-fertilizantes","tag-guerra","tag-precios","commodity-fertilizantes"],"acf":[],"yoast_head":"<!-- This site is optimized with the Yoast SEO plugin v26.5 - https:\/\/yoast.com\/wordpress\/plugins\/seo\/ -->\n<title>Altos precios y baja demanda paralizan mercado de fertilizantes<\/title>\n<meta name=\"robots\" content=\"index, follow, max-snippet:-1, max-image-preview:large, max-video-preview:-1\" \/>\n<link rel=\"canonical\" href=\"https:\/\/safras.com.br\/es\/altos-precios-y-baja-demanda-interna-paralizan-mercado-de-fertilizantes\/\" \/>\n<meta property=\"og:locale\" content=\"es_ES\" \/>\n<meta property=\"og:type\" content=\"article\" \/>\n<meta property=\"og:title\" content=\"Altos precios y baja demanda paralizan mercado de fertilizantes\" \/>\n<meta property=\"og:description\" content=\"La demanda de fertilizantes sigue paralizada en Argentina ante los altos precios internacionales, con una demanda interna debilitada. Los precios de importaci\u00f3n en Argentina han sufrido un aumento dr\u00e1stico acumulado de entre US$190 y US$200 por tonelada desde que comenz\u00f3 el a\u00f1o. Asimismo, las ofertas de otros productos como el NP 10-46 est\u00e1n llegando mucho [&hellip;]\" \/>\n<meta property=\"og:url\" content=\"https:\/\/safras.com.br\/es\/altos-precios-y-baja-demanda-interna-paralizan-mercado-de-fertilizantes\/\" \/>\n<meta property=\"og:site_name\" content=\"SAFRAS &amp; Mercado\" \/>\n<meta property=\"article:published_time\" content=\"2026-04-27T15:46:31+00:00\" \/>\n<meta property=\"og:image\" content=\"https:\/\/safras.com.br\/es\/wp-content\/uploads\/2025\/09\/fERTILIZANTES-urea.jpg\" \/>\n\t<meta property=\"og:image:width\" content=\"612\" \/>\n\t<meta property=\"og:image:height\" content=\"459\" \/>\n\t<meta property=\"og:image:type\" content=\"image\/jpeg\" \/>\n<meta name=\"author\" content=\"Julieta Marino\" \/>\n<meta name=\"twitter:card\" content=\"summary_large_image\" \/>\n<meta name=\"twitter:label1\" content=\"Escrito por\" \/>\n\t<meta name=\"twitter:data1\" content=\"Julieta Marino\" \/>\n\t<meta name=\"twitter:label2\" content=\"Tiempo de lectura\" \/>\n\t<meta name=\"twitter:data2\" content=\"2 minutos\" \/>\n<script type=\"application\/ld+json\" class=\"yoast-schema-graph\">{\"@context\":\"https:\/\/schema.org\",\"@graph\":[{\"@type\":\"Article\",\"@id\":\"https:\/\/safras.com.br\/es\/altos-precios-y-baja-demanda-interna-paralizan-mercado-de-fertilizantes\/#article\",\"isPartOf\":{\"@id\":\"https:\/\/safras.com.br\/es\/altos-precios-y-baja-demanda-interna-paralizan-mercado-de-fertilizantes\/\"},\"author\":{\"name\":\"Julieta Marino\",\"@id\":\"https:\/\/safras.com.br\/es\/#\/schema\/person\/3416d9a13f71584c19d44af415b80774\"},\"headline\":\"Altos precios y baja demanda interna paralizan mercado de fertilizantes\",\"datePublished\":\"2026-04-27T15:46:31+00:00\",\"mainEntityOfPage\":{\"@id\":\"https:\/\/safras.com.br\/es\/altos-precios-y-baja-demanda-interna-paralizan-mercado-de-fertilizantes\/\"},\"wordCount\":225,\"commentCount\":0,\"publisher\":{\"@id\":\"https:\/\/safras.com.br\/es\/#organization\"},\"image\":{\"@id\":\"https:\/\/safras.com.br\/es\/altos-precios-y-baja-demanda-interna-paralizan-mercado-de-fertilizantes\/#primaryimage\"},\"thumbnailUrl\":\"https:\/\/safras.com.br\/es\/wp-content\/uploads\/2025\/09\/fERTILIZANTES-urea.jpg\",\"keywords\":[\"Fertilizantes\",\"guerra\",\"precios\"],\"articleSection\":[\"Noticias Agronegocio\"],\"inLanguage\":\"es\",\"potentialAction\":[{\"@type\":\"CommentAction\",\"name\":\"Comment\",\"target\":[\"https:\/\/safras.com.br\/es\/altos-precios-y-baja-demanda-interna-paralizan-mercado-de-fertilizantes\/#respond\"]}]},{\"@type\":\"WebPage\",\"@id\":\"https:\/\/safras.com.br\/es\/altos-precios-y-baja-demanda-interna-paralizan-mercado-de-fertilizantes\/\",\"url\":\"https:\/\/safras.com.br\/es\/altos-precios-y-baja-demanda-interna-paralizan-mercado-de-fertilizantes\/\",\"name\":\"Altos precios y baja demanda paralizan mercado de fertilizantes\",\"isPartOf\":{\"@id\":\"https:\/\/safras.com.br\/es\/#website\"},\"primaryImageOfPage\":{\"@id\":\"https:\/\/safras.com.br\/es\/altos-precios-y-baja-demanda-interna-paralizan-mercado-de-fertilizantes\/#primaryimage\"},\"image\":{\"@id\":\"https:\/\/safras.com.br\/es\/altos-precios-y-baja-demanda-interna-paralizan-mercado-de-fertilizantes\/#primaryimage\"},\"thumbnailUrl\":\"https:\/\/safras.com.br\/es\/wp-content\/uploads\/2025\/09\/fERTILIZANTES-urea.jpg\",\"datePublished\":\"2026-04-27T15:46:31+00:00\",\"breadcrumb\":{\"@id\":\"https:\/\/safras.com.br\/es\/altos-precios-y-baja-demanda-interna-paralizan-mercado-de-fertilizantes\/#breadcrumb\"},\"inLanguage\":\"es\",\"potentialAction\":[{\"@type\":\"ReadAction\",\"target\":[\"https:\/\/safras.com.br\/es\/altos-precios-y-baja-demanda-interna-paralizan-mercado-de-fertilizantes\/\"]}]},{\"@type\":\"ImageObject\",\"inLanguage\":\"es\",\"@id\":\"https:\/\/safras.com.br\/es\/altos-precios-y-baja-demanda-interna-paralizan-mercado-de-fertilizantes\/#primaryimage\",\"url\":\"https:\/\/safras.com.br\/es\/wp-content\/uploads\/2025\/09\/fERTILIZANTES-urea.jpg\",\"contentUrl\":\"https:\/\/safras.com.br\/es\/wp-content\/uploads\/2025\/09\/fERTILIZANTES-urea.jpg\",\"width\":612,\"height\":459,\"caption\":\"fERTILIZANTES urea \/ Pixabay\"},{\"@type\":\"BreadcrumbList\",\"@id\":\"https:\/\/safras.com.br\/es\/altos-precios-y-baja-demanda-interna-paralizan-mercado-de-fertilizantes\/#breadcrumb\",\"itemListElement\":[{\"@type\":\"ListItem\",\"position\":1,\"name\":\"Portada\",\"item\":\"https:\/\/safras.com.br\/es\/\"},{\"@type\":\"ListItem\",\"position\":2,\"name\":\"Altos precios y baja demanda interna paralizan mercado de fertilizantes\"}]},{\"@type\":\"WebSite\",\"@id\":\"https:\/\/safras.com.br\/es\/#website\",\"url\":\"https:\/\/safras.com.br\/es\/\",\"name\":\"SAFRAS & Mercado\",\"description\":\"El ecosistema de agronegocios\",\"publisher\":{\"@id\":\"https:\/\/safras.com.br\/es\/#organization\"},\"potentialAction\":[{\"@type\":\"SearchAction\",\"target\":{\"@type\":\"EntryPoint\",\"urlTemplate\":\"https:\/\/safras.com.br\/es\/?s={search_term_string}\"},\"query-input\":{\"@type\":\"PropertyValueSpecification\",\"valueRequired\":true,\"valueName\":\"search_term_string\"}}],\"inLanguage\":\"es\"},{\"@type\":\"Organization\",\"@id\":\"https:\/\/safras.com.br\/es\/#organization\",\"name\":\"SAFRAS & Mercado\",\"url\":\"https:\/\/safras.com.br\/es\/\",\"logo\":{\"@type\":\"ImageObject\",\"inLanguage\":\"es\",\"@id\":\"https:\/\/safras.com.br\/es\/#\/schema\/logo\/image\/\",\"url\":\"https:\/\/safras.com.br\/es\/wp-content\/uploads\/2023\/01\/cropped-favicon.png\",\"contentUrl\":\"https:\/\/safras.com.br\/es\/wp-content\/uploads\/2023\/01\/cropped-favicon.png\",\"width\":512,\"height\":512,\"caption\":\"SAFRAS & Mercado\"},\"image\":{\"@id\":\"https:\/\/safras.com.br\/es\/#\/schema\/logo\/image\/\"}},{\"@type\":\"Person\",\"@id\":\"https:\/\/safras.com.br\/es\/#\/schema\/person\/3416d9a13f71584c19d44af415b80774\",\"name\":\"Julieta Marino\",\"image\":{\"@type\":\"ImageObject\",\"inLanguage\":\"es\",\"@id\":\"https:\/\/safras.com.br\/es\/#\/schema\/person\/image\/\",\"url\":\"https:\/\/secure.gravatar.com\/avatar\/edb9a909cb969bf70267c5bad4733db348b286011e3a47666fcbe2263cd5c089?s=96&d=mm&r=g\",\"contentUrl\":\"https:\/\/secure.gravatar.com\/avatar\/edb9a909cb969bf70267c5bad4733db348b286011e3a47666fcbe2263cd5c089?s=96&d=mm&r=g\",\"caption\":\"Julieta Marino\"},\"url\":\"https:\/\/safras.com.br\/es\/author\/sf_julieta\/\"}]}<\/script>\n<!-- \/ Yoast SEO plugin. -->","yoast_head_json":{"title":"Altos precios y baja demanda paralizan mercado de fertilizantes","robots":{"index":"index","follow":"follow","max-snippet":"max-snippet:-1","max-image-preview":"max-image-preview:large","max-video-preview":"max-video-preview:-1"},"canonical":"https:\/\/safras.com.br\/es\/altos-precios-y-baja-demanda-interna-paralizan-mercado-de-fertilizantes\/","og_locale":"es_ES","og_type":"article","og_title":"Altos precios y baja demanda paralizan mercado de fertilizantes","og_description":"La demanda de fertilizantes sigue paralizada en Argentina ante los altos precios internacionales, con una demanda interna debilitada. Los precios de importaci\u00f3n en Argentina han sufrido un aumento dr\u00e1stico acumulado de entre US$190 y US$200 por tonelada desde que comenz\u00f3 el a\u00f1o. Asimismo, las ofertas de otros productos como el NP 10-46 est\u00e1n llegando mucho [&hellip;]","og_url":"https:\/\/safras.com.br\/es\/altos-precios-y-baja-demanda-interna-paralizan-mercado-de-fertilizantes\/","og_site_name":"SAFRAS &amp; Mercado","article_published_time":"2026-04-27T15:46:31+00:00","og_image":[{"width":612,"height":459,"url":"https:\/\/safras.com.br\/es\/wp-content\/uploads\/2025\/09\/fERTILIZANTES-urea.jpg","type":"image\/jpeg"}],"author":"Julieta Marino","twitter_card":"summary_large_image","twitter_misc":{"Escrito por":"Julieta Marino","Tiempo de lectura":"2 minutos"},"schema":{"@context":"https:\/\/schema.org","@graph":[{"@type":"Article","@id":"https:\/\/safras.com.br\/es\/altos-precios-y-baja-demanda-interna-paralizan-mercado-de-fertilizantes\/#article","isPartOf":{"@id":"https:\/\/safras.com.br\/es\/altos-precios-y-baja-demanda-interna-paralizan-mercado-de-fertilizantes\/"},"author":{"name":"Julieta Marino","@id":"https:\/\/safras.com.br\/es\/#\/schema\/person\/3416d9a13f71584c19d44af415b80774"},"headline":"Altos precios y baja demanda interna paralizan mercado de fertilizantes","datePublished":"2026-04-27T15:46:31+00:00","mainEntityOfPage":{"@id":"https:\/\/safras.com.br\/es\/altos-precios-y-baja-demanda-interna-paralizan-mercado-de-fertilizantes\/"},"wordCount":225,"commentCount":0,"publisher":{"@id":"https:\/\/safras.com.br\/es\/#organization"},"image":{"@id":"https:\/\/safras.com.br\/es\/altos-precios-y-baja-demanda-interna-paralizan-mercado-de-fertilizantes\/#primaryimage"},"thumbnailUrl":"https:\/\/safras.com.br\/es\/wp-content\/uploads\/2025\/09\/fERTILIZANTES-urea.jpg","keywords":["Fertilizantes","guerra","precios"],"articleSection":["Noticias Agronegocio"],"inLanguage":"es","potentialAction":[{"@type":"CommentAction","name":"Comment","target":["https:\/\/safras.com.br\/es\/altos-precios-y-baja-demanda-interna-paralizan-mercado-de-fertilizantes\/#respond"]}]},{"@type":"WebPage","@id":"https:\/\/safras.com.br\/es\/altos-precios-y-baja-demanda-interna-paralizan-mercado-de-fertilizantes\/","url":"https:\/\/safras.com.br\/es\/altos-precios-y-baja-demanda-interna-paralizan-mercado-de-fertilizantes\/","name":"Altos precios y baja demanda paralizan mercado de fertilizantes","isPartOf":{"@id":"https:\/\/safras.com.br\/es\/#website"},"primaryImageOfPage":{"@id":"https:\/\/safras.com.br\/es\/altos-precios-y-baja-demanda-interna-paralizan-mercado-de-fertilizantes\/#primaryimage"},"image":{"@id":"https:\/\/safras.com.br\/es\/altos-precios-y-baja-demanda-interna-paralizan-mercado-de-fertilizantes\/#primaryimage"},"thumbnailUrl":"https:\/\/safras.com.br\/es\/wp-content\/uploads\/2025\/09\/fERTILIZANTES-urea.jpg","datePublished":"2026-04-27T15:46:31+00:00","breadcrumb":{"@id":"https:\/\/safras.com.br\/es\/altos-precios-y-baja-demanda-interna-paralizan-mercado-de-fertilizantes\/#breadcrumb"},"inLanguage":"es","potentialAction":[{"@type":"ReadAction","target":["https:\/\/safras.com.br\/es\/altos-precios-y-baja-demanda-interna-paralizan-mercado-de-fertilizantes\/"]}]},{"@type":"ImageObject","inLanguage":"es","@id":"https:\/\/safras.com.br\/es\/altos-precios-y-baja-demanda-interna-paralizan-mercado-de-fertilizantes\/#primaryimage","url":"https:\/\/safras.com.br\/es\/wp-content\/uploads\/2025\/09\/fERTILIZANTES-urea.jpg","contentUrl":"https:\/\/safras.com.br\/es\/wp-content\/uploads\/2025\/09\/fERTILIZANTES-urea.jpg","width":612,"height":459,"caption":"fERTILIZANTES urea \/ Pixabay"},{"@type":"BreadcrumbList","@id":"https:\/\/safras.com.br\/es\/altos-precios-y-baja-demanda-interna-paralizan-mercado-de-fertilizantes\/#breadcrumb","itemListElement":[{"@type":"ListItem","position":1,"name":"Portada","item":"https:\/\/safras.com.br\/es\/"},{"@type":"ListItem","position":2,"name":"Altos precios y baja demanda interna paralizan mercado de fertilizantes"}]},{"@type":"WebSite","@id":"https:\/\/safras.com.br\/es\/#website","url":"https:\/\/safras.com.br\/es\/","name":"SAFRAS & Mercado","description":"El ecosistema de agronegocios","publisher":{"@id":"https:\/\/safras.com.br\/es\/#organization"},"potentialAction":[{"@type":"SearchAction","target":{"@type":"EntryPoint","urlTemplate":"https:\/\/safras.com.br\/es\/?s={search_term_string}"},"query-input":{"@type":"PropertyValueSpecification","valueRequired":true,"valueName":"search_term_string"}}],"inLanguage":"es"},{"@type":"Organization","@id":"https:\/\/safras.com.br\/es\/#organization","name":"SAFRAS & Mercado","url":"https:\/\/safras.com.br\/es\/","logo":{"@type":"ImageObject","inLanguage":"es","@id":"https:\/\/safras.com.br\/es\/#\/schema\/logo\/image\/","url":"https:\/\/safras.com.br\/es\/wp-content\/uploads\/2023\/01\/cropped-favicon.png","contentUrl":"https:\/\/safras.com.br\/es\/wp-content\/uploads\/2023\/01\/cropped-favicon.png","width":512,"height":512,"caption":"SAFRAS & Mercado"},"image":{"@id":"https:\/\/safras.com.br\/es\/#\/schema\/logo\/image\/"}},{"@type":"Person","@id":"https:\/\/safras.com.br\/es\/#\/schema\/person\/3416d9a13f71584c19d44af415b80774","name":"Julieta Marino","image":{"@type":"ImageObject","inLanguage":"es","@id":"https:\/\/safras.com.br\/es\/#\/schema\/person\/image\/","url":"https:\/\/secure.gravatar.com\/avatar\/edb9a909cb969bf70267c5bad4733db348b286011e3a47666fcbe2263cd5c089?s=96&d=mm&r=g","contentUrl":"https:\/\/secure.gravatar.com\/avatar\/edb9a909cb969bf70267c5bad4733db348b286011e3a47666fcbe2263cd5c089?s=96&d=mm&r=g","caption":"Julieta Marino"},"url":"https:\/\/safras.com.br\/es\/author\/sf_julieta\/"}]}},"_links":{"self":[{"href":"https:\/\/safras.com.br\/es\/wp-json\/wp\/v2\/posts\/69337","targetHints":{"allow":["GET"]}}],"collection":[{"href":"https:\/\/safras.com.br\/es\/wp-json\/wp\/v2\/posts"}],"about":[{"href":"https:\/\/safras.com.br\/es\/wp-json\/wp\/v2\/types\/post"}],"author":[{"embeddable":true,"href":"https:\/\/safras.com.br\/es\/wp-json\/wp\/v2\/users\/19"}],"replies":[{"embeddable":true,"href":"https:\/\/safras.com.br\/es\/wp-json\/wp\/v2\/comments?post=69337"}],"version-history":[{"count":1,"href":"https:\/\/safras.com.br\/es\/wp-json\/wp\/v2\/posts\/69337\/revisions"}],"predecessor-version":[{"id":69338,"href":"https:\/\/safras.com.br\/es\/wp-json\/wp\/v2\/posts\/69337\/revisions\/69338"}],"wp:featuredmedia":[{"embeddable":true,"href":"https:\/\/safras.com.br\/es\/wp-json\/wp\/v2\/media\/67014"}],"wp:attachment":[{"href":"https:\/\/safras.com.br\/es\/wp-json\/wp\/v2\/media?parent=69337"}],"wp:term":[{"taxonomy":"category","embeddable":true,"href":"https:\/\/safras.com.br\/es\/wp-json\/wp\/v2\/categories?post=69337"},{"taxonomy":"post_tag","embeddable":true,"href":"https:\/\/safras.com.br\/es\/wp-json\/wp\/v2\/tags?post=69337"},{"taxonomy":"commodity","embeddable":true,"href":"https:\/\/safras.com.br\/es\/wp-json\/wp\/v2\/commodity?post=69337"}],"curies":[{"name":"wp","href":"https:\/\/api.w.org\/{rel}","templated":true}]}}