{"id":69309,"date":"2026-04-23T12:15:24","date_gmt":"2026-04-23T15:15:24","guid":{"rendered":"https:\/\/safras.com.br\/es\/?p=69309"},"modified":"2026-04-23T12:15:24","modified_gmt":"2026-04-23T15:15:24","slug":"trigo-en-argentina-2026-27-area-sembrada-seria-de-65-millones-de-hectareas-con-impacto-de-el-nino-y-margenes-ajustados","status":"publish","type":"post","link":"https:\/\/safras.com.br\/es\/trigo-en-argentina-2026-27-area-sembrada-seria-de-65-millones-de-hectareas-con-impacto-de-el-nino-y-margenes-ajustados\/","title":{"rendered":"Trigo en Argentina 2026\/27: \u00e1rea sembrada ser\u00eda de 6,5 millones de hect\u00e1reas con impacto de El Ni\u00f1o y m\u00e1rgenes ajustados"},"content":{"rendered":"<p>La n<strong>ueva campa\u00f1a 2026\/27<\/strong> de <a href=\"https:\/\/safras.com.br\/es\/trigo-se-ve-amenazado-por-altos-precios-de-urea-debido-a-guerra-con-iran\/\">trigo<\/a> en Argentina alcanzar\u00eda las <strong>6.500.000 hect\u00e1reas sembradas<\/strong> a nivel nacional una leve retracci\u00f3n interanual de <strong>3%, <\/strong>\u00a0pero un alza de 2,8% por sobre el promedio de las \u00faltimas 5 campa\u00f1as, inform\u00f3 la <strong>Bolsa de Cereales de Buenos<\/strong><br \/>\n<strong>Aires.<\/strong><\/p>\n<p>En su informe de <strong>pre-campa\u00f1a fina<\/strong>, la entidad dice que este a\u00f1o el foco estar\u00e1 hacia la <strong>rentabilidad<\/strong> y el costo de los <strong>fertilizantes<\/strong>, considerando el conflicto en Medio Oriente.<\/p>\n<p><strong>TENDENCIA DE SIEMBRA<\/strong><\/p>\n<p>Las zonas del norte y centro-oeste muestran una tendencia de crecimiento y\/o mantenimiento por necesidad de <strong>rotaci\u00f3n<\/strong> y oportunidad de aprovechamiento de la humedad.<\/p>\n<p>En tanto en los n\u00facleos productivos y el sur se est\u00e1 manifestando una mayor tendencia a la baja del \u00e1rea destinada al cereal, con una creciente intenci\u00f3n de desplazamiento hacia cultivos alternativos de invierno (como cebada, carinata o colza) o directamente a soja de primera ocupaci\u00f3n.<\/p>\n<p><strong>EL NI\u00d1O<\/strong><\/p>\n<p>La <strong>campa\u00f1a triguera 2026\/27<\/strong> estar\u00e1 marcada por un posible episodio de <a href=\"https:\/\/safras.com.br\/es\/el-nino-en-verano-26-27-afectara-a-entre-rios-santa-fe-y-buenos-aires\/\">El Ni\u00f1o<\/a> bajo un escenario gradual, con efectos que comenzar\u00e1n a sentirse con mayor plenitud hacia la <strong>primavera de 2026 y se extender\u00e1n durante el verano de 2027<\/strong>.<\/p>\n<p>El fen\u00f3meno traer\u00e1 <strong>mayores lluvias en gran parte del \u00e1rea agr\u00edcola<\/strong>. Al igual que en invierno, la abundancia h\u00eddrica contribuir\u00e1 a moderar los calores extremos, asegurando condiciones favorables para el llenado de grano, indica el reporte.<\/p>\n<p><strong>RELACI\u00d3N INSUMO \/PRODUCTO<\/strong><\/p>\n<p>En cuanto al precio local del trigo, <strong>la posici\u00f3n a cosecha se ubica actualmente en 217 USD\/tn<\/strong>, lo que implica un incremento interanual del 3 %, aunque se mantiene un 3 % por debajo del promedio de los \u00faltimos cinco a\u00f1os. As\u00ed, el aumento en los costos productivos deteriora la relaci\u00f3n insumo\/producto y limita la proyecci\u00f3n de m\u00e1rgenes favorables.<\/p>\n<p>En los fertilizantes, se requieren mayores cantidades de trigo para adquirir una tonelada de urea, un 55% m\u00e1s en comparaci\u00f3n interanual y de fosfato diam\u00f3nico un 29% m\u00e1s, reflejando un contexto menos favorable respecto a los niveles observados en 2023 y 2024.<\/p>\n<p>Julieta Marino &#8211; julieta.marino@cma.com.ar (Safras News Latam)<\/p>\n<p class=\"ql-align-justify\">\n","protected":false},"excerpt":{"rendered":"<p>La nueva campa\u00f1a 2026\/27 de trigo en Argentina alcanzar\u00eda las 6.500.000 hect\u00e1reas sembradas a nivel nacional una leve retracci\u00f3n interanual de 3%, \u00a0pero un alza de 2,8% por sobre el promedio de las \u00faltimas 5 campa\u00f1as, inform\u00f3 la Bolsa de Cereales de Buenos Aires. En su informe de pre-campa\u00f1a fina, la entidad dice que este [&hellip;]<\/p>\n","protected":false},"author":28,"featured_media":67809,"comment_status":"open","ping_status":"closed","sticky":false,"template":"","format":"standard","meta":{"_acf_changed":false,"footnotes":""},"categories":[267],"tags":[527,1027,309,1087,1088,373,128],"commodity":[49],"class_list":["post-69309","post","type-post","status-publish","format-standard","has-post-thumbnail","hentry","category-agronegocio-es","tag-bolsa-de-cereales","tag-campana-2026-27","tag-el-nino","tag-insumo","tag-producto","tag-siembra-es","tag-trigo","commodity-trigo"],"acf":[],"yoast_head":"<!-- This site is optimized with the Yoast SEO plugin v26.5 - https:\/\/yoast.com\/wordpress\/plugins\/seo\/ -->\n<title>Trigo en Argentina 2026\/27: \u00e1rea sembrada ser\u00eda de 6,5 millones de hect\u00e1reas con impacto de El Ni\u00f1o y m\u00e1rgenes ajustados - SAFRAS &amp; Mercado<\/title>\n<meta name=\"description\" content=\"La nueva campa\u00f1a 2026\/27 de trigo en Argentina alcanzar\u00eda las 6.500.000 hect\u00e1reas sembradas a nivel nacional.\" \/>\n<meta name=\"robots\" content=\"index, follow, max-snippet:-1, max-image-preview:large, max-video-preview:-1\" \/>\n<link rel=\"canonical\" href=\"https:\/\/safras.com.br\/es\/trigo-en-argentina-2026-27-area-sembrada-seria-de-65-millones-de-hectareas-con-impacto-de-el-nino-y-margenes-ajustados\/\" \/>\n<meta property=\"og:locale\" content=\"es_ES\" \/>\n<meta property=\"og:type\" content=\"article\" \/>\n<meta property=\"og:title\" content=\"Trigo en Argentina 2026\/27: \u00e1rea sembrada ser\u00eda de 6,5 millones de hect\u00e1reas con impacto de El Ni\u00f1o y m\u00e1rgenes ajustados - SAFRAS &amp; Mercado\" \/>\n<meta property=\"og:description\" content=\"La nueva campa\u00f1a 2026\/27 de trigo en Argentina alcanzar\u00eda las 6.500.000 hect\u00e1reas sembradas a nivel nacional.\" \/>\n<meta property=\"og:url\" content=\"https:\/\/safras.com.br\/es\/trigo-en-argentina-2026-27-area-sembrada-seria-de-65-millones-de-hectareas-con-impacto-de-el-nino-y-margenes-ajustados\/\" \/>\n<meta property=\"og:site_name\" content=\"SAFRAS &amp; Mercado\" \/>\n<meta property=\"article:published_time\" content=\"2026-04-23T15:15:24+00:00\" \/>\n<meta property=\"og:image\" content=\"https:\/\/safras.com.br\/es\/wp-content\/uploads\/2025\/12\/trigo112-scaled.jpg\" \/>\n\t<meta property=\"og:image:width\" content=\"2560\" \/>\n\t<meta property=\"og:image:height\" content=\"1708\" \/>\n\t<meta property=\"og:image:type\" content=\"image\/jpeg\" \/>\n<meta name=\"author\" content=\"geronimo kener\" \/>\n<meta name=\"twitter:card\" content=\"summary_large_image\" \/>\n<meta name=\"twitter:label1\" content=\"Escrito por\" \/>\n\t<meta name=\"twitter:data1\" content=\"geronimo kener\" \/>\n\t<meta name=\"twitter:label2\" content=\"Tiempo de lectura\" \/>\n\t<meta name=\"twitter:data2\" content=\"2 minutos\" \/>\n<script type=\"application\/ld+json\" class=\"yoast-schema-graph\">{\"@context\":\"https:\/\/schema.org\",\"@graph\":[{\"@type\":\"Article\",\"@id\":\"https:\/\/safras.com.br\/es\/trigo-en-argentina-2026-27-area-sembrada-seria-de-65-millones-de-hectareas-con-impacto-de-el-nino-y-margenes-ajustados\/#article\",\"isPartOf\":{\"@id\":\"https:\/\/safras.com.br\/es\/trigo-en-argentina-2026-27-area-sembrada-seria-de-65-millones-de-hectareas-con-impacto-de-el-nino-y-margenes-ajustados\/\"},\"author\":{\"name\":\"geronimo kener\",\"@id\":\"https:\/\/safras.com.br\/es\/#\/schema\/person\/3c7009f94cf442d9df6f2cd1eedd0bfd\"},\"headline\":\"Trigo en Argentina 2026\/27: \u00e1rea sembrada ser\u00eda de 6,5 millones de hect\u00e1reas con impacto de El Ni\u00f1o y m\u00e1rgenes ajustados\",\"datePublished\":\"2026-04-23T15:15:24+00:00\",\"mainEntityOfPage\":{\"@id\":\"https:\/\/safras.com.br\/es\/trigo-en-argentina-2026-27-area-sembrada-seria-de-65-millones-de-hectareas-con-impacto-de-el-nino-y-margenes-ajustados\/\"},\"wordCount\":376,\"commentCount\":0,\"publisher\":{\"@id\":\"https:\/\/safras.com.br\/es\/#organization\"},\"image\":{\"@id\":\"https:\/\/safras.com.br\/es\/trigo-en-argentina-2026-27-area-sembrada-seria-de-65-millones-de-hectareas-con-impacto-de-el-nino-y-margenes-ajustados\/#primaryimage\"},\"thumbnailUrl\":\"https:\/\/safras.com.br\/es\/wp-content\/uploads\/2025\/12\/trigo112-scaled.jpg\",\"keywords\":[\"Bolsa de Cereales\",\"Campa\u00f1a 2026\/27\",\"el ni\u00f1o\",\"insumo\",\"producto\",\"siembra\",\"Trigo\"],\"articleSection\":[\"Noticias Agronegocio\"],\"inLanguage\":\"es\",\"potentialAction\":[{\"@type\":\"CommentAction\",\"name\":\"Comment\",\"target\":[\"https:\/\/safras.com.br\/es\/trigo-en-argentina-2026-27-area-sembrada-seria-de-65-millones-de-hectareas-con-impacto-de-el-nino-y-margenes-ajustados\/#respond\"]}]},{\"@type\":\"WebPage\",\"@id\":\"https:\/\/safras.com.br\/es\/trigo-en-argentina-2026-27-area-sembrada-seria-de-65-millones-de-hectareas-con-impacto-de-el-nino-y-margenes-ajustados\/\",\"url\":\"https:\/\/safras.com.br\/es\/trigo-en-argentina-2026-27-area-sembrada-seria-de-65-millones-de-hectareas-con-impacto-de-el-nino-y-margenes-ajustados\/\",\"name\":\"Trigo en Argentina 2026\/27: \u00e1rea sembrada ser\u00eda de 6,5 millones de hect\u00e1reas con impacto de El Ni\u00f1o y m\u00e1rgenes ajustados - SAFRAS &amp; Mercado\",\"isPartOf\":{\"@id\":\"https:\/\/safras.com.br\/es\/#website\"},\"primaryImageOfPage\":{\"@id\":\"https:\/\/safras.com.br\/es\/trigo-en-argentina-2026-27-area-sembrada-seria-de-65-millones-de-hectareas-con-impacto-de-el-nino-y-margenes-ajustados\/#primaryimage\"},\"image\":{\"@id\":\"https:\/\/safras.com.br\/es\/trigo-en-argentina-2026-27-area-sembrada-seria-de-65-millones-de-hectareas-con-impacto-de-el-nino-y-margenes-ajustados\/#primaryimage\"},\"thumbnailUrl\":\"https:\/\/safras.com.br\/es\/wp-content\/uploads\/2025\/12\/trigo112-scaled.jpg\",\"datePublished\":\"2026-04-23T15:15:24+00:00\",\"description\":\"La nueva campa\u00f1a 2026\/27 de trigo en Argentina alcanzar\u00eda las 6.500.000 hect\u00e1reas sembradas a nivel nacional.\",\"breadcrumb\":{\"@id\":\"https:\/\/safras.com.br\/es\/trigo-en-argentina-2026-27-area-sembrada-seria-de-65-millones-de-hectareas-con-impacto-de-el-nino-y-margenes-ajustados\/#breadcrumb\"},\"inLanguage\":\"es\",\"potentialAction\":[{\"@type\":\"ReadAction\",\"target\":[\"https:\/\/safras.com.br\/es\/trigo-en-argentina-2026-27-area-sembrada-seria-de-65-millones-de-hectareas-con-impacto-de-el-nino-y-margenes-ajustados\/\"]}]},{\"@type\":\"ImageObject\",\"inLanguage\":\"es\",\"@id\":\"https:\/\/safras.com.br\/es\/trigo-en-argentina-2026-27-area-sembrada-seria-de-65-millones-de-hectareas-con-impacto-de-el-nino-y-margenes-ajustados\/#primaryimage\",\"url\":\"https:\/\/safras.com.br\/es\/wp-content\/uploads\/2025\/12\/trigo112-scaled.jpg\",\"contentUrl\":\"https:\/\/safras.com.br\/es\/wp-content\/uploads\/2025\/12\/trigo112-scaled.jpg\",\"width\":2560,\"height\":1708,\"caption\":\"Producci\u00f3n agr\u00edcola vinculada a la cosecha de trigo 2025\/26 en Argentina\"},{\"@type\":\"BreadcrumbList\",\"@id\":\"https:\/\/safras.com.br\/es\/trigo-en-argentina-2026-27-area-sembrada-seria-de-65-millones-de-hectareas-con-impacto-de-el-nino-y-margenes-ajustados\/#breadcrumb\",\"itemListElement\":[{\"@type\":\"ListItem\",\"position\":1,\"name\":\"Portada\",\"item\":\"https:\/\/safras.com.br\/es\/\"},{\"@type\":\"ListItem\",\"position\":2,\"name\":\"Trigo en Argentina 2026\/27: \u00e1rea sembrada ser\u00eda de 6,5 millones de hect\u00e1reas con impacto de El Ni\u00f1o y m\u00e1rgenes ajustados\"}]},{\"@type\":\"WebSite\",\"@id\":\"https:\/\/safras.com.br\/es\/#website\",\"url\":\"https:\/\/safras.com.br\/es\/\",\"name\":\"SAFRAS & Mercado\",\"description\":\"El ecosistema de agronegocios\",\"publisher\":{\"@id\":\"https:\/\/safras.com.br\/es\/#organization\"},\"potentialAction\":[{\"@type\":\"SearchAction\",\"target\":{\"@type\":\"EntryPoint\",\"urlTemplate\":\"https:\/\/safras.com.br\/es\/?s={search_term_string}\"},\"query-input\":{\"@type\":\"PropertyValueSpecification\",\"valueRequired\":true,\"valueName\":\"search_term_string\"}}],\"inLanguage\":\"es\"},{\"@type\":\"Organization\",\"@id\":\"https:\/\/safras.com.br\/es\/#organization\",\"name\":\"SAFRAS & Mercado\",\"url\":\"https:\/\/safras.com.br\/es\/\",\"logo\":{\"@type\":\"ImageObject\",\"inLanguage\":\"es\",\"@id\":\"https:\/\/safras.com.br\/es\/#\/schema\/logo\/image\/\",\"url\":\"https:\/\/safras.com.br\/es\/wp-content\/uploads\/2023\/01\/cropped-favicon.png\",\"contentUrl\":\"https:\/\/safras.com.br\/es\/wp-content\/uploads\/2023\/01\/cropped-favicon.png\",\"width\":512,\"height\":512,\"caption\":\"SAFRAS & Mercado\"},\"image\":{\"@id\":\"https:\/\/safras.com.br\/es\/#\/schema\/logo\/image\/\"}},{\"@type\":\"Person\",\"@id\":\"https:\/\/safras.com.br\/es\/#\/schema\/person\/3c7009f94cf442d9df6f2cd1eedd0bfd\",\"name\":\"geronimo kener\",\"image\":{\"@type\":\"ImageObject\",\"inLanguage\":\"es\",\"@id\":\"https:\/\/safras.com.br\/es\/#\/schema\/person\/image\/\",\"url\":\"https:\/\/secure.gravatar.com\/avatar\/97803e93b95c46f5640aea59976da81aba4ba2ddb9a9f119122d0a068646612f?s=96&d=mm&r=g\",\"contentUrl\":\"https:\/\/secure.gravatar.com\/avatar\/97803e93b95c46f5640aea59976da81aba4ba2ddb9a9f119122d0a068646612f?s=96&d=mm&r=g\",\"caption\":\"geronimo kener\"},\"sameAs\":[\"http:\/\/safras.com.br\/es\"],\"url\":\"https:\/\/safras.com.br\/es\/author\/geronimo-kener\/\"}]}<\/script>\n<!-- \/ Yoast SEO plugin. -->","yoast_head_json":{"title":"Trigo en Argentina 2026\/27: \u00e1rea sembrada ser\u00eda de 6,5 millones de hect\u00e1reas con impacto de El Ni\u00f1o y m\u00e1rgenes ajustados - SAFRAS &amp; Mercado","description":"La nueva campa\u00f1a 2026\/27 de trigo en Argentina alcanzar\u00eda las 6.500.000 hect\u00e1reas sembradas a nivel nacional.","robots":{"index":"index","follow":"follow","max-snippet":"max-snippet:-1","max-image-preview":"max-image-preview:large","max-video-preview":"max-video-preview:-1"},"canonical":"https:\/\/safras.com.br\/es\/trigo-en-argentina-2026-27-area-sembrada-seria-de-65-millones-de-hectareas-con-impacto-de-el-nino-y-margenes-ajustados\/","og_locale":"es_ES","og_type":"article","og_title":"Trigo en Argentina 2026\/27: \u00e1rea sembrada ser\u00eda de 6,5 millones de hect\u00e1reas con impacto de El Ni\u00f1o y m\u00e1rgenes ajustados - SAFRAS &amp; Mercado","og_description":"La nueva campa\u00f1a 2026\/27 de trigo en Argentina alcanzar\u00eda las 6.500.000 hect\u00e1reas sembradas a nivel nacional.","og_url":"https:\/\/safras.com.br\/es\/trigo-en-argentina-2026-27-area-sembrada-seria-de-65-millones-de-hectareas-con-impacto-de-el-nino-y-margenes-ajustados\/","og_site_name":"SAFRAS &amp; Mercado","article_published_time":"2026-04-23T15:15:24+00:00","og_image":[{"width":2560,"height":1708,"url":"https:\/\/safras.com.br\/es\/wp-content\/uploads\/2025\/12\/trigo112-scaled.jpg","type":"image\/jpeg"}],"author":"geronimo kener","twitter_card":"summary_large_image","twitter_misc":{"Escrito por":"geronimo kener","Tiempo de lectura":"2 minutos"},"schema":{"@context":"https:\/\/schema.org","@graph":[{"@type":"Article","@id":"https:\/\/safras.com.br\/es\/trigo-en-argentina-2026-27-area-sembrada-seria-de-65-millones-de-hectareas-con-impacto-de-el-nino-y-margenes-ajustados\/#article","isPartOf":{"@id":"https:\/\/safras.com.br\/es\/trigo-en-argentina-2026-27-area-sembrada-seria-de-65-millones-de-hectareas-con-impacto-de-el-nino-y-margenes-ajustados\/"},"author":{"name":"geronimo kener","@id":"https:\/\/safras.com.br\/es\/#\/schema\/person\/3c7009f94cf442d9df6f2cd1eedd0bfd"},"headline":"Trigo en Argentina 2026\/27: \u00e1rea sembrada ser\u00eda de 6,5 millones de hect\u00e1reas con impacto de El Ni\u00f1o y m\u00e1rgenes ajustados","datePublished":"2026-04-23T15:15:24+00:00","mainEntityOfPage":{"@id":"https:\/\/safras.com.br\/es\/trigo-en-argentina-2026-27-area-sembrada-seria-de-65-millones-de-hectareas-con-impacto-de-el-nino-y-margenes-ajustados\/"},"wordCount":376,"commentCount":0,"publisher":{"@id":"https:\/\/safras.com.br\/es\/#organization"},"image":{"@id":"https:\/\/safras.com.br\/es\/trigo-en-argentina-2026-27-area-sembrada-seria-de-65-millones-de-hectareas-con-impacto-de-el-nino-y-margenes-ajustados\/#primaryimage"},"thumbnailUrl":"https:\/\/safras.com.br\/es\/wp-content\/uploads\/2025\/12\/trigo112-scaled.jpg","keywords":["Bolsa de Cereales","Campa\u00f1a 2026\/27","el ni\u00f1o","insumo","producto","siembra","Trigo"],"articleSection":["Noticias Agronegocio"],"inLanguage":"es","potentialAction":[{"@type":"CommentAction","name":"Comment","target":["https:\/\/safras.com.br\/es\/trigo-en-argentina-2026-27-area-sembrada-seria-de-65-millones-de-hectareas-con-impacto-de-el-nino-y-margenes-ajustados\/#respond"]}]},{"@type":"WebPage","@id":"https:\/\/safras.com.br\/es\/trigo-en-argentina-2026-27-area-sembrada-seria-de-65-millones-de-hectareas-con-impacto-de-el-nino-y-margenes-ajustados\/","url":"https:\/\/safras.com.br\/es\/trigo-en-argentina-2026-27-area-sembrada-seria-de-65-millones-de-hectareas-con-impacto-de-el-nino-y-margenes-ajustados\/","name":"Trigo en Argentina 2026\/27: \u00e1rea sembrada ser\u00eda de 6,5 millones de hect\u00e1reas con impacto de El Ni\u00f1o y m\u00e1rgenes ajustados - SAFRAS &amp; Mercado","isPartOf":{"@id":"https:\/\/safras.com.br\/es\/#website"},"primaryImageOfPage":{"@id":"https:\/\/safras.com.br\/es\/trigo-en-argentina-2026-27-area-sembrada-seria-de-65-millones-de-hectareas-con-impacto-de-el-nino-y-margenes-ajustados\/#primaryimage"},"image":{"@id":"https:\/\/safras.com.br\/es\/trigo-en-argentina-2026-27-area-sembrada-seria-de-65-millones-de-hectareas-con-impacto-de-el-nino-y-margenes-ajustados\/#primaryimage"},"thumbnailUrl":"https:\/\/safras.com.br\/es\/wp-content\/uploads\/2025\/12\/trigo112-scaled.jpg","datePublished":"2026-04-23T15:15:24+00:00","description":"La nueva campa\u00f1a 2026\/27 de trigo en Argentina alcanzar\u00eda las 6.500.000 hect\u00e1reas sembradas a nivel nacional.","breadcrumb":{"@id":"https:\/\/safras.com.br\/es\/trigo-en-argentina-2026-27-area-sembrada-seria-de-65-millones-de-hectareas-con-impacto-de-el-nino-y-margenes-ajustados\/#breadcrumb"},"inLanguage":"es","potentialAction":[{"@type":"ReadAction","target":["https:\/\/safras.com.br\/es\/trigo-en-argentina-2026-27-area-sembrada-seria-de-65-millones-de-hectareas-con-impacto-de-el-nino-y-margenes-ajustados\/"]}]},{"@type":"ImageObject","inLanguage":"es","@id":"https:\/\/safras.com.br\/es\/trigo-en-argentina-2026-27-area-sembrada-seria-de-65-millones-de-hectareas-con-impacto-de-el-nino-y-margenes-ajustados\/#primaryimage","url":"https:\/\/safras.com.br\/es\/wp-content\/uploads\/2025\/12\/trigo112-scaled.jpg","contentUrl":"https:\/\/safras.com.br\/es\/wp-content\/uploads\/2025\/12\/trigo112-scaled.jpg","width":2560,"height":1708,"caption":"Producci\u00f3n agr\u00edcola vinculada a la cosecha de trigo 2025\/26 en Argentina"},{"@type":"BreadcrumbList","@id":"https:\/\/safras.com.br\/es\/trigo-en-argentina-2026-27-area-sembrada-seria-de-65-millones-de-hectareas-con-impacto-de-el-nino-y-margenes-ajustados\/#breadcrumb","itemListElement":[{"@type":"ListItem","position":1,"name":"Portada","item":"https:\/\/safras.com.br\/es\/"},{"@type":"ListItem","position":2,"name":"Trigo en Argentina 2026\/27: \u00e1rea sembrada ser\u00eda de 6,5 millones de hect\u00e1reas con impacto de El Ni\u00f1o y m\u00e1rgenes ajustados"}]},{"@type":"WebSite","@id":"https:\/\/safras.com.br\/es\/#website","url":"https:\/\/safras.com.br\/es\/","name":"SAFRAS & Mercado","description":"El ecosistema de agronegocios","publisher":{"@id":"https:\/\/safras.com.br\/es\/#organization"},"potentialAction":[{"@type":"SearchAction","target":{"@type":"EntryPoint","urlTemplate":"https:\/\/safras.com.br\/es\/?s={search_term_string}"},"query-input":{"@type":"PropertyValueSpecification","valueRequired":true,"valueName":"search_term_string"}}],"inLanguage":"es"},{"@type":"Organization","@id":"https:\/\/safras.com.br\/es\/#organization","name":"SAFRAS & Mercado","url":"https:\/\/safras.com.br\/es\/","logo":{"@type":"ImageObject","inLanguage":"es","@id":"https:\/\/safras.com.br\/es\/#\/schema\/logo\/image\/","url":"https:\/\/safras.com.br\/es\/wp-content\/uploads\/2023\/01\/cropped-favicon.png","contentUrl":"https:\/\/safras.com.br\/es\/wp-content\/uploads\/2023\/01\/cropped-favicon.png","width":512,"height":512,"caption":"SAFRAS & Mercado"},"image":{"@id":"https:\/\/safras.com.br\/es\/#\/schema\/logo\/image\/"}},{"@type":"Person","@id":"https:\/\/safras.com.br\/es\/#\/schema\/person\/3c7009f94cf442d9df6f2cd1eedd0bfd","name":"geronimo kener","image":{"@type":"ImageObject","inLanguage":"es","@id":"https:\/\/safras.com.br\/es\/#\/schema\/person\/image\/","url":"https:\/\/secure.gravatar.com\/avatar\/97803e93b95c46f5640aea59976da81aba4ba2ddb9a9f119122d0a068646612f?s=96&d=mm&r=g","contentUrl":"https:\/\/secure.gravatar.com\/avatar\/97803e93b95c46f5640aea59976da81aba4ba2ddb9a9f119122d0a068646612f?s=96&d=mm&r=g","caption":"geronimo kener"},"sameAs":["http:\/\/safras.com.br\/es"],"url":"https:\/\/safras.com.br\/es\/author\/geronimo-kener\/"}]}},"_links":{"self":[{"href":"https:\/\/safras.com.br\/es\/wp-json\/wp\/v2\/posts\/69309","targetHints":{"allow":["GET"]}}],"collection":[{"href":"https:\/\/safras.com.br\/es\/wp-json\/wp\/v2\/posts"}],"about":[{"href":"https:\/\/safras.com.br\/es\/wp-json\/wp\/v2\/types\/post"}],"author":[{"embeddable":true,"href":"https:\/\/safras.com.br\/es\/wp-json\/wp\/v2\/users\/28"}],"replies":[{"embeddable":true,"href":"https:\/\/safras.com.br\/es\/wp-json\/wp\/v2\/comments?post=69309"}],"version-history":[{"count":1,"href":"https:\/\/safras.com.br\/es\/wp-json\/wp\/v2\/posts\/69309\/revisions"}],"predecessor-version":[{"id":69314,"href":"https:\/\/safras.com.br\/es\/wp-json\/wp\/v2\/posts\/69309\/revisions\/69314"}],"wp:featuredmedia":[{"embeddable":true,"href":"https:\/\/safras.com.br\/es\/wp-json\/wp\/v2\/media\/67809"}],"wp:attachment":[{"href":"https:\/\/safras.com.br\/es\/wp-json\/wp\/v2\/media?parent=69309"}],"wp:term":[{"taxonomy":"category","embeddable":true,"href":"https:\/\/safras.com.br\/es\/wp-json\/wp\/v2\/categories?post=69309"},{"taxonomy":"post_tag","embeddable":true,"href":"https:\/\/safras.com.br\/es\/wp-json\/wp\/v2\/tags?post=69309"},{"taxonomy":"commodity","embeddable":true,"href":"https:\/\/safras.com.br\/es\/wp-json\/wp\/v2\/commodity?post=69309"}],"curies":[{"name":"wp","href":"https:\/\/api.w.org\/{rel}","templated":true}]}}