{"id":67676,"date":"2025-12-01T13:00:02","date_gmt":"2025-12-01T16:00:02","guid":{"rendered":"https:\/\/safras.com.br\/es\/?p=67676"},"modified":"2025-12-01T13:00:32","modified_gmt":"2025-12-01T16:00:32","slug":"trump-dice-que-ya-eligio-al-proximo-presidente-de-la-fed","status":"publish","type":"post","link":"https:\/\/safras.com.br\/es\/trump-dice-que-ya-eligio-al-proximo-presidente-de-la-fed\/","title":{"rendered":"Trump dice que ya eligi\u00f3 al pr\u00f3ximo presidente de la Fed"},"content":{"rendered":"<p data-start=\"2018\" data-end=\"2270\">El presidente de Estados Unidos, <strong data-start=\"2094\" data-end=\"2110\">Donald Trump<\/strong>, afirm\u00f3 que ya decidi\u00f3 qui\u00e9n ser\u00e1 el <strong data-start=\"2148\" data-end=\"2198\">pr\u00f3ximo presidente de la Reserva Federal (Fed)<\/strong> y que el anuncio se har\u00e1 p\u00fablico \u201cpronto\u201d, seg\u00fan inform\u00f3 <strong data-start=\"2256\" data-end=\"2269\">Dow Jones<\/strong>.<\/p>\n<p data-start=\"2272\" data-end=\"2368\">En di\u00e1logo con periodistas, Trump dijo: \u201c<strong data-start=\"2313\" data-end=\"2340\">S\u00e9 a qui\u00e9n voy a elegir<\/strong>\u201d, sin brindar m\u00e1s detalles.<\/p>\n<h2 data-start=\"2370\" data-end=\"2385\">Candidatos<\/h2>\n<p data-start=\"2386\" data-end=\"2507\">El mandatario evit\u00f3 confirmar si el elegido ser\u00e1 <strong data-start=\"2435\" data-end=\"2452\">Kevin Hassett<\/strong>, actual director del <strong data-start=\"2474\" data-end=\"2504\">Consejo Econ\u00f3mico Nacional<\/strong>.<\/p>\n<p data-start=\"2509\" data-end=\"2562\">De acuerdo con el mercado de predicciones <strong data-start=\"2551\" data-end=\"2561\">Kalshi<\/strong>:<\/p>\n<ul data-start=\"2564\" data-end=\"2662\">\n<li data-start=\"2564\" data-end=\"2606\">\n<p data-start=\"2566\" data-end=\"2606\"><strong data-start=\"2566\" data-end=\"2584\">Kevin Hassett:<\/strong> 80% de probabilidad<\/p>\n<\/li>\n<li data-start=\"2607\" data-end=\"2631\">\n<p data-start=\"2609\" data-end=\"2631\"><strong data-start=\"2609\" data-end=\"2625\">Kevin Warsh:<\/strong> 13%<\/p>\n<\/li>\n<li data-start=\"2632\" data-end=\"2662\">\n<p data-start=\"2634\" data-end=\"2662\"><strong data-start=\"2634\" data-end=\"2657\">Christopher Waller:<\/strong> 8%<\/p>\n<\/li>\n<\/ul>\n<p data-start=\"2664\" data-end=\"2864\">Hassett afirm\u00f3 en CBS que estar\u00eda dispuesto a desempe\u00f1arse como presidente de la Fed si fuera nominado, defendiendo las pol\u00edticas econ\u00f3micas de Trump, incluidas las relacionadas con aranceles y tasas.<\/p>\n<h2 data-start=\"2866\" data-end=\"2889\">Contexto en la Fed<\/h2>\n<p data-start=\"2890\" data-end=\"3079\">Trump ha presionado al actual titular de la Fed, <strong data-start=\"2939\" data-end=\"2956\">Jerome Powell<\/strong>, para que avance con <strong data-start=\"2978\" data-end=\"3000\">recortes agresivos<\/strong> de tasas y ha sugerido la posibilidad de despido. Su mandato concluye en mayo.<\/p>\n<p data-start=\"3081\" data-end=\"3217\">Adem\u00e1s, Trump busca <strong data-start=\"3101\" data-end=\"3141\">destituir a la gobernadora Lisa Cook<\/strong>, tras disputas internas y acusaciones que se encuentran bajo investigaci\u00f3n.<\/p>\n<h2 data-start=\"3219\" data-end=\"3242\">Pol\u00edtica monetaria<\/h2>\n<p data-start=\"3243\" data-end=\"3510\">La Fed recort\u00f3 tasas en sus <strong data-start=\"3271\" data-end=\"3302\">dos reuniones m\u00e1s recientes<\/strong>, y los mercados esperan <strong data-start=\"3327\" data-end=\"3362\">otro recorte el 10 de diciembre<\/strong>.<br data-start=\"3363\" data-end=\"3366\" \/>Un presidente con una postura m\u00e1s <strong data-start=\"3400\" data-end=\"3410\">dovish<\/strong> podr\u00eda reforzar medidas de <strong data-start=\"3438\" data-end=\"3467\">flexibilizaci\u00f3n monetaria<\/strong>, influyendo en el rumbo econ\u00f3mico de 2026.<\/p>\n","protected":false},"excerpt":{"rendered":"<p>El presidente de Estados Unidos, Donald Trump, afirm\u00f3 que ya decidi\u00f3 qui\u00e9n ser\u00e1 el pr\u00f3ximo presidente de la Reserva Federal (Fed) y que el anuncio se har\u00e1 p\u00fablico \u201cpronto\u201d, seg\u00fan inform\u00f3 Dow Jones. En di\u00e1logo con periodistas, Trump dijo: \u201cS\u00e9 a qui\u00e9n voy a elegir\u201d, sin brindar m\u00e1s detalles. Candidatos El mandatario evit\u00f3 confirmar si [&hellip;]<\/p>\n","protected":false},"author":19,"featured_media":65086,"comment_status":"open","ping_status":"closed","sticky":false,"template":"","format":"standard","meta":{"_acf_changed":false,"footnotes":""},"categories":[444],"tags":[120,596],"commodity":[],"class_list":["post-67676","post","type-post","status-publish","format-standard","has-post-thumbnail","hentry","category-noticias-financieras","tag-fed","tag-trump"],"acf":[],"yoast_head":"<!-- This site is optimized with the Yoast SEO plugin v26.5 - https:\/\/yoast.com\/wordpress\/plugins\/seo\/ -->\n<title>Trump dice que ya eligi\u00f3 pr\u00f3ximo presidente de la Fed<\/title>\n<meta name=\"description\" content=\"Trump ya eligi\u00f3 al pr\u00f3ximo presidente de la Fed y anunciar\u00e1 pronto la nominaci\u00f3n, mientras Kevin Hassett aparece como principal candidato.\" \/>\n<meta name=\"robots\" content=\"index, follow, max-snippet:-1, max-image-preview:large, max-video-preview:-1\" \/>\n<link rel=\"canonical\" href=\"https:\/\/safras.com.br\/es\/trump-dice-que-ya-eligio-al-proximo-presidente-de-la-fed\/\" \/>\n<meta property=\"og:locale\" content=\"es_ES\" \/>\n<meta property=\"og:type\" content=\"article\" \/>\n<meta property=\"og:title\" content=\"Trump dice que ya eligi\u00f3 pr\u00f3ximo presidente de la Fed\" \/>\n<meta property=\"og:description\" content=\"Trump ya eligi\u00f3 al pr\u00f3ximo presidente de la Fed y anunciar\u00e1 pronto la nominaci\u00f3n, mientras Kevin Hassett aparece como principal candidato.\" \/>\n<meta property=\"og:url\" content=\"https:\/\/safras.com.br\/es\/trump-dice-que-ya-eligio-al-proximo-presidente-de-la-fed\/\" \/>\n<meta property=\"og:site_name\" content=\"SAFRAS &amp; Mercado\" \/>\n<meta property=\"article:published_time\" content=\"2025-12-01T16:00:02+00:00\" \/>\n<meta property=\"article:modified_time\" content=\"2025-12-01T16:00:32+00:00\" \/>\n<meta property=\"og:image\" content=\"https:\/\/safras.com.br\/es\/wp-content\/uploads\/2025\/04\/Trump-presidente-Twitter-scaled.jpeg\" \/>\n\t<meta property=\"og:image:width\" content=\"2560\" \/>\n\t<meta property=\"og:image:height\" content=\"1623\" \/>\n\t<meta property=\"og:image:type\" content=\"image\/jpeg\" \/>\n<meta name=\"author\" content=\"Julieta Marino\" \/>\n<meta name=\"twitter:card\" content=\"summary_large_image\" \/>\n<meta name=\"twitter:label1\" content=\"Escrito por\" \/>\n\t<meta name=\"twitter:data1\" content=\"Julieta Marino\" \/>\n\t<meta name=\"twitter:label2\" content=\"Tiempo de lectura\" \/>\n\t<meta name=\"twitter:data2\" content=\"2 minutos\" \/>\n<script type=\"application\/ld+json\" class=\"yoast-schema-graph\">{\"@context\":\"https:\/\/schema.org\",\"@graph\":[{\"@type\":\"Article\",\"@id\":\"https:\/\/safras.com.br\/es\/trump-dice-que-ya-eligio-al-proximo-presidente-de-la-fed\/#article\",\"isPartOf\":{\"@id\":\"https:\/\/safras.com.br\/es\/trump-dice-que-ya-eligio-al-proximo-presidente-de-la-fed\/\"},\"author\":{\"name\":\"Julieta Marino\",\"@id\":\"https:\/\/safras.com.br\/es\/#\/schema\/person\/3416d9a13f71584c19d44af415b80774\"},\"headline\":\"Trump dice que ya eligi\u00f3 al pr\u00f3ximo presidente de la Fed\",\"datePublished\":\"2025-12-01T16:00:02+00:00\",\"dateModified\":\"2025-12-01T16:00:32+00:00\",\"mainEntityOfPage\":{\"@id\":\"https:\/\/safras.com.br\/es\/trump-dice-que-ya-eligio-al-proximo-presidente-de-la-fed\/\"},\"wordCount\":238,\"commentCount\":0,\"publisher\":{\"@id\":\"https:\/\/safras.com.br\/es\/#organization\"},\"image\":{\"@id\":\"https:\/\/safras.com.br\/es\/trump-dice-que-ya-eligio-al-proximo-presidente-de-la-fed\/#primaryimage\"},\"thumbnailUrl\":\"https:\/\/safras.com.br\/es\/wp-content\/uploads\/2025\/04\/Trump-presidente-Twitter-scaled.jpeg\",\"keywords\":[\"Fed\",\"trump\"],\"articleSection\":[\"Noticias Financieras\"],\"inLanguage\":\"es\",\"potentialAction\":[{\"@type\":\"CommentAction\",\"name\":\"Comment\",\"target\":[\"https:\/\/safras.com.br\/es\/trump-dice-que-ya-eligio-al-proximo-presidente-de-la-fed\/#respond\"]}]},{\"@type\":\"WebPage\",\"@id\":\"https:\/\/safras.com.br\/es\/trump-dice-que-ya-eligio-al-proximo-presidente-de-la-fed\/\",\"url\":\"https:\/\/safras.com.br\/es\/trump-dice-que-ya-eligio-al-proximo-presidente-de-la-fed\/\",\"name\":\"Trump dice que ya eligi\u00f3 pr\u00f3ximo presidente de la Fed\",\"isPartOf\":{\"@id\":\"https:\/\/safras.com.br\/es\/#website\"},\"primaryImageOfPage\":{\"@id\":\"https:\/\/safras.com.br\/es\/trump-dice-que-ya-eligio-al-proximo-presidente-de-la-fed\/#primaryimage\"},\"image\":{\"@id\":\"https:\/\/safras.com.br\/es\/trump-dice-que-ya-eligio-al-proximo-presidente-de-la-fed\/#primaryimage\"},\"thumbnailUrl\":\"https:\/\/safras.com.br\/es\/wp-content\/uploads\/2025\/04\/Trump-presidente-Twitter-scaled.jpeg\",\"datePublished\":\"2025-12-01T16:00:02+00:00\",\"dateModified\":\"2025-12-01T16:00:32+00:00\",\"description\":\"Trump ya eligi\u00f3 al pr\u00f3ximo presidente de la Fed y anunciar\u00e1 pronto la nominaci\u00f3n, mientras Kevin Hassett aparece como principal candidato.\",\"breadcrumb\":{\"@id\":\"https:\/\/safras.com.br\/es\/trump-dice-que-ya-eligio-al-proximo-presidente-de-la-fed\/#breadcrumb\"},\"inLanguage\":\"es\",\"potentialAction\":[{\"@type\":\"ReadAction\",\"target\":[\"https:\/\/safras.com.br\/es\/trump-dice-que-ya-eligio-al-proximo-presidente-de-la-fed\/\"]}]},{\"@type\":\"ImageObject\",\"inLanguage\":\"es\",\"@id\":\"https:\/\/safras.com.br\/es\/trump-dice-que-ya-eligio-al-proximo-presidente-de-la-fed\/#primaryimage\",\"url\":\"https:\/\/safras.com.br\/es\/wp-content\/uploads\/2025\/04\/Trump-presidente-Twitter-scaled.jpeg\",\"contentUrl\":\"https:\/\/safras.com.br\/es\/wp-content\/uploads\/2025\/04\/Trump-presidente-Twitter-scaled.jpeg\",\"width\":2560,\"height\":1623,\"caption\":\"Trump presidente \/Twitter\"},{\"@type\":\"BreadcrumbList\",\"@id\":\"https:\/\/safras.com.br\/es\/trump-dice-que-ya-eligio-al-proximo-presidente-de-la-fed\/#breadcrumb\",\"itemListElement\":[{\"@type\":\"ListItem\",\"position\":1,\"name\":\"Portada\",\"item\":\"https:\/\/safras.com.br\/es\/\"},{\"@type\":\"ListItem\",\"position\":2,\"name\":\"Trump dice que ya eligi\u00f3 al pr\u00f3ximo presidente de la Fed\"}]},{\"@type\":\"WebSite\",\"@id\":\"https:\/\/safras.com.br\/es\/#website\",\"url\":\"https:\/\/safras.com.br\/es\/\",\"name\":\"SAFRAS & Mercado\",\"description\":\"El ecosistema de agronegocios\",\"publisher\":{\"@id\":\"https:\/\/safras.com.br\/es\/#organization\"},\"potentialAction\":[{\"@type\":\"SearchAction\",\"target\":{\"@type\":\"EntryPoint\",\"urlTemplate\":\"https:\/\/safras.com.br\/es\/?s={search_term_string}\"},\"query-input\":{\"@type\":\"PropertyValueSpecification\",\"valueRequired\":true,\"valueName\":\"search_term_string\"}}],\"inLanguage\":\"es\"},{\"@type\":\"Organization\",\"@id\":\"https:\/\/safras.com.br\/es\/#organization\",\"name\":\"SAFRAS & Mercado\",\"url\":\"https:\/\/safras.com.br\/es\/\",\"logo\":{\"@type\":\"ImageObject\",\"inLanguage\":\"es\",\"@id\":\"https:\/\/safras.com.br\/es\/#\/schema\/logo\/image\/\",\"url\":\"https:\/\/safras.com.br\/es\/wp-content\/uploads\/2023\/01\/cropped-favicon.png\",\"contentUrl\":\"https:\/\/safras.com.br\/es\/wp-content\/uploads\/2023\/01\/cropped-favicon.png\",\"width\":512,\"height\":512,\"caption\":\"SAFRAS & Mercado\"},\"image\":{\"@id\":\"https:\/\/safras.com.br\/es\/#\/schema\/logo\/image\/\"}},{\"@type\":\"Person\",\"@id\":\"https:\/\/safras.com.br\/es\/#\/schema\/person\/3416d9a13f71584c19d44af415b80774\",\"name\":\"Julieta Marino\",\"image\":{\"@type\":\"ImageObject\",\"inLanguage\":\"es\",\"@id\":\"https:\/\/safras.com.br\/es\/#\/schema\/person\/image\/\",\"url\":\"https:\/\/secure.gravatar.com\/avatar\/edb9a909cb969bf70267c5bad4733db348b286011e3a47666fcbe2263cd5c089?s=96&d=mm&r=g\",\"contentUrl\":\"https:\/\/secure.gravatar.com\/avatar\/edb9a909cb969bf70267c5bad4733db348b286011e3a47666fcbe2263cd5c089?s=96&d=mm&r=g\",\"caption\":\"Julieta Marino\"},\"url\":\"https:\/\/safras.com.br\/es\/author\/sf_julieta\/\"}]}<\/script>\n<!-- \/ Yoast SEO plugin. -->","yoast_head_json":{"title":"Trump dice que ya eligi\u00f3 pr\u00f3ximo presidente de la Fed","description":"Trump ya eligi\u00f3 al pr\u00f3ximo presidente de la Fed y anunciar\u00e1 pronto la nominaci\u00f3n, mientras Kevin Hassett aparece como principal candidato.","robots":{"index":"index","follow":"follow","max-snippet":"max-snippet:-1","max-image-preview":"max-image-preview:large","max-video-preview":"max-video-preview:-1"},"canonical":"https:\/\/safras.com.br\/es\/trump-dice-que-ya-eligio-al-proximo-presidente-de-la-fed\/","og_locale":"es_ES","og_type":"article","og_title":"Trump dice que ya eligi\u00f3 pr\u00f3ximo presidente de la Fed","og_description":"Trump ya eligi\u00f3 al pr\u00f3ximo presidente de la Fed y anunciar\u00e1 pronto la nominaci\u00f3n, mientras Kevin Hassett aparece como principal candidato.","og_url":"https:\/\/safras.com.br\/es\/trump-dice-que-ya-eligio-al-proximo-presidente-de-la-fed\/","og_site_name":"SAFRAS &amp; Mercado","article_published_time":"2025-12-01T16:00:02+00:00","article_modified_time":"2025-12-01T16:00:32+00:00","og_image":[{"width":2560,"height":1623,"url":"https:\/\/safras.com.br\/es\/wp-content\/uploads\/2025\/04\/Trump-presidente-Twitter-scaled.jpeg","type":"image\/jpeg"}],"author":"Julieta Marino","twitter_card":"summary_large_image","twitter_misc":{"Escrito por":"Julieta Marino","Tiempo de lectura":"2 minutos"},"schema":{"@context":"https:\/\/schema.org","@graph":[{"@type":"Article","@id":"https:\/\/safras.com.br\/es\/trump-dice-que-ya-eligio-al-proximo-presidente-de-la-fed\/#article","isPartOf":{"@id":"https:\/\/safras.com.br\/es\/trump-dice-que-ya-eligio-al-proximo-presidente-de-la-fed\/"},"author":{"name":"Julieta Marino","@id":"https:\/\/safras.com.br\/es\/#\/schema\/person\/3416d9a13f71584c19d44af415b80774"},"headline":"Trump dice que ya eligi\u00f3 al pr\u00f3ximo presidente de la Fed","datePublished":"2025-12-01T16:00:02+00:00","dateModified":"2025-12-01T16:00:32+00:00","mainEntityOfPage":{"@id":"https:\/\/safras.com.br\/es\/trump-dice-que-ya-eligio-al-proximo-presidente-de-la-fed\/"},"wordCount":238,"commentCount":0,"publisher":{"@id":"https:\/\/safras.com.br\/es\/#organization"},"image":{"@id":"https:\/\/safras.com.br\/es\/trump-dice-que-ya-eligio-al-proximo-presidente-de-la-fed\/#primaryimage"},"thumbnailUrl":"https:\/\/safras.com.br\/es\/wp-content\/uploads\/2025\/04\/Trump-presidente-Twitter-scaled.jpeg","keywords":["Fed","trump"],"articleSection":["Noticias Financieras"],"inLanguage":"es","potentialAction":[{"@type":"CommentAction","name":"Comment","target":["https:\/\/safras.com.br\/es\/trump-dice-que-ya-eligio-al-proximo-presidente-de-la-fed\/#respond"]}]},{"@type":"WebPage","@id":"https:\/\/safras.com.br\/es\/trump-dice-que-ya-eligio-al-proximo-presidente-de-la-fed\/","url":"https:\/\/safras.com.br\/es\/trump-dice-que-ya-eligio-al-proximo-presidente-de-la-fed\/","name":"Trump dice que ya eligi\u00f3 pr\u00f3ximo presidente de la Fed","isPartOf":{"@id":"https:\/\/safras.com.br\/es\/#website"},"primaryImageOfPage":{"@id":"https:\/\/safras.com.br\/es\/trump-dice-que-ya-eligio-al-proximo-presidente-de-la-fed\/#primaryimage"},"image":{"@id":"https:\/\/safras.com.br\/es\/trump-dice-que-ya-eligio-al-proximo-presidente-de-la-fed\/#primaryimage"},"thumbnailUrl":"https:\/\/safras.com.br\/es\/wp-content\/uploads\/2025\/04\/Trump-presidente-Twitter-scaled.jpeg","datePublished":"2025-12-01T16:00:02+00:00","dateModified":"2025-12-01T16:00:32+00:00","description":"Trump ya eligi\u00f3 al pr\u00f3ximo presidente de la Fed y anunciar\u00e1 pronto la nominaci\u00f3n, mientras Kevin Hassett aparece como principal candidato.","breadcrumb":{"@id":"https:\/\/safras.com.br\/es\/trump-dice-que-ya-eligio-al-proximo-presidente-de-la-fed\/#breadcrumb"},"inLanguage":"es","potentialAction":[{"@type":"ReadAction","target":["https:\/\/safras.com.br\/es\/trump-dice-que-ya-eligio-al-proximo-presidente-de-la-fed\/"]}]},{"@type":"ImageObject","inLanguage":"es","@id":"https:\/\/safras.com.br\/es\/trump-dice-que-ya-eligio-al-proximo-presidente-de-la-fed\/#primaryimage","url":"https:\/\/safras.com.br\/es\/wp-content\/uploads\/2025\/04\/Trump-presidente-Twitter-scaled.jpeg","contentUrl":"https:\/\/safras.com.br\/es\/wp-content\/uploads\/2025\/04\/Trump-presidente-Twitter-scaled.jpeg","width":2560,"height":1623,"caption":"Trump presidente \/Twitter"},{"@type":"BreadcrumbList","@id":"https:\/\/safras.com.br\/es\/trump-dice-que-ya-eligio-al-proximo-presidente-de-la-fed\/#breadcrumb","itemListElement":[{"@type":"ListItem","position":1,"name":"Portada","item":"https:\/\/safras.com.br\/es\/"},{"@type":"ListItem","position":2,"name":"Trump dice que ya eligi\u00f3 al pr\u00f3ximo presidente de la Fed"}]},{"@type":"WebSite","@id":"https:\/\/safras.com.br\/es\/#website","url":"https:\/\/safras.com.br\/es\/","name":"SAFRAS & Mercado","description":"El ecosistema de agronegocios","publisher":{"@id":"https:\/\/safras.com.br\/es\/#organization"},"potentialAction":[{"@type":"SearchAction","target":{"@type":"EntryPoint","urlTemplate":"https:\/\/safras.com.br\/es\/?s={search_term_string}"},"query-input":{"@type":"PropertyValueSpecification","valueRequired":true,"valueName":"search_term_string"}}],"inLanguage":"es"},{"@type":"Organization","@id":"https:\/\/safras.com.br\/es\/#organization","name":"SAFRAS & Mercado","url":"https:\/\/safras.com.br\/es\/","logo":{"@type":"ImageObject","inLanguage":"es","@id":"https:\/\/safras.com.br\/es\/#\/schema\/logo\/image\/","url":"https:\/\/safras.com.br\/es\/wp-content\/uploads\/2023\/01\/cropped-favicon.png","contentUrl":"https:\/\/safras.com.br\/es\/wp-content\/uploads\/2023\/01\/cropped-favicon.png","width":512,"height":512,"caption":"SAFRAS & Mercado"},"image":{"@id":"https:\/\/safras.com.br\/es\/#\/schema\/logo\/image\/"}},{"@type":"Person","@id":"https:\/\/safras.com.br\/es\/#\/schema\/person\/3416d9a13f71584c19d44af415b80774","name":"Julieta Marino","image":{"@type":"ImageObject","inLanguage":"es","@id":"https:\/\/safras.com.br\/es\/#\/schema\/person\/image\/","url":"https:\/\/secure.gravatar.com\/avatar\/edb9a909cb969bf70267c5bad4733db348b286011e3a47666fcbe2263cd5c089?s=96&d=mm&r=g","contentUrl":"https:\/\/secure.gravatar.com\/avatar\/edb9a909cb969bf70267c5bad4733db348b286011e3a47666fcbe2263cd5c089?s=96&d=mm&r=g","caption":"Julieta Marino"},"url":"https:\/\/safras.com.br\/es\/author\/sf_julieta\/"}]}},"_links":{"self":[{"href":"https:\/\/safras.com.br\/es\/wp-json\/wp\/v2\/posts\/67676","targetHints":{"allow":["GET"]}}],"collection":[{"href":"https:\/\/safras.com.br\/es\/wp-json\/wp\/v2\/posts"}],"about":[{"href":"https:\/\/safras.com.br\/es\/wp-json\/wp\/v2\/types\/post"}],"author":[{"embeddable":true,"href":"https:\/\/safras.com.br\/es\/wp-json\/wp\/v2\/users\/19"}],"replies":[{"embeddable":true,"href":"https:\/\/safras.com.br\/es\/wp-json\/wp\/v2\/comments?post=67676"}],"version-history":[{"count":1,"href":"https:\/\/safras.com.br\/es\/wp-json\/wp\/v2\/posts\/67676\/revisions"}],"predecessor-version":[{"id":67677,"href":"https:\/\/safras.com.br\/es\/wp-json\/wp\/v2\/posts\/67676\/revisions\/67677"}],"wp:featuredmedia":[{"embeddable":true,"href":"https:\/\/safras.com.br\/es\/wp-json\/wp\/v2\/media\/65086"}],"wp:attachment":[{"href":"https:\/\/safras.com.br\/es\/wp-json\/wp\/v2\/media?parent=67676"}],"wp:term":[{"taxonomy":"category","embeddable":true,"href":"https:\/\/safras.com.br\/es\/wp-json\/wp\/v2\/categories?post=67676"},{"taxonomy":"post_tag","embeddable":true,"href":"https:\/\/safras.com.br\/es\/wp-json\/wp\/v2\/tags?post=67676"},{"taxonomy":"commodity","embeddable":true,"href":"https:\/\/safras.com.br\/es\/wp-json\/wp\/v2\/commodity?post=67676"}],"curies":[{"name":"wp","href":"https:\/\/api.w.org\/{rel}","templated":true}]}}