{"id":66999,"date":"2025-09-26T11:06:27","date_gmt":"2025-09-26T14:06:27","guid":{"rendered":"https:\/\/safras.com.br\/es\/?p=66999"},"modified":"2025-09-26T11:07:39","modified_gmt":"2025-09-26T14:07:39","slug":"caida-de-la-pobreza-esta-sobrerrepresentada-medicion-esta-desactualizada-uca","status":"publish","type":"post","link":"https:\/\/safras.com.br\/es\/caida-de-la-pobreza-esta-sobrerrepresentada-medicion-esta-desactualizada-uca\/","title":{"rendered":"Ca\u00edda de la pobreza est\u00e1 sobrerrepresentada; medici\u00f3n est\u00e1 desactualizada &#8211; UCA"},"content":{"rendered":"<div class=\"content-tags\">\n<div class=\"content-new\">\n<p>La Universidad Cat\u00f3lica Argentina (UCA), a trav\u00e9s de su Observatorio de la Deuda Social, advirti\u00f3 que el \u201cdescenso (de la pobreza en el primer semestre) est\u00e1 sobrerrepresentado\u201d, luego de que el INDEC informara una ca\u00edda de 31,6%.<\/p>\n<p>La universidad manifest\u00f3 en un comunicado que, aunque hay mejoras reales, la metodolog\u00eda del INDEC presenta sesgos por el uso de canastas desactualizadas de 2004\/05 y cambios en la medici\u00f3n de ingresos que dificultan la comparaci\u00f3n hist\u00f3rica.<\/p>\n<p>&nbsp;<\/p>\n<p>El INDEC inform\u00f3 que la pobreza cay\u00f3 al 31,6% y la indigencia al 6,9% en el primer semestre de 2025, lo que representa una disminuci\u00f3n de m\u00e1s de 20 puntos interanuales y el nivel m\u00e1s bajo desde 2018.<\/p>\n<p>El Gobierno atribuy\u00f3 la mejora a la estabilizaci\u00f3n macroecon\u00f3mica, la desaceleraci\u00f3n inflacionaria y la mayor focalizaci\u00f3n de transferencias sociales directas como la AUH y la Prestaci\u00f3n Alimentar, que hoy cubren la totalidad de la canasta alimentaria.<\/p>\n<p>&nbsp;<\/p>\n<p>Agust\u00edn Salvia, director del Observatorio, explic\u00f3: \u201cNo es que est\u00e9n mintiendo, pero faltan actualizaciones metodol\u00f3gicas que deber\u00edan haberse hecho en un instituto de estad\u00edstica nacional\u201d.<\/p>\n<\/div>\n<\/div>\n","protected":false},"excerpt":{"rendered":"<p>La Universidad Cat\u00f3lica Argentina (UCA), a trav\u00e9s de su Observatorio de la Deuda Social, advirti\u00f3 que el \u201cdescenso (de la pobreza en el primer semestre) est\u00e1 sobrerrepresentado\u201d, luego de que el INDEC informara una ca\u00edda de 31,6%. La universidad manifest\u00f3 en un comunicado que, aunque hay mejoras reales, la metodolog\u00eda del INDEC presenta sesgos por [&hellip;]<\/p>\n","protected":false},"author":13,"featured_media":67002,"comment_status":"open","ping_status":"closed","sticky":false,"template":"","format":"standard","meta":{"_acf_changed":false,"footnotes":""},"categories":[444],"tags":[],"commodity":[],"class_list":["post-66999","post","type-post","status-publish","format-standard","has-post-thumbnail","hentry","category-noticias-financieras"],"acf":[],"yoast_head":"<!-- This site is optimized with the Yoast SEO plugin v26.5 - https:\/\/yoast.com\/wordpress\/plugins\/seo\/ -->\n<title>Ca\u00edda de la pobreza est\u00e1 sobrerrepresentada; medici\u00f3n est\u00e1 desactualizada - UCA - SAFRAS &amp; Mercado<\/title>\n<meta name=\"robots\" content=\"index, follow, max-snippet:-1, max-image-preview:large, max-video-preview:-1\" \/>\n<link rel=\"canonical\" href=\"https:\/\/safras.com.br\/es\/caida-de-la-pobreza-esta-sobrerrepresentada-medicion-esta-desactualizada-uca\/\" \/>\n<meta property=\"og:locale\" content=\"es_ES\" \/>\n<meta property=\"og:type\" content=\"article\" \/>\n<meta property=\"og:title\" content=\"Ca\u00edda de la pobreza est\u00e1 sobrerrepresentada; medici\u00f3n est\u00e1 desactualizada - UCA - SAFRAS &amp; Mercado\" \/>\n<meta property=\"og:description\" content=\"La Universidad Cat\u00f3lica Argentina (UCA), a trav\u00e9s de su Observatorio de la Deuda Social, advirti\u00f3 que el \u201cdescenso (de la pobreza en el primer semestre) est\u00e1 sobrerrepresentado\u201d, luego de que el INDEC informara una ca\u00edda de 31,6%. La universidad manifest\u00f3 en un comunicado que, aunque hay mejoras reales, la metodolog\u00eda del INDEC presenta sesgos por [&hellip;]\" \/>\n<meta property=\"og:url\" content=\"https:\/\/safras.com.br\/es\/caida-de-la-pobreza-esta-sobrerrepresentada-medicion-esta-desactualizada-uca\/\" \/>\n<meta property=\"og:site_name\" content=\"SAFRAS &amp; Mercado\" \/>\n<meta property=\"article:published_time\" content=\"2025-09-26T14:06:27+00:00\" \/>\n<meta property=\"article:modified_time\" content=\"2025-09-26T14:07:39+00:00\" \/>\n<meta property=\"og:image\" content=\"https:\/\/safras.com.br\/es\/wp-content\/uploads\/2025\/09\/uca.png\" \/>\n\t<meta property=\"og:image:width\" content=\"880\" \/>\n\t<meta property=\"og:image:height\" content=\"512\" \/>\n\t<meta property=\"og:image:type\" content=\"image\/png\" \/>\n<meta name=\"author\" content=\"Horacio Vera\" \/>\n<meta name=\"twitter:card\" content=\"summary_large_image\" \/>\n<meta name=\"twitter:label1\" content=\"Escrito por\" \/>\n\t<meta name=\"twitter:data1\" content=\"Horacio Vera\" \/>\n\t<meta name=\"twitter:label2\" content=\"Tiempo de lectura\" \/>\n\t<meta name=\"twitter:data2\" content=\"1 minuto\" \/>\n<script type=\"application\/ld+json\" class=\"yoast-schema-graph\">{\"@context\":\"https:\/\/schema.org\",\"@graph\":[{\"@type\":\"Article\",\"@id\":\"https:\/\/safras.com.br\/es\/caida-de-la-pobreza-esta-sobrerrepresentada-medicion-esta-desactualizada-uca\/#article\",\"isPartOf\":{\"@id\":\"https:\/\/safras.com.br\/es\/caida-de-la-pobreza-esta-sobrerrepresentada-medicion-esta-desactualizada-uca\/\"},\"author\":{\"name\":\"Horacio Vera\",\"@id\":\"https:\/\/safras.com.br\/es\/#\/schema\/person\/8a6e0df178260e340253292bf04da747\"},\"headline\":\"Ca\u00edda de la pobreza est\u00e1 sobrerrepresentada; medici\u00f3n est\u00e1 desactualizada &#8211; UCA\",\"datePublished\":\"2025-09-26T14:06:27+00:00\",\"dateModified\":\"2025-09-26T14:07:39+00:00\",\"mainEntityOfPage\":{\"@id\":\"https:\/\/safras.com.br\/es\/caida-de-la-pobreza-esta-sobrerrepresentada-medicion-esta-desactualizada-uca\/\"},\"wordCount\":201,\"commentCount\":98,\"publisher\":{\"@id\":\"https:\/\/safras.com.br\/es\/#organization\"},\"image\":{\"@id\":\"https:\/\/safras.com.br\/es\/caida-de-la-pobreza-esta-sobrerrepresentada-medicion-esta-desactualizada-uca\/#primaryimage\"},\"thumbnailUrl\":\"https:\/\/safras.com.br\/es\/wp-content\/uploads\/2025\/09\/uca.png\",\"articleSection\":[\"Noticias Financieras\"],\"inLanguage\":\"es\",\"potentialAction\":[{\"@type\":\"CommentAction\",\"name\":\"Comment\",\"target\":[\"https:\/\/safras.com.br\/es\/caida-de-la-pobreza-esta-sobrerrepresentada-medicion-esta-desactualizada-uca\/#respond\"]}]},{\"@type\":\"WebPage\",\"@id\":\"https:\/\/safras.com.br\/es\/caida-de-la-pobreza-esta-sobrerrepresentada-medicion-esta-desactualizada-uca\/\",\"url\":\"https:\/\/safras.com.br\/es\/caida-de-la-pobreza-esta-sobrerrepresentada-medicion-esta-desactualizada-uca\/\",\"name\":\"Ca\u00edda de la pobreza est\u00e1 sobrerrepresentada; medici\u00f3n est\u00e1 desactualizada - UCA - SAFRAS &amp; Mercado\",\"isPartOf\":{\"@id\":\"https:\/\/safras.com.br\/es\/#website\"},\"primaryImageOfPage\":{\"@id\":\"https:\/\/safras.com.br\/es\/caida-de-la-pobreza-esta-sobrerrepresentada-medicion-esta-desactualizada-uca\/#primaryimage\"},\"image\":{\"@id\":\"https:\/\/safras.com.br\/es\/caida-de-la-pobreza-esta-sobrerrepresentada-medicion-esta-desactualizada-uca\/#primaryimage\"},\"thumbnailUrl\":\"https:\/\/safras.com.br\/es\/wp-content\/uploads\/2025\/09\/uca.png\",\"datePublished\":\"2025-09-26T14:06:27+00:00\",\"dateModified\":\"2025-09-26T14:07:39+00:00\",\"breadcrumb\":{\"@id\":\"https:\/\/safras.com.br\/es\/caida-de-la-pobreza-esta-sobrerrepresentada-medicion-esta-desactualizada-uca\/#breadcrumb\"},\"inLanguage\":\"es\",\"potentialAction\":[{\"@type\":\"ReadAction\",\"target\":[\"https:\/\/safras.com.br\/es\/caida-de-la-pobreza-esta-sobrerrepresentada-medicion-esta-desactualizada-uca\/\"]}]},{\"@type\":\"ImageObject\",\"inLanguage\":\"es\",\"@id\":\"https:\/\/safras.com.br\/es\/caida-de-la-pobreza-esta-sobrerrepresentada-medicion-esta-desactualizada-uca\/#primaryimage\",\"url\":\"https:\/\/safras.com.br\/es\/wp-content\/uploads\/2025\/09\/uca.png\",\"contentUrl\":\"https:\/\/safras.com.br\/es\/wp-content\/uploads\/2025\/09\/uca.png\",\"width\":880,\"height\":512,\"caption\":\"uca\"},{\"@type\":\"BreadcrumbList\",\"@id\":\"https:\/\/safras.com.br\/es\/caida-de-la-pobreza-esta-sobrerrepresentada-medicion-esta-desactualizada-uca\/#breadcrumb\",\"itemListElement\":[{\"@type\":\"ListItem\",\"position\":1,\"name\":\"Portada\",\"item\":\"https:\/\/safras.com.br\/es\/\"},{\"@type\":\"ListItem\",\"position\":2,\"name\":\"Ca\u00edda de la pobreza est\u00e1 sobrerrepresentada; medici\u00f3n est\u00e1 desactualizada &#8211; UCA\"}]},{\"@type\":\"WebSite\",\"@id\":\"https:\/\/safras.com.br\/es\/#website\",\"url\":\"https:\/\/safras.com.br\/es\/\",\"name\":\"SAFRAS & Mercado\",\"description\":\"El ecosistema de agronegocios\",\"publisher\":{\"@id\":\"https:\/\/safras.com.br\/es\/#organization\"},\"potentialAction\":[{\"@type\":\"SearchAction\",\"target\":{\"@type\":\"EntryPoint\",\"urlTemplate\":\"https:\/\/safras.com.br\/es\/?s={search_term_string}\"},\"query-input\":{\"@type\":\"PropertyValueSpecification\",\"valueRequired\":true,\"valueName\":\"search_term_string\"}}],\"inLanguage\":\"es\"},{\"@type\":\"Organization\",\"@id\":\"https:\/\/safras.com.br\/es\/#organization\",\"name\":\"SAFRAS & Mercado\",\"url\":\"https:\/\/safras.com.br\/es\/\",\"logo\":{\"@type\":\"ImageObject\",\"inLanguage\":\"es\",\"@id\":\"https:\/\/safras.com.br\/es\/#\/schema\/logo\/image\/\",\"url\":\"https:\/\/safras.com.br\/es\/wp-content\/uploads\/2023\/01\/cropped-favicon.png\",\"contentUrl\":\"https:\/\/safras.com.br\/es\/wp-content\/uploads\/2023\/01\/cropped-favicon.png\",\"width\":512,\"height\":512,\"caption\":\"SAFRAS & Mercado\"},\"image\":{\"@id\":\"https:\/\/safras.com.br\/es\/#\/schema\/logo\/image\/\"}},{\"@type\":\"Person\",\"@id\":\"https:\/\/safras.com.br\/es\/#\/schema\/person\/8a6e0df178260e340253292bf04da747\",\"name\":\"Horacio Vera\",\"image\":{\"@type\":\"ImageObject\",\"inLanguage\":\"es\",\"@id\":\"https:\/\/safras.com.br\/es\/#\/schema\/person\/image\/\",\"url\":\"https:\/\/secure.gravatar.com\/avatar\/bc30669cd90fb2e21304f48bfae82357e2f9224933e78600478745d017747a8f?s=96&d=mm&r=g\",\"contentUrl\":\"https:\/\/secure.gravatar.com\/avatar\/bc30669cd90fb2e21304f48bfae82357e2f9224933e78600478745d017747a8f?s=96&d=mm&r=g\",\"caption\":\"Horacio Vera\"},\"url\":\"https:\/\/safras.com.br\/es\/author\/sf_horacio\/\"}]}<\/script>\n<!-- \/ Yoast SEO plugin. -->","yoast_head_json":{"title":"Ca\u00edda de la pobreza est\u00e1 sobrerrepresentada; medici\u00f3n est\u00e1 desactualizada - UCA - SAFRAS &amp; Mercado","robots":{"index":"index","follow":"follow","max-snippet":"max-snippet:-1","max-image-preview":"max-image-preview:large","max-video-preview":"max-video-preview:-1"},"canonical":"https:\/\/safras.com.br\/es\/caida-de-la-pobreza-esta-sobrerrepresentada-medicion-esta-desactualizada-uca\/","og_locale":"es_ES","og_type":"article","og_title":"Ca\u00edda de la pobreza est\u00e1 sobrerrepresentada; medici\u00f3n est\u00e1 desactualizada - UCA - SAFRAS &amp; Mercado","og_description":"La Universidad Cat\u00f3lica Argentina (UCA), a trav\u00e9s de su Observatorio de la Deuda Social, advirti\u00f3 que el \u201cdescenso (de la pobreza en el primer semestre) est\u00e1 sobrerrepresentado\u201d, luego de que el INDEC informara una ca\u00edda de 31,6%. La universidad manifest\u00f3 en un comunicado que, aunque hay mejoras reales, la metodolog\u00eda del INDEC presenta sesgos por [&hellip;]","og_url":"https:\/\/safras.com.br\/es\/caida-de-la-pobreza-esta-sobrerrepresentada-medicion-esta-desactualizada-uca\/","og_site_name":"SAFRAS &amp; Mercado","article_published_time":"2025-09-26T14:06:27+00:00","article_modified_time":"2025-09-26T14:07:39+00:00","og_image":[{"width":880,"height":512,"url":"https:\/\/safras.com.br\/es\/wp-content\/uploads\/2025\/09\/uca.png","type":"image\/png"}],"author":"Horacio Vera","twitter_card":"summary_large_image","twitter_misc":{"Escrito por":"Horacio Vera","Tiempo de lectura":"1 minuto"},"schema":{"@context":"https:\/\/schema.org","@graph":[{"@type":"Article","@id":"https:\/\/safras.com.br\/es\/caida-de-la-pobreza-esta-sobrerrepresentada-medicion-esta-desactualizada-uca\/#article","isPartOf":{"@id":"https:\/\/safras.com.br\/es\/caida-de-la-pobreza-esta-sobrerrepresentada-medicion-esta-desactualizada-uca\/"},"author":{"name":"Horacio Vera","@id":"https:\/\/safras.com.br\/es\/#\/schema\/person\/8a6e0df178260e340253292bf04da747"},"headline":"Ca\u00edda de la pobreza est\u00e1 sobrerrepresentada; medici\u00f3n est\u00e1 desactualizada &#8211; UCA","datePublished":"2025-09-26T14:06:27+00:00","dateModified":"2025-09-26T14:07:39+00:00","mainEntityOfPage":{"@id":"https:\/\/safras.com.br\/es\/caida-de-la-pobreza-esta-sobrerrepresentada-medicion-esta-desactualizada-uca\/"},"wordCount":201,"commentCount":98,"publisher":{"@id":"https:\/\/safras.com.br\/es\/#organization"},"image":{"@id":"https:\/\/safras.com.br\/es\/caida-de-la-pobreza-esta-sobrerrepresentada-medicion-esta-desactualizada-uca\/#primaryimage"},"thumbnailUrl":"https:\/\/safras.com.br\/es\/wp-content\/uploads\/2025\/09\/uca.png","articleSection":["Noticias Financieras"],"inLanguage":"es","potentialAction":[{"@type":"CommentAction","name":"Comment","target":["https:\/\/safras.com.br\/es\/caida-de-la-pobreza-esta-sobrerrepresentada-medicion-esta-desactualizada-uca\/#respond"]}]},{"@type":"WebPage","@id":"https:\/\/safras.com.br\/es\/caida-de-la-pobreza-esta-sobrerrepresentada-medicion-esta-desactualizada-uca\/","url":"https:\/\/safras.com.br\/es\/caida-de-la-pobreza-esta-sobrerrepresentada-medicion-esta-desactualizada-uca\/","name":"Ca\u00edda de la pobreza est\u00e1 sobrerrepresentada; medici\u00f3n est\u00e1 desactualizada - UCA - SAFRAS &amp; Mercado","isPartOf":{"@id":"https:\/\/safras.com.br\/es\/#website"},"primaryImageOfPage":{"@id":"https:\/\/safras.com.br\/es\/caida-de-la-pobreza-esta-sobrerrepresentada-medicion-esta-desactualizada-uca\/#primaryimage"},"image":{"@id":"https:\/\/safras.com.br\/es\/caida-de-la-pobreza-esta-sobrerrepresentada-medicion-esta-desactualizada-uca\/#primaryimage"},"thumbnailUrl":"https:\/\/safras.com.br\/es\/wp-content\/uploads\/2025\/09\/uca.png","datePublished":"2025-09-26T14:06:27+00:00","dateModified":"2025-09-26T14:07:39+00:00","breadcrumb":{"@id":"https:\/\/safras.com.br\/es\/caida-de-la-pobreza-esta-sobrerrepresentada-medicion-esta-desactualizada-uca\/#breadcrumb"},"inLanguage":"es","potentialAction":[{"@type":"ReadAction","target":["https:\/\/safras.com.br\/es\/caida-de-la-pobreza-esta-sobrerrepresentada-medicion-esta-desactualizada-uca\/"]}]},{"@type":"ImageObject","inLanguage":"es","@id":"https:\/\/safras.com.br\/es\/caida-de-la-pobreza-esta-sobrerrepresentada-medicion-esta-desactualizada-uca\/#primaryimage","url":"https:\/\/safras.com.br\/es\/wp-content\/uploads\/2025\/09\/uca.png","contentUrl":"https:\/\/safras.com.br\/es\/wp-content\/uploads\/2025\/09\/uca.png","width":880,"height":512,"caption":"uca"},{"@type":"BreadcrumbList","@id":"https:\/\/safras.com.br\/es\/caida-de-la-pobreza-esta-sobrerrepresentada-medicion-esta-desactualizada-uca\/#breadcrumb","itemListElement":[{"@type":"ListItem","position":1,"name":"Portada","item":"https:\/\/safras.com.br\/es\/"},{"@type":"ListItem","position":2,"name":"Ca\u00edda de la pobreza est\u00e1 sobrerrepresentada; medici\u00f3n est\u00e1 desactualizada &#8211; UCA"}]},{"@type":"WebSite","@id":"https:\/\/safras.com.br\/es\/#website","url":"https:\/\/safras.com.br\/es\/","name":"SAFRAS & Mercado","description":"El ecosistema de agronegocios","publisher":{"@id":"https:\/\/safras.com.br\/es\/#organization"},"potentialAction":[{"@type":"SearchAction","target":{"@type":"EntryPoint","urlTemplate":"https:\/\/safras.com.br\/es\/?s={search_term_string}"},"query-input":{"@type":"PropertyValueSpecification","valueRequired":true,"valueName":"search_term_string"}}],"inLanguage":"es"},{"@type":"Organization","@id":"https:\/\/safras.com.br\/es\/#organization","name":"SAFRAS & Mercado","url":"https:\/\/safras.com.br\/es\/","logo":{"@type":"ImageObject","inLanguage":"es","@id":"https:\/\/safras.com.br\/es\/#\/schema\/logo\/image\/","url":"https:\/\/safras.com.br\/es\/wp-content\/uploads\/2023\/01\/cropped-favicon.png","contentUrl":"https:\/\/safras.com.br\/es\/wp-content\/uploads\/2023\/01\/cropped-favicon.png","width":512,"height":512,"caption":"SAFRAS & Mercado"},"image":{"@id":"https:\/\/safras.com.br\/es\/#\/schema\/logo\/image\/"}},{"@type":"Person","@id":"https:\/\/safras.com.br\/es\/#\/schema\/person\/8a6e0df178260e340253292bf04da747","name":"Horacio Vera","image":{"@type":"ImageObject","inLanguage":"es","@id":"https:\/\/safras.com.br\/es\/#\/schema\/person\/image\/","url":"https:\/\/secure.gravatar.com\/avatar\/bc30669cd90fb2e21304f48bfae82357e2f9224933e78600478745d017747a8f?s=96&d=mm&r=g","contentUrl":"https:\/\/secure.gravatar.com\/avatar\/bc30669cd90fb2e21304f48bfae82357e2f9224933e78600478745d017747a8f?s=96&d=mm&r=g","caption":"Horacio Vera"},"url":"https:\/\/safras.com.br\/es\/author\/sf_horacio\/"}]}},"_links":{"self":[{"href":"https:\/\/safras.com.br\/es\/wp-json\/wp\/v2\/posts\/66999","targetHints":{"allow":["GET"]}}],"collection":[{"href":"https:\/\/safras.com.br\/es\/wp-json\/wp\/v2\/posts"}],"about":[{"href":"https:\/\/safras.com.br\/es\/wp-json\/wp\/v2\/types\/post"}],"author":[{"embeddable":true,"href":"https:\/\/safras.com.br\/es\/wp-json\/wp\/v2\/users\/13"}],"replies":[{"embeddable":true,"href":"https:\/\/safras.com.br\/es\/wp-json\/wp\/v2\/comments?post=66999"}],"version-history":[{"count":3,"href":"https:\/\/safras.com.br\/es\/wp-json\/wp\/v2\/posts\/66999\/revisions"}],"predecessor-version":[{"id":67003,"href":"https:\/\/safras.com.br\/es\/wp-json\/wp\/v2\/posts\/66999\/revisions\/67003"}],"wp:featuredmedia":[{"embeddable":true,"href":"https:\/\/safras.com.br\/es\/wp-json\/wp\/v2\/media\/67002"}],"wp:attachment":[{"href":"https:\/\/safras.com.br\/es\/wp-json\/wp\/v2\/media?parent=66999"}],"wp:term":[{"taxonomy":"category","embeddable":true,"href":"https:\/\/safras.com.br\/es\/wp-json\/wp\/v2\/categories?post=66999"},{"taxonomy":"post_tag","embeddable":true,"href":"https:\/\/safras.com.br\/es\/wp-json\/wp\/v2\/tags?post=66999"},{"taxonomy":"commodity","embeddable":true,"href":"https:\/\/safras.com.br\/es\/wp-json\/wp\/v2\/commodity?post=66999"}],"curies":[{"name":"wp","href":"https:\/\/api.w.org\/{rel}","templated":true}]}}