{"id":66173,"date":"2025-07-17T23:08:48","date_gmt":"2025-07-18T02:08:48","guid":{"rendered":"https:\/\/safras.com.br\/es\/?p=66173"},"modified":"2025-07-17T23:09:51","modified_gmt":"2025-07-18T02:09:51","slug":"secretaria-ajusta-al-alza-estimaciones-de-maiz-24-25-para-92-mi-ha-y-produccion-en-52-mi-ton","status":"publish","type":"post","link":"https:\/\/safras.com.br\/es\/secretaria-ajusta-al-alza-estimaciones-de-maiz-24-25-para-92-mi-ha-y-produccion-en-52-mi-ton\/","title":{"rendered":"Secretar\u00eda ajusta al alza estimaciones de ma\u00edz 24\/25 para 9,2 mi ha y producci\u00f3n en 52 mi ton"},"content":{"rendered":"<p>La Secretar\u00eda de Agricultura de Argentina ajust\u00f3 al alza sus estimaciones para la campa\u00f1a 2024\/25 de ma\u00edz, con un incremento del orden del 1,1% respecto a lo informado en el mes de junio, totalizando 9,2 mi de hectareas.<\/p>\n<p>Sin embargo, este aumento es indiferente a la superficie efectiva destinada a la producci\u00f3n de granos, ya que la misma se mantiene en 7,4 millones de hect\u00e1reas y el incremento de superficie radica en un aumento en el \u00e1rea destinada a consumo animal en todas sus formas.<\/p>\n<p>La producci\u00f3n se estima en 52 millones de toneladas, que respecto a la estimaci\u00f3n previa es levemente superior en aproximadamente un 1%.<\/p>\n","protected":false},"excerpt":{"rendered":"<p>La Secretar\u00eda de Agricultura de Argentina ajust\u00f3 al alza sus estimaciones para la campa\u00f1a 2024\/25 de ma\u00edz, con un incremento del orden del 1,1% respecto a lo informado en el mes de junio, totalizando 9,2 mi de hectareas. Sin embargo, este aumento es indiferente a la superficie efectiva destinada a la producci\u00f3n de granos, ya [&hellip;]<\/p>\n","protected":false},"author":19,"featured_media":64611,"comment_status":"open","ping_status":"closed","sticky":false,"template":"","format":"standard","meta":{"_acf_changed":false,"footnotes":""},"categories":[267],"tags":[329],"commodity":[],"class_list":["post-66173","post","type-post","status-publish","format-standard","has-post-thumbnail","hentry","category-agronegocio-es","tag-maiz-es"],"acf":[],"yoast_head":"<!-- This site is optimized with the Yoast SEO plugin v26.5 - https:\/\/yoast.com\/wordpress\/plugins\/seo\/ -->\n<title>Secretar\u00eda ajusta al alza estimaciones de ma\u00edz 24\/25 para 9,2 mi ha y producci\u00f3n en 52 mi ton - SAFRAS &amp; Mercado<\/title>\n<meta name=\"robots\" content=\"index, follow, max-snippet:-1, max-image-preview:large, max-video-preview:-1\" \/>\n<link rel=\"canonical\" href=\"https:\/\/safras.com.br\/es\/secretaria-ajusta-al-alza-estimaciones-de-maiz-24-25-para-92-mi-ha-y-produccion-en-52-mi-ton\/\" \/>\n<meta property=\"og:locale\" content=\"es_ES\" \/>\n<meta property=\"og:type\" content=\"article\" \/>\n<meta property=\"og:title\" content=\"Secretar\u00eda ajusta al alza estimaciones de ma\u00edz 24\/25 para 9,2 mi ha y producci\u00f3n en 52 mi ton - SAFRAS &amp; Mercado\" \/>\n<meta property=\"og:description\" content=\"La Secretar\u00eda de Agricultura de Argentina ajust\u00f3 al alza sus estimaciones para la campa\u00f1a 2024\/25 de ma\u00edz, con un incremento del orden del 1,1% respecto a lo informado en el mes de junio, totalizando 9,2 mi de hectareas. Sin embargo, este aumento es indiferente a la superficie efectiva destinada a la producci\u00f3n de granos, ya [&hellip;]\" \/>\n<meta property=\"og:url\" content=\"https:\/\/safras.com.br\/es\/secretaria-ajusta-al-alza-estimaciones-de-maiz-24-25-para-92-mi-ha-y-produccion-en-52-mi-ton\/\" \/>\n<meta property=\"og:site_name\" content=\"SAFRAS &amp; Mercado\" \/>\n<meta property=\"article:published_time\" content=\"2025-07-18T02:08:48+00:00\" \/>\n<meta property=\"article:modified_time\" content=\"2025-07-18T02:09:51+00:00\" \/>\n<meta property=\"og:image\" content=\"https:\/\/safras.com.br\/es\/wp-content\/uploads\/2025\/01\/Maiz-Bahia-Blanca.jpg\" \/>\n\t<meta property=\"og:image:width\" content=\"1920\" \/>\n\t<meta property=\"og:image:height\" content=\"1440\" \/>\n\t<meta property=\"og:image:type\" content=\"image\/jpeg\" \/>\n<meta name=\"author\" content=\"Julieta Marino\" \/>\n<meta name=\"twitter:card\" content=\"summary_large_image\" \/>\n<meta name=\"twitter:label1\" content=\"Escrito por\" \/>\n\t<meta name=\"twitter:data1\" content=\"Julieta Marino\" \/>\n\t<meta name=\"twitter:label2\" content=\"Tiempo de lectura\" \/>\n\t<meta name=\"twitter:data2\" content=\"1 minuto\" \/>\n<script type=\"application\/ld+json\" class=\"yoast-schema-graph\">{\"@context\":\"https:\/\/schema.org\",\"@graph\":[{\"@type\":\"Article\",\"@id\":\"https:\/\/safras.com.br\/es\/secretaria-ajusta-al-alza-estimaciones-de-maiz-24-25-para-92-mi-ha-y-produccion-en-52-mi-ton\/#article\",\"isPartOf\":{\"@id\":\"https:\/\/safras.com.br\/es\/secretaria-ajusta-al-alza-estimaciones-de-maiz-24-25-para-92-mi-ha-y-produccion-en-52-mi-ton\/\"},\"author\":{\"name\":\"Julieta Marino\",\"@id\":\"https:\/\/safras.com.br\/es\/#\/schema\/person\/3416d9a13f71584c19d44af415b80774\"},\"headline\":\"Secretar\u00eda ajusta al alza estimaciones de ma\u00edz 24\/25 para 9,2 mi ha y producci\u00f3n en 52 mi ton\",\"datePublished\":\"2025-07-18T02:08:48+00:00\",\"dateModified\":\"2025-07-18T02:09:51+00:00\",\"mainEntityOfPage\":{\"@id\":\"https:\/\/safras.com.br\/es\/secretaria-ajusta-al-alza-estimaciones-de-maiz-24-25-para-92-mi-ha-y-produccion-en-52-mi-ton\/\"},\"wordCount\":126,\"commentCount\":1,\"publisher\":{\"@id\":\"https:\/\/safras.com.br\/es\/#organization\"},\"image\":{\"@id\":\"https:\/\/safras.com.br\/es\/secretaria-ajusta-al-alza-estimaciones-de-maiz-24-25-para-92-mi-ha-y-produccion-en-52-mi-ton\/#primaryimage\"},\"thumbnailUrl\":\"https:\/\/safras.com.br\/es\/wp-content\/uploads\/2025\/01\/Maiz-Bahia-Blanca.jpg\",\"keywords\":[\"ma\u00edz\"],\"articleSection\":[\"Noticias Agronegocio\"],\"inLanguage\":\"es\",\"potentialAction\":[{\"@type\":\"CommentAction\",\"name\":\"Comment\",\"target\":[\"https:\/\/safras.com.br\/es\/secretaria-ajusta-al-alza-estimaciones-de-maiz-24-25-para-92-mi-ha-y-produccion-en-52-mi-ton\/#respond\"]}]},{\"@type\":\"WebPage\",\"@id\":\"https:\/\/safras.com.br\/es\/secretaria-ajusta-al-alza-estimaciones-de-maiz-24-25-para-92-mi-ha-y-produccion-en-52-mi-ton\/\",\"url\":\"https:\/\/safras.com.br\/es\/secretaria-ajusta-al-alza-estimaciones-de-maiz-24-25-para-92-mi-ha-y-produccion-en-52-mi-ton\/\",\"name\":\"Secretar\u00eda ajusta al alza estimaciones de ma\u00edz 24\/25 para 9,2 mi ha y producci\u00f3n en 52 mi ton - SAFRAS &amp; Mercado\",\"isPartOf\":{\"@id\":\"https:\/\/safras.com.br\/es\/#website\"},\"primaryImageOfPage\":{\"@id\":\"https:\/\/safras.com.br\/es\/secretaria-ajusta-al-alza-estimaciones-de-maiz-24-25-para-92-mi-ha-y-produccion-en-52-mi-ton\/#primaryimage\"},\"image\":{\"@id\":\"https:\/\/safras.com.br\/es\/secretaria-ajusta-al-alza-estimaciones-de-maiz-24-25-para-92-mi-ha-y-produccion-en-52-mi-ton\/#primaryimage\"},\"thumbnailUrl\":\"https:\/\/safras.com.br\/es\/wp-content\/uploads\/2025\/01\/Maiz-Bahia-Blanca.jpg\",\"datePublished\":\"2025-07-18T02:08:48+00:00\",\"dateModified\":\"2025-07-18T02:09:51+00:00\",\"breadcrumb\":{\"@id\":\"https:\/\/safras.com.br\/es\/secretaria-ajusta-al-alza-estimaciones-de-maiz-24-25-para-92-mi-ha-y-produccion-en-52-mi-ton\/#breadcrumb\"},\"inLanguage\":\"es\",\"potentialAction\":[{\"@type\":\"ReadAction\",\"target\":[\"https:\/\/safras.com.br\/es\/secretaria-ajusta-al-alza-estimaciones-de-maiz-24-25-para-92-mi-ha-y-produccion-en-52-mi-ton\/\"]}]},{\"@type\":\"ImageObject\",\"inLanguage\":\"es\",\"@id\":\"https:\/\/safras.com.br\/es\/secretaria-ajusta-al-alza-estimaciones-de-maiz-24-25-para-92-mi-ha-y-produccion-en-52-mi-ton\/#primaryimage\",\"url\":\"https:\/\/safras.com.br\/es\/wp-content\/uploads\/2025\/01\/Maiz-Bahia-Blanca.jpg\",\"contentUrl\":\"https:\/\/safras.com.br\/es\/wp-content\/uploads\/2025\/01\/Maiz-Bahia-Blanca.jpg\",\"width\":1920,\"height\":1440,\"caption\":\"Maiz en Bahia Blanca \/ Bolsa\"},{\"@type\":\"BreadcrumbList\",\"@id\":\"https:\/\/safras.com.br\/es\/secretaria-ajusta-al-alza-estimaciones-de-maiz-24-25-para-92-mi-ha-y-produccion-en-52-mi-ton\/#breadcrumb\",\"itemListElement\":[{\"@type\":\"ListItem\",\"position\":1,\"name\":\"Portada\",\"item\":\"https:\/\/safras.com.br\/es\/\"},{\"@type\":\"ListItem\",\"position\":2,\"name\":\"Secretar\u00eda ajusta al alza estimaciones de ma\u00edz 24\/25 para 9,2 mi ha y producci\u00f3n en 52 mi ton\"}]},{\"@type\":\"WebSite\",\"@id\":\"https:\/\/safras.com.br\/es\/#website\",\"url\":\"https:\/\/safras.com.br\/es\/\",\"name\":\"SAFRAS & Mercado\",\"description\":\"El ecosistema de agronegocios\",\"publisher\":{\"@id\":\"https:\/\/safras.com.br\/es\/#organization\"},\"potentialAction\":[{\"@type\":\"SearchAction\",\"target\":{\"@type\":\"EntryPoint\",\"urlTemplate\":\"https:\/\/safras.com.br\/es\/?s={search_term_string}\"},\"query-input\":{\"@type\":\"PropertyValueSpecification\",\"valueRequired\":true,\"valueName\":\"search_term_string\"}}],\"inLanguage\":\"es\"},{\"@type\":\"Organization\",\"@id\":\"https:\/\/safras.com.br\/es\/#organization\",\"name\":\"SAFRAS & Mercado\",\"url\":\"https:\/\/safras.com.br\/es\/\",\"logo\":{\"@type\":\"ImageObject\",\"inLanguage\":\"es\",\"@id\":\"https:\/\/safras.com.br\/es\/#\/schema\/logo\/image\/\",\"url\":\"https:\/\/safras.com.br\/es\/wp-content\/uploads\/2023\/01\/cropped-favicon.png\",\"contentUrl\":\"https:\/\/safras.com.br\/es\/wp-content\/uploads\/2023\/01\/cropped-favicon.png\",\"width\":512,\"height\":512,\"caption\":\"SAFRAS & Mercado\"},\"image\":{\"@id\":\"https:\/\/safras.com.br\/es\/#\/schema\/logo\/image\/\"}},{\"@type\":\"Person\",\"@id\":\"https:\/\/safras.com.br\/es\/#\/schema\/person\/3416d9a13f71584c19d44af415b80774\",\"name\":\"Julieta Marino\",\"image\":{\"@type\":\"ImageObject\",\"inLanguage\":\"es\",\"@id\":\"https:\/\/safras.com.br\/es\/#\/schema\/person\/image\/\",\"url\":\"https:\/\/secure.gravatar.com\/avatar\/edb9a909cb969bf70267c5bad4733db348b286011e3a47666fcbe2263cd5c089?s=96&d=mm&r=g\",\"contentUrl\":\"https:\/\/secure.gravatar.com\/avatar\/edb9a909cb969bf70267c5bad4733db348b286011e3a47666fcbe2263cd5c089?s=96&d=mm&r=g\",\"caption\":\"Julieta Marino\"},\"url\":\"https:\/\/safras.com.br\/es\/author\/sf_julieta\/\"}]}<\/script>\n<!-- \/ Yoast SEO plugin. -->","yoast_head_json":{"title":"Secretar\u00eda ajusta al alza estimaciones de ma\u00edz 24\/25 para 9,2 mi ha y producci\u00f3n en 52 mi ton - SAFRAS &amp; Mercado","robots":{"index":"index","follow":"follow","max-snippet":"max-snippet:-1","max-image-preview":"max-image-preview:large","max-video-preview":"max-video-preview:-1"},"canonical":"https:\/\/safras.com.br\/es\/secretaria-ajusta-al-alza-estimaciones-de-maiz-24-25-para-92-mi-ha-y-produccion-en-52-mi-ton\/","og_locale":"es_ES","og_type":"article","og_title":"Secretar\u00eda ajusta al alza estimaciones de ma\u00edz 24\/25 para 9,2 mi ha y producci\u00f3n en 52 mi ton - SAFRAS &amp; Mercado","og_description":"La Secretar\u00eda de Agricultura de Argentina ajust\u00f3 al alza sus estimaciones para la campa\u00f1a 2024\/25 de ma\u00edz, con un incremento del orden del 1,1% respecto a lo informado en el mes de junio, totalizando 9,2 mi de hectareas. Sin embargo, este aumento es indiferente a la superficie efectiva destinada a la producci\u00f3n de granos, ya [&hellip;]","og_url":"https:\/\/safras.com.br\/es\/secretaria-ajusta-al-alza-estimaciones-de-maiz-24-25-para-92-mi-ha-y-produccion-en-52-mi-ton\/","og_site_name":"SAFRAS &amp; Mercado","article_published_time":"2025-07-18T02:08:48+00:00","article_modified_time":"2025-07-18T02:09:51+00:00","og_image":[{"width":1920,"height":1440,"url":"https:\/\/safras.com.br\/es\/wp-content\/uploads\/2025\/01\/Maiz-Bahia-Blanca.jpg","type":"image\/jpeg"}],"author":"Julieta Marino","twitter_card":"summary_large_image","twitter_misc":{"Escrito por":"Julieta Marino","Tiempo de lectura":"1 minuto"},"schema":{"@context":"https:\/\/schema.org","@graph":[{"@type":"Article","@id":"https:\/\/safras.com.br\/es\/secretaria-ajusta-al-alza-estimaciones-de-maiz-24-25-para-92-mi-ha-y-produccion-en-52-mi-ton\/#article","isPartOf":{"@id":"https:\/\/safras.com.br\/es\/secretaria-ajusta-al-alza-estimaciones-de-maiz-24-25-para-92-mi-ha-y-produccion-en-52-mi-ton\/"},"author":{"name":"Julieta Marino","@id":"https:\/\/safras.com.br\/es\/#\/schema\/person\/3416d9a13f71584c19d44af415b80774"},"headline":"Secretar\u00eda ajusta al alza estimaciones de ma\u00edz 24\/25 para 9,2 mi ha y producci\u00f3n en 52 mi ton","datePublished":"2025-07-18T02:08:48+00:00","dateModified":"2025-07-18T02:09:51+00:00","mainEntityOfPage":{"@id":"https:\/\/safras.com.br\/es\/secretaria-ajusta-al-alza-estimaciones-de-maiz-24-25-para-92-mi-ha-y-produccion-en-52-mi-ton\/"},"wordCount":126,"commentCount":1,"publisher":{"@id":"https:\/\/safras.com.br\/es\/#organization"},"image":{"@id":"https:\/\/safras.com.br\/es\/secretaria-ajusta-al-alza-estimaciones-de-maiz-24-25-para-92-mi-ha-y-produccion-en-52-mi-ton\/#primaryimage"},"thumbnailUrl":"https:\/\/safras.com.br\/es\/wp-content\/uploads\/2025\/01\/Maiz-Bahia-Blanca.jpg","keywords":["ma\u00edz"],"articleSection":["Noticias Agronegocio"],"inLanguage":"es","potentialAction":[{"@type":"CommentAction","name":"Comment","target":["https:\/\/safras.com.br\/es\/secretaria-ajusta-al-alza-estimaciones-de-maiz-24-25-para-92-mi-ha-y-produccion-en-52-mi-ton\/#respond"]}]},{"@type":"WebPage","@id":"https:\/\/safras.com.br\/es\/secretaria-ajusta-al-alza-estimaciones-de-maiz-24-25-para-92-mi-ha-y-produccion-en-52-mi-ton\/","url":"https:\/\/safras.com.br\/es\/secretaria-ajusta-al-alza-estimaciones-de-maiz-24-25-para-92-mi-ha-y-produccion-en-52-mi-ton\/","name":"Secretar\u00eda ajusta al alza estimaciones de ma\u00edz 24\/25 para 9,2 mi ha y producci\u00f3n en 52 mi ton - SAFRAS &amp; Mercado","isPartOf":{"@id":"https:\/\/safras.com.br\/es\/#website"},"primaryImageOfPage":{"@id":"https:\/\/safras.com.br\/es\/secretaria-ajusta-al-alza-estimaciones-de-maiz-24-25-para-92-mi-ha-y-produccion-en-52-mi-ton\/#primaryimage"},"image":{"@id":"https:\/\/safras.com.br\/es\/secretaria-ajusta-al-alza-estimaciones-de-maiz-24-25-para-92-mi-ha-y-produccion-en-52-mi-ton\/#primaryimage"},"thumbnailUrl":"https:\/\/safras.com.br\/es\/wp-content\/uploads\/2025\/01\/Maiz-Bahia-Blanca.jpg","datePublished":"2025-07-18T02:08:48+00:00","dateModified":"2025-07-18T02:09:51+00:00","breadcrumb":{"@id":"https:\/\/safras.com.br\/es\/secretaria-ajusta-al-alza-estimaciones-de-maiz-24-25-para-92-mi-ha-y-produccion-en-52-mi-ton\/#breadcrumb"},"inLanguage":"es","potentialAction":[{"@type":"ReadAction","target":["https:\/\/safras.com.br\/es\/secretaria-ajusta-al-alza-estimaciones-de-maiz-24-25-para-92-mi-ha-y-produccion-en-52-mi-ton\/"]}]},{"@type":"ImageObject","inLanguage":"es","@id":"https:\/\/safras.com.br\/es\/secretaria-ajusta-al-alza-estimaciones-de-maiz-24-25-para-92-mi-ha-y-produccion-en-52-mi-ton\/#primaryimage","url":"https:\/\/safras.com.br\/es\/wp-content\/uploads\/2025\/01\/Maiz-Bahia-Blanca.jpg","contentUrl":"https:\/\/safras.com.br\/es\/wp-content\/uploads\/2025\/01\/Maiz-Bahia-Blanca.jpg","width":1920,"height":1440,"caption":"Maiz en Bahia Blanca \/ Bolsa"},{"@type":"BreadcrumbList","@id":"https:\/\/safras.com.br\/es\/secretaria-ajusta-al-alza-estimaciones-de-maiz-24-25-para-92-mi-ha-y-produccion-en-52-mi-ton\/#breadcrumb","itemListElement":[{"@type":"ListItem","position":1,"name":"Portada","item":"https:\/\/safras.com.br\/es\/"},{"@type":"ListItem","position":2,"name":"Secretar\u00eda ajusta al alza estimaciones de ma\u00edz 24\/25 para 9,2 mi ha y producci\u00f3n en 52 mi ton"}]},{"@type":"WebSite","@id":"https:\/\/safras.com.br\/es\/#website","url":"https:\/\/safras.com.br\/es\/","name":"SAFRAS & Mercado","description":"El ecosistema de agronegocios","publisher":{"@id":"https:\/\/safras.com.br\/es\/#organization"},"potentialAction":[{"@type":"SearchAction","target":{"@type":"EntryPoint","urlTemplate":"https:\/\/safras.com.br\/es\/?s={search_term_string}"},"query-input":{"@type":"PropertyValueSpecification","valueRequired":true,"valueName":"search_term_string"}}],"inLanguage":"es"},{"@type":"Organization","@id":"https:\/\/safras.com.br\/es\/#organization","name":"SAFRAS & Mercado","url":"https:\/\/safras.com.br\/es\/","logo":{"@type":"ImageObject","inLanguage":"es","@id":"https:\/\/safras.com.br\/es\/#\/schema\/logo\/image\/","url":"https:\/\/safras.com.br\/es\/wp-content\/uploads\/2023\/01\/cropped-favicon.png","contentUrl":"https:\/\/safras.com.br\/es\/wp-content\/uploads\/2023\/01\/cropped-favicon.png","width":512,"height":512,"caption":"SAFRAS & Mercado"},"image":{"@id":"https:\/\/safras.com.br\/es\/#\/schema\/logo\/image\/"}},{"@type":"Person","@id":"https:\/\/safras.com.br\/es\/#\/schema\/person\/3416d9a13f71584c19d44af415b80774","name":"Julieta Marino","image":{"@type":"ImageObject","inLanguage":"es","@id":"https:\/\/safras.com.br\/es\/#\/schema\/person\/image\/","url":"https:\/\/secure.gravatar.com\/avatar\/edb9a909cb969bf70267c5bad4733db348b286011e3a47666fcbe2263cd5c089?s=96&d=mm&r=g","contentUrl":"https:\/\/secure.gravatar.com\/avatar\/edb9a909cb969bf70267c5bad4733db348b286011e3a47666fcbe2263cd5c089?s=96&d=mm&r=g","caption":"Julieta Marino"},"url":"https:\/\/safras.com.br\/es\/author\/sf_julieta\/"}]}},"_links":{"self":[{"href":"https:\/\/safras.com.br\/es\/wp-json\/wp\/v2\/posts\/66173","targetHints":{"allow":["GET"]}}],"collection":[{"href":"https:\/\/safras.com.br\/es\/wp-json\/wp\/v2\/posts"}],"about":[{"href":"https:\/\/safras.com.br\/es\/wp-json\/wp\/v2\/types\/post"}],"author":[{"embeddable":true,"href":"https:\/\/safras.com.br\/es\/wp-json\/wp\/v2\/users\/19"}],"replies":[{"embeddable":true,"href":"https:\/\/safras.com.br\/es\/wp-json\/wp\/v2\/comments?post=66173"}],"version-history":[{"count":1,"href":"https:\/\/safras.com.br\/es\/wp-json\/wp\/v2\/posts\/66173\/revisions"}],"predecessor-version":[{"id":66174,"href":"https:\/\/safras.com.br\/es\/wp-json\/wp\/v2\/posts\/66173\/revisions\/66174"}],"wp:featuredmedia":[{"embeddable":true,"href":"https:\/\/safras.com.br\/es\/wp-json\/wp\/v2\/media\/64611"}],"wp:attachment":[{"href":"https:\/\/safras.com.br\/es\/wp-json\/wp\/v2\/media?parent=66173"}],"wp:term":[{"taxonomy":"category","embeddable":true,"href":"https:\/\/safras.com.br\/es\/wp-json\/wp\/v2\/categories?post=66173"},{"taxonomy":"post_tag","embeddable":true,"href":"https:\/\/safras.com.br\/es\/wp-json\/wp\/v2\/tags?post=66173"},{"taxonomy":"commodity","embeddable":true,"href":"https:\/\/safras.com.br\/es\/wp-json\/wp\/v2\/commodity?post=66173"}],"curies":[{"name":"wp","href":"https:\/\/api.w.org\/{rel}","templated":true}]}}