{"id":65374,"date":"2025-05-06T11:57:34","date_gmt":"2025-05-06T14:57:34","guid":{"rendered":"https:\/\/safras.com.br\/es\/?p=65374"},"modified":"2025-05-06T11:57:34","modified_gmt":"2025-05-06T14:57:34","slug":"demoras-en-cosecha-de-soja-ralentizan-exportaciones-bcr","status":"publish","type":"post","link":"https:\/\/safras.com.br\/es\/demoras-en-cosecha-de-soja-ralentizan-exportaciones-bcr\/","title":{"rendered":"Demoras en cosecha de soja ralentizan exportaciones &#8211; BCR"},"content":{"rendered":"<p>Las lluvias del mes de abril retrasaron la cosecha de soja en Argentina, lo que tuvo un impacto en la exportaciones de dicho mes.<\/p>\n<p>Seg\u00fan informe de la Bolsa de Comercio de Rosario,el volumen embarcado se encuentra por detr\u00e1s de su promedio hist\u00f3rico, en tanto que si se suman los cinco principales productos de exportaci\u00f3n del campo argentino (poroto, harina y aceite de soja m\u00e1s ma\u00edz y trigo en grano) el total asciende a 6,92 millones de toneladas, una reducci\u00f3n del 12% respecto del mismo mes del a\u00f1o pasado, as\u00ed como tambi\u00e9n del promedio de los \u00faltimos cinco a\u00f1os.<\/p>\n<p>Respecto al complejo soja espec\u00edficamente, con embarques por 2,77 Mt, la ca\u00edda respecto al a\u00f1o anterior se ubica en el 12%, principalmente atribuible a los menores despachos de harina que se encuentran un 21% por debajo del promedio de las \u00faltimas campa\u00f1as.<\/p>\n<p>En contraste, las exportaciones de aceite estar\u00edan ascienden a 540.000 toneladas, un aumento de 14,5% contra mismo mes del a\u00f1o pasado y 6% por encima del promedio.<\/p>\n<p>&nbsp;<\/p>\n","protected":false},"excerpt":{"rendered":"<p>Las lluvias del mes de abril retrasaron la cosecha de soja en Argentina, lo que tuvo un impacto en la exportaciones de dicho mes. Seg\u00fan informe de la Bolsa de Comercio de Rosario,el volumen embarcado se encuentra por detr\u00e1s de su promedio hist\u00f3rico, en tanto que si se suman los cinco principales productos de exportaci\u00f3n [&hellip;]<\/p>\n","protected":false},"author":19,"featured_media":51193,"comment_status":"open","ping_status":"closed","sticky":false,"template":"","format":"standard","meta":{"_acf_changed":false,"footnotes":""},"categories":[267],"tags":[136],"commodity":[47],"class_list":["post-65374","post","type-post","status-publish","format-standard","has-post-thumbnail","hentry","category-agronegocio-es","tag-soja","commodity-soja"],"acf":[],"yoast_head":"<!-- This site is optimized with the Yoast SEO plugin v26.5 - https:\/\/yoast.com\/wordpress\/plugins\/seo\/ -->\n<title>Demoras en cosecha de soja ralentizan exportaciones - BCR - SAFRAS &amp; Mercado<\/title>\n<meta name=\"robots\" content=\"index, follow, max-snippet:-1, max-image-preview:large, max-video-preview:-1\" \/>\n<link rel=\"canonical\" href=\"https:\/\/safras.com.br\/es\/demoras-en-cosecha-de-soja-ralentizan-exportaciones-bcr\/\" \/>\n<meta property=\"og:locale\" content=\"es_ES\" \/>\n<meta property=\"og:type\" content=\"article\" \/>\n<meta property=\"og:title\" content=\"Demoras en cosecha de soja ralentizan exportaciones - BCR - SAFRAS &amp; Mercado\" \/>\n<meta property=\"og:description\" content=\"Las lluvias del mes de abril retrasaron la cosecha de soja en Argentina, lo que tuvo un impacto en la exportaciones de dicho mes. Seg\u00fan informe de la Bolsa de Comercio de Rosario,el volumen embarcado se encuentra por detr\u00e1s de su promedio hist\u00f3rico, en tanto que si se suman los cinco principales productos de exportaci\u00f3n [&hellip;]\" \/>\n<meta property=\"og:url\" content=\"https:\/\/safras.com.br\/es\/demoras-en-cosecha-de-soja-ralentizan-exportaciones-bcr\/\" \/>\n<meta property=\"og:site_name\" content=\"SAFRAS &amp; Mercado\" \/>\n<meta property=\"article:published_time\" content=\"2025-05-06T14:57:34+00:00\" \/>\n<meta property=\"og:image\" content=\"https:\/\/safras.com.br\/es\/wp-content\/uploads\/2023\/04\/soja-6-1.jpg\" \/>\n\t<meta property=\"og:image:width\" content=\"612\" \/>\n\t<meta property=\"og:image:height\" content=\"408\" \/>\n\t<meta property=\"og:image:type\" content=\"image\/jpeg\" \/>\n<meta name=\"author\" content=\"Julieta Marino\" \/>\n<meta name=\"twitter:card\" content=\"summary_large_image\" \/>\n<meta name=\"twitter:label1\" content=\"Escrito por\" \/>\n\t<meta name=\"twitter:data1\" content=\"Julieta Marino\" \/>\n\t<meta name=\"twitter:label2\" content=\"Tiempo de lectura\" \/>\n\t<meta name=\"twitter:data2\" content=\"1 minuto\" \/>\n<script type=\"application\/ld+json\" class=\"yoast-schema-graph\">{\"@context\":\"https:\/\/schema.org\",\"@graph\":[{\"@type\":\"Article\",\"@id\":\"https:\/\/safras.com.br\/es\/demoras-en-cosecha-de-soja-ralentizan-exportaciones-bcr\/#article\",\"isPartOf\":{\"@id\":\"https:\/\/safras.com.br\/es\/demoras-en-cosecha-de-soja-ralentizan-exportaciones-bcr\/\"},\"author\":{\"name\":\"Julieta Marino\",\"@id\":\"https:\/\/safras.com.br\/es\/#\/schema\/person\/3416d9a13f71584c19d44af415b80774\"},\"headline\":\"Demoras en cosecha de soja ralentizan exportaciones &#8211; BCR\",\"datePublished\":\"2025-05-06T14:57:34+00:00\",\"mainEntityOfPage\":{\"@id\":\"https:\/\/safras.com.br\/es\/demoras-en-cosecha-de-soja-ralentizan-exportaciones-bcr\/\"},\"wordCount\":187,\"commentCount\":0,\"publisher\":{\"@id\":\"https:\/\/safras.com.br\/es\/#organization\"},\"image\":{\"@id\":\"https:\/\/safras.com.br\/es\/demoras-en-cosecha-de-soja-ralentizan-exportaciones-bcr\/#primaryimage\"},\"thumbnailUrl\":\"https:\/\/safras.com.br\/es\/wp-content\/uploads\/2023\/04\/soja-6-1.jpg\",\"keywords\":[\"Soja\"],\"articleSection\":[\"Noticias Agronegocio\"],\"inLanguage\":\"es\",\"potentialAction\":[{\"@type\":\"CommentAction\",\"name\":\"Comment\",\"target\":[\"https:\/\/safras.com.br\/es\/demoras-en-cosecha-de-soja-ralentizan-exportaciones-bcr\/#respond\"]}]},{\"@type\":\"WebPage\",\"@id\":\"https:\/\/safras.com.br\/es\/demoras-en-cosecha-de-soja-ralentizan-exportaciones-bcr\/\",\"url\":\"https:\/\/safras.com.br\/es\/demoras-en-cosecha-de-soja-ralentizan-exportaciones-bcr\/\",\"name\":\"Demoras en cosecha de soja ralentizan exportaciones - BCR - SAFRAS &amp; Mercado\",\"isPartOf\":{\"@id\":\"https:\/\/safras.com.br\/es\/#website\"},\"primaryImageOfPage\":{\"@id\":\"https:\/\/safras.com.br\/es\/demoras-en-cosecha-de-soja-ralentizan-exportaciones-bcr\/#primaryimage\"},\"image\":{\"@id\":\"https:\/\/safras.com.br\/es\/demoras-en-cosecha-de-soja-ralentizan-exportaciones-bcr\/#primaryimage\"},\"thumbnailUrl\":\"https:\/\/safras.com.br\/es\/wp-content\/uploads\/2023\/04\/soja-6-1.jpg\",\"datePublished\":\"2025-05-06T14:57:34+00:00\",\"breadcrumb\":{\"@id\":\"https:\/\/safras.com.br\/es\/demoras-en-cosecha-de-soja-ralentizan-exportaciones-bcr\/#breadcrumb\"},\"inLanguage\":\"es\",\"potentialAction\":[{\"@type\":\"ReadAction\",\"target\":[\"https:\/\/safras.com.br\/es\/demoras-en-cosecha-de-soja-ralentizan-exportaciones-bcr\/\"]}]},{\"@type\":\"ImageObject\",\"inLanguage\":\"es\",\"@id\":\"https:\/\/safras.com.br\/es\/demoras-en-cosecha-de-soja-ralentizan-exportaciones-bcr\/#primaryimage\",\"url\":\"https:\/\/safras.com.br\/es\/wp-content\/uploads\/2023\/04\/soja-6-1.jpg\",\"contentUrl\":\"https:\/\/safras.com.br\/es\/wp-content\/uploads\/2023\/04\/soja-6-1.jpg\",\"width\":612,\"height\":408,\"caption\":\"Granos de soja \/ Pixabay\"},{\"@type\":\"BreadcrumbList\",\"@id\":\"https:\/\/safras.com.br\/es\/demoras-en-cosecha-de-soja-ralentizan-exportaciones-bcr\/#breadcrumb\",\"itemListElement\":[{\"@type\":\"ListItem\",\"position\":1,\"name\":\"Portada\",\"item\":\"https:\/\/safras.com.br\/es\/\"},{\"@type\":\"ListItem\",\"position\":2,\"name\":\"Demoras en cosecha de soja ralentizan exportaciones &#8211; BCR\"}]},{\"@type\":\"WebSite\",\"@id\":\"https:\/\/safras.com.br\/es\/#website\",\"url\":\"https:\/\/safras.com.br\/es\/\",\"name\":\"SAFRAS & Mercado\",\"description\":\"El ecosistema de agronegocios\",\"publisher\":{\"@id\":\"https:\/\/safras.com.br\/es\/#organization\"},\"potentialAction\":[{\"@type\":\"SearchAction\",\"target\":{\"@type\":\"EntryPoint\",\"urlTemplate\":\"https:\/\/safras.com.br\/es\/?s={search_term_string}\"},\"query-input\":{\"@type\":\"PropertyValueSpecification\",\"valueRequired\":true,\"valueName\":\"search_term_string\"}}],\"inLanguage\":\"es\"},{\"@type\":\"Organization\",\"@id\":\"https:\/\/safras.com.br\/es\/#organization\",\"name\":\"SAFRAS & Mercado\",\"url\":\"https:\/\/safras.com.br\/es\/\",\"logo\":{\"@type\":\"ImageObject\",\"inLanguage\":\"es\",\"@id\":\"https:\/\/safras.com.br\/es\/#\/schema\/logo\/image\/\",\"url\":\"https:\/\/safras.com.br\/es\/wp-content\/uploads\/2023\/01\/cropped-favicon.png\",\"contentUrl\":\"https:\/\/safras.com.br\/es\/wp-content\/uploads\/2023\/01\/cropped-favicon.png\",\"width\":512,\"height\":512,\"caption\":\"SAFRAS & Mercado\"},\"image\":{\"@id\":\"https:\/\/safras.com.br\/es\/#\/schema\/logo\/image\/\"}},{\"@type\":\"Person\",\"@id\":\"https:\/\/safras.com.br\/es\/#\/schema\/person\/3416d9a13f71584c19d44af415b80774\",\"name\":\"Julieta Marino\",\"image\":{\"@type\":\"ImageObject\",\"inLanguage\":\"es\",\"@id\":\"https:\/\/safras.com.br\/es\/#\/schema\/person\/image\/\",\"url\":\"https:\/\/secure.gravatar.com\/avatar\/edb9a909cb969bf70267c5bad4733db348b286011e3a47666fcbe2263cd5c089?s=96&d=mm&r=g\",\"contentUrl\":\"https:\/\/secure.gravatar.com\/avatar\/edb9a909cb969bf70267c5bad4733db348b286011e3a47666fcbe2263cd5c089?s=96&d=mm&r=g\",\"caption\":\"Julieta Marino\"},\"url\":\"https:\/\/safras.com.br\/es\/author\/sf_julieta\/\"}]}<\/script>\n<!-- \/ Yoast SEO plugin. -->","yoast_head_json":{"title":"Demoras en cosecha de soja ralentizan exportaciones - BCR - SAFRAS &amp; Mercado","robots":{"index":"index","follow":"follow","max-snippet":"max-snippet:-1","max-image-preview":"max-image-preview:large","max-video-preview":"max-video-preview:-1"},"canonical":"https:\/\/safras.com.br\/es\/demoras-en-cosecha-de-soja-ralentizan-exportaciones-bcr\/","og_locale":"es_ES","og_type":"article","og_title":"Demoras en cosecha de soja ralentizan exportaciones - BCR - SAFRAS &amp; Mercado","og_description":"Las lluvias del mes de abril retrasaron la cosecha de soja en Argentina, lo que tuvo un impacto en la exportaciones de dicho mes. Seg\u00fan informe de la Bolsa de Comercio de Rosario,el volumen embarcado se encuentra por detr\u00e1s de su promedio hist\u00f3rico, en tanto que si se suman los cinco principales productos de exportaci\u00f3n [&hellip;]","og_url":"https:\/\/safras.com.br\/es\/demoras-en-cosecha-de-soja-ralentizan-exportaciones-bcr\/","og_site_name":"SAFRAS &amp; Mercado","article_published_time":"2025-05-06T14:57:34+00:00","og_image":[{"width":612,"height":408,"url":"https:\/\/safras.com.br\/es\/wp-content\/uploads\/2023\/04\/soja-6-1.jpg","type":"image\/jpeg"}],"author":"Julieta Marino","twitter_card":"summary_large_image","twitter_misc":{"Escrito por":"Julieta Marino","Tiempo de lectura":"1 minuto"},"schema":{"@context":"https:\/\/schema.org","@graph":[{"@type":"Article","@id":"https:\/\/safras.com.br\/es\/demoras-en-cosecha-de-soja-ralentizan-exportaciones-bcr\/#article","isPartOf":{"@id":"https:\/\/safras.com.br\/es\/demoras-en-cosecha-de-soja-ralentizan-exportaciones-bcr\/"},"author":{"name":"Julieta Marino","@id":"https:\/\/safras.com.br\/es\/#\/schema\/person\/3416d9a13f71584c19d44af415b80774"},"headline":"Demoras en cosecha de soja ralentizan exportaciones &#8211; BCR","datePublished":"2025-05-06T14:57:34+00:00","mainEntityOfPage":{"@id":"https:\/\/safras.com.br\/es\/demoras-en-cosecha-de-soja-ralentizan-exportaciones-bcr\/"},"wordCount":187,"commentCount":0,"publisher":{"@id":"https:\/\/safras.com.br\/es\/#organization"},"image":{"@id":"https:\/\/safras.com.br\/es\/demoras-en-cosecha-de-soja-ralentizan-exportaciones-bcr\/#primaryimage"},"thumbnailUrl":"https:\/\/safras.com.br\/es\/wp-content\/uploads\/2023\/04\/soja-6-1.jpg","keywords":["Soja"],"articleSection":["Noticias Agronegocio"],"inLanguage":"es","potentialAction":[{"@type":"CommentAction","name":"Comment","target":["https:\/\/safras.com.br\/es\/demoras-en-cosecha-de-soja-ralentizan-exportaciones-bcr\/#respond"]}]},{"@type":"WebPage","@id":"https:\/\/safras.com.br\/es\/demoras-en-cosecha-de-soja-ralentizan-exportaciones-bcr\/","url":"https:\/\/safras.com.br\/es\/demoras-en-cosecha-de-soja-ralentizan-exportaciones-bcr\/","name":"Demoras en cosecha de soja ralentizan exportaciones - BCR - SAFRAS &amp; Mercado","isPartOf":{"@id":"https:\/\/safras.com.br\/es\/#website"},"primaryImageOfPage":{"@id":"https:\/\/safras.com.br\/es\/demoras-en-cosecha-de-soja-ralentizan-exportaciones-bcr\/#primaryimage"},"image":{"@id":"https:\/\/safras.com.br\/es\/demoras-en-cosecha-de-soja-ralentizan-exportaciones-bcr\/#primaryimage"},"thumbnailUrl":"https:\/\/safras.com.br\/es\/wp-content\/uploads\/2023\/04\/soja-6-1.jpg","datePublished":"2025-05-06T14:57:34+00:00","breadcrumb":{"@id":"https:\/\/safras.com.br\/es\/demoras-en-cosecha-de-soja-ralentizan-exportaciones-bcr\/#breadcrumb"},"inLanguage":"es","potentialAction":[{"@type":"ReadAction","target":["https:\/\/safras.com.br\/es\/demoras-en-cosecha-de-soja-ralentizan-exportaciones-bcr\/"]}]},{"@type":"ImageObject","inLanguage":"es","@id":"https:\/\/safras.com.br\/es\/demoras-en-cosecha-de-soja-ralentizan-exportaciones-bcr\/#primaryimage","url":"https:\/\/safras.com.br\/es\/wp-content\/uploads\/2023\/04\/soja-6-1.jpg","contentUrl":"https:\/\/safras.com.br\/es\/wp-content\/uploads\/2023\/04\/soja-6-1.jpg","width":612,"height":408,"caption":"Granos de soja \/ Pixabay"},{"@type":"BreadcrumbList","@id":"https:\/\/safras.com.br\/es\/demoras-en-cosecha-de-soja-ralentizan-exportaciones-bcr\/#breadcrumb","itemListElement":[{"@type":"ListItem","position":1,"name":"Portada","item":"https:\/\/safras.com.br\/es\/"},{"@type":"ListItem","position":2,"name":"Demoras en cosecha de soja ralentizan exportaciones &#8211; BCR"}]},{"@type":"WebSite","@id":"https:\/\/safras.com.br\/es\/#website","url":"https:\/\/safras.com.br\/es\/","name":"SAFRAS & Mercado","description":"El ecosistema de agronegocios","publisher":{"@id":"https:\/\/safras.com.br\/es\/#organization"},"potentialAction":[{"@type":"SearchAction","target":{"@type":"EntryPoint","urlTemplate":"https:\/\/safras.com.br\/es\/?s={search_term_string}"},"query-input":{"@type":"PropertyValueSpecification","valueRequired":true,"valueName":"search_term_string"}}],"inLanguage":"es"},{"@type":"Organization","@id":"https:\/\/safras.com.br\/es\/#organization","name":"SAFRAS & Mercado","url":"https:\/\/safras.com.br\/es\/","logo":{"@type":"ImageObject","inLanguage":"es","@id":"https:\/\/safras.com.br\/es\/#\/schema\/logo\/image\/","url":"https:\/\/safras.com.br\/es\/wp-content\/uploads\/2023\/01\/cropped-favicon.png","contentUrl":"https:\/\/safras.com.br\/es\/wp-content\/uploads\/2023\/01\/cropped-favicon.png","width":512,"height":512,"caption":"SAFRAS & Mercado"},"image":{"@id":"https:\/\/safras.com.br\/es\/#\/schema\/logo\/image\/"}},{"@type":"Person","@id":"https:\/\/safras.com.br\/es\/#\/schema\/person\/3416d9a13f71584c19d44af415b80774","name":"Julieta Marino","image":{"@type":"ImageObject","inLanguage":"es","@id":"https:\/\/safras.com.br\/es\/#\/schema\/person\/image\/","url":"https:\/\/secure.gravatar.com\/avatar\/edb9a909cb969bf70267c5bad4733db348b286011e3a47666fcbe2263cd5c089?s=96&d=mm&r=g","contentUrl":"https:\/\/secure.gravatar.com\/avatar\/edb9a909cb969bf70267c5bad4733db348b286011e3a47666fcbe2263cd5c089?s=96&d=mm&r=g","caption":"Julieta Marino"},"url":"https:\/\/safras.com.br\/es\/author\/sf_julieta\/"}]}},"_links":{"self":[{"href":"https:\/\/safras.com.br\/es\/wp-json\/wp\/v2\/posts\/65374","targetHints":{"allow":["GET"]}}],"collection":[{"href":"https:\/\/safras.com.br\/es\/wp-json\/wp\/v2\/posts"}],"about":[{"href":"https:\/\/safras.com.br\/es\/wp-json\/wp\/v2\/types\/post"}],"author":[{"embeddable":true,"href":"https:\/\/safras.com.br\/es\/wp-json\/wp\/v2\/users\/19"}],"replies":[{"embeddable":true,"href":"https:\/\/safras.com.br\/es\/wp-json\/wp\/v2\/comments?post=65374"}],"version-history":[{"count":1,"href":"https:\/\/safras.com.br\/es\/wp-json\/wp\/v2\/posts\/65374\/revisions"}],"predecessor-version":[{"id":65375,"href":"https:\/\/safras.com.br\/es\/wp-json\/wp\/v2\/posts\/65374\/revisions\/65375"}],"wp:featuredmedia":[{"embeddable":true,"href":"https:\/\/safras.com.br\/es\/wp-json\/wp\/v2\/media\/51193"}],"wp:attachment":[{"href":"https:\/\/safras.com.br\/es\/wp-json\/wp\/v2\/media?parent=65374"}],"wp:term":[{"taxonomy":"category","embeddable":true,"href":"https:\/\/safras.com.br\/es\/wp-json\/wp\/v2\/categories?post=65374"},{"taxonomy":"post_tag","embeddable":true,"href":"https:\/\/safras.com.br\/es\/wp-json\/wp\/v2\/tags?post=65374"},{"taxonomy":"commodity","embeddable":true,"href":"https:\/\/safras.com.br\/es\/wp-json\/wp\/v2\/commodity?post=65374"}],"curies":[{"name":"wp","href":"https:\/\/api.w.org\/{rel}","templated":true}]}}