{"id":65369,"date":"2025-05-05T16:47:54","date_gmt":"2025-05-05T19:47:54","guid":{"rendered":"https:\/\/safras.com.br\/es\/?p=65369"},"modified":"2025-05-05T16:47:54","modified_gmt":"2025-05-05T19:47:54","slug":"consumo-de-carne-en-uruguay-sube-5-0-kg-hab-en-base-anual-durante-2024-inac","status":"publish","type":"post","link":"https:\/\/safras.com.br\/es\/consumo-de-carne-en-uruguay-sube-5-0-kg-hab-en-base-anual-durante-2024-inac\/","title":{"rendered":"Consumo de carne en Uruguay sube 5.0 kg\/hab en base anual durante 2024 &#8211; INAC"},"content":{"rendered":"<p>En el a\u00f1o 2024 el consumo total estimado de prote\u00edna c\u00e1rnica alcanz\u00f3 los 99.3 kg\/hab\/a\u00f1o, observ\u00e1ndose un crecimiento de 5.0 kg\/hab con respecto al a\u00f1o anterior, inform\u00f3 el Instituto Nacional de Carnes (INAC).<\/p>\n<p>El consumo de carne bovina cerr\u00f3 el a\u00f1o 2024 con 48.3 kg\/hab\/a\u00f1o, produci\u00e9ndose un aumento de 3.0 kg\/hab\/a\u00f1o respecto al a\u00f1o previo. La segunda carne m\u00e1s consumida en Uruguay es la carne aviar. Desde 2019 mantiene una trayectoria ascendente, observ\u00e1ndose un crecimiento m\u00e1s pronunciado en 2021 (2,9 kg\/hab\/a\u00f1o).<\/p>\n<p>Luego de la expansi\u00f3n observada en los a\u00f1os 2022 y 2023 para la carne ovina, en el a\u00f1o 2024 se produce un descenso de 0.4 kg\/hab\/a\u00f1o.<\/p>\n","protected":false},"excerpt":{"rendered":"<p>En el a\u00f1o 2024 el consumo total estimado de prote\u00edna c\u00e1rnica alcanz\u00f3 los 99.3 kg\/hab\/a\u00f1o, observ\u00e1ndose un crecimiento de 5.0 kg\/hab con respecto al a\u00f1o anterior, inform\u00f3 el Instituto Nacional de Carnes (INAC). El consumo de carne bovina cerr\u00f3 el a\u00f1o 2024 con 48.3 kg\/hab\/a\u00f1o, produci\u00e9ndose un aumento de 3.0 kg\/hab\/a\u00f1o respecto al a\u00f1o previo. [&hellip;]<\/p>\n","protected":false},"author":28,"featured_media":63870,"comment_status":"open","ping_status":"closed","sticky":false,"template":"","format":"standard","meta":{"_acf_changed":false,"footnotes":""},"categories":[267],"tags":[327,113],"commodity":[],"class_list":["post-65369","post","type-post","status-publish","format-standard","has-post-thumbnail","hentry","category-agronegocio-es","tag-carnes-es","tag-uruguay"],"acf":[],"yoast_head":"<!-- This site is optimized with the Yoast SEO plugin v26.5 - https:\/\/yoast.com\/wordpress\/plugins\/seo\/ -->\n<title>Consumo de carne en Uruguay sube 5.0 kg\/hab en base anual durante 2024 - INAC - SAFRAS &amp; Mercado<\/title>\n<meta name=\"robots\" content=\"index, follow, max-snippet:-1, max-image-preview:large, max-video-preview:-1\" \/>\n<link rel=\"canonical\" href=\"https:\/\/safras.com.br\/es\/consumo-de-carne-en-uruguay-sube-5-0-kg-hab-en-base-anual-durante-2024-inac\/\" \/>\n<meta property=\"og:locale\" content=\"es_ES\" \/>\n<meta property=\"og:type\" content=\"article\" \/>\n<meta property=\"og:title\" content=\"Consumo de carne en Uruguay sube 5.0 kg\/hab en base anual durante 2024 - INAC - SAFRAS &amp; Mercado\" \/>\n<meta property=\"og:description\" content=\"En el a\u00f1o 2024 el consumo total estimado de prote\u00edna c\u00e1rnica alcanz\u00f3 los 99.3 kg\/hab\/a\u00f1o, observ\u00e1ndose un crecimiento de 5.0 kg\/hab con respecto al a\u00f1o anterior, inform\u00f3 el Instituto Nacional de Carnes (INAC). El consumo de carne bovina cerr\u00f3 el a\u00f1o 2024 con 48.3 kg\/hab\/a\u00f1o, produci\u00e9ndose un aumento de 3.0 kg\/hab\/a\u00f1o respecto al a\u00f1o previo. [&hellip;]\" \/>\n<meta property=\"og:url\" content=\"https:\/\/safras.com.br\/es\/consumo-de-carne-en-uruguay-sube-5-0-kg-hab-en-base-anual-durante-2024-inac\/\" \/>\n<meta property=\"og:site_name\" content=\"SAFRAS &amp; Mercado\" \/>\n<meta property=\"article:published_time\" content=\"2025-05-05T19:47:54+00:00\" \/>\n<meta property=\"og:image\" content=\"https:\/\/safras.com.br\/es\/wp-content\/uploads\/2022\/03\/carnes-freeimages-1.jpg\" \/>\n\t<meta property=\"og:image:width\" content=\"560\" \/>\n\t<meta property=\"og:image:height\" content=\"420\" \/>\n\t<meta property=\"og:image:type\" content=\"image\/jpeg\" \/>\n<meta name=\"author\" content=\"geronimo kener\" \/>\n<meta name=\"twitter:card\" content=\"summary_large_image\" \/>\n<meta name=\"twitter:label1\" content=\"Escrito por\" \/>\n\t<meta name=\"twitter:data1\" content=\"geronimo kener\" \/>\n\t<meta name=\"twitter:label2\" content=\"Tiempo de lectura\" \/>\n\t<meta name=\"twitter:data2\" content=\"1 minuto\" \/>\n<script type=\"application\/ld+json\" class=\"yoast-schema-graph\">{\"@context\":\"https:\/\/schema.org\",\"@graph\":[{\"@type\":\"Article\",\"@id\":\"https:\/\/safras.com.br\/es\/consumo-de-carne-en-uruguay-sube-5-0-kg-hab-en-base-anual-durante-2024-inac\/#article\",\"isPartOf\":{\"@id\":\"https:\/\/safras.com.br\/es\/consumo-de-carne-en-uruguay-sube-5-0-kg-hab-en-base-anual-durante-2024-inac\/\"},\"author\":{\"name\":\"geronimo kener\",\"@id\":\"https:\/\/safras.com.br\/es\/#\/schema\/person\/3c7009f94cf442d9df6f2cd1eedd0bfd\"},\"headline\":\"Consumo de carne en Uruguay sube 5.0 kg\/hab en base anual durante 2024 &#8211; INAC\",\"datePublished\":\"2025-05-05T19:47:54+00:00\",\"mainEntityOfPage\":{\"@id\":\"https:\/\/safras.com.br\/es\/consumo-de-carne-en-uruguay-sube-5-0-kg-hab-en-base-anual-durante-2024-inac\/\"},\"wordCount\":138,\"commentCount\":93,\"publisher\":{\"@id\":\"https:\/\/safras.com.br\/es\/#organization\"},\"image\":{\"@id\":\"https:\/\/safras.com.br\/es\/consumo-de-carne-en-uruguay-sube-5-0-kg-hab-en-base-anual-durante-2024-inac\/#primaryimage\"},\"thumbnailUrl\":\"https:\/\/safras.com.br\/es\/wp-content\/uploads\/2022\/03\/carnes-freeimages-1.jpg\",\"keywords\":[\"carnes\",\"Uruguay\"],\"articleSection\":[\"Noticias Agronegocio\"],\"inLanguage\":\"es\",\"potentialAction\":[{\"@type\":\"CommentAction\",\"name\":\"Comment\",\"target\":[\"https:\/\/safras.com.br\/es\/consumo-de-carne-en-uruguay-sube-5-0-kg-hab-en-base-anual-durante-2024-inac\/#respond\"]}]},{\"@type\":\"WebPage\",\"@id\":\"https:\/\/safras.com.br\/es\/consumo-de-carne-en-uruguay-sube-5-0-kg-hab-en-base-anual-durante-2024-inac\/\",\"url\":\"https:\/\/safras.com.br\/es\/consumo-de-carne-en-uruguay-sube-5-0-kg-hab-en-base-anual-durante-2024-inac\/\",\"name\":\"Consumo de carne en Uruguay sube 5.0 kg\/hab en base anual durante 2024 - INAC - SAFRAS &amp; Mercado\",\"isPartOf\":{\"@id\":\"https:\/\/safras.com.br\/es\/#website\"},\"primaryImageOfPage\":{\"@id\":\"https:\/\/safras.com.br\/es\/consumo-de-carne-en-uruguay-sube-5-0-kg-hab-en-base-anual-durante-2024-inac\/#primaryimage\"},\"image\":{\"@id\":\"https:\/\/safras.com.br\/es\/consumo-de-carne-en-uruguay-sube-5-0-kg-hab-en-base-anual-durante-2024-inac\/#primaryimage\"},\"thumbnailUrl\":\"https:\/\/safras.com.br\/es\/wp-content\/uploads\/2022\/03\/carnes-freeimages-1.jpg\",\"datePublished\":\"2025-05-05T19:47:54+00:00\",\"breadcrumb\":{\"@id\":\"https:\/\/safras.com.br\/es\/consumo-de-carne-en-uruguay-sube-5-0-kg-hab-en-base-anual-durante-2024-inac\/#breadcrumb\"},\"inLanguage\":\"es\",\"potentialAction\":[{\"@type\":\"ReadAction\",\"target\":[\"https:\/\/safras.com.br\/es\/consumo-de-carne-en-uruguay-sube-5-0-kg-hab-en-base-anual-durante-2024-inac\/\"]}]},{\"@type\":\"ImageObject\",\"inLanguage\":\"es\",\"@id\":\"https:\/\/safras.com.br\/es\/consumo-de-carne-en-uruguay-sube-5-0-kg-hab-en-base-anual-durante-2024-inac\/#primaryimage\",\"url\":\"https:\/\/safras.com.br\/es\/wp-content\/uploads\/2022\/03\/carnes-freeimages-1.jpg\",\"contentUrl\":\"https:\/\/safras.com.br\/es\/wp-content\/uploads\/2022\/03\/carnes-freeimages-1.jpg\",\"width\":560,\"height\":420,\"caption\":\"Carnes \/Freeimages\"},{\"@type\":\"BreadcrumbList\",\"@id\":\"https:\/\/safras.com.br\/es\/consumo-de-carne-en-uruguay-sube-5-0-kg-hab-en-base-anual-durante-2024-inac\/#breadcrumb\",\"itemListElement\":[{\"@type\":\"ListItem\",\"position\":1,\"name\":\"Portada\",\"item\":\"https:\/\/safras.com.br\/es\/\"},{\"@type\":\"ListItem\",\"position\":2,\"name\":\"Consumo de carne en Uruguay sube 5.0 kg\/hab en base anual durante 2024 &#8211; INAC\"}]},{\"@type\":\"WebSite\",\"@id\":\"https:\/\/safras.com.br\/es\/#website\",\"url\":\"https:\/\/safras.com.br\/es\/\",\"name\":\"SAFRAS & Mercado\",\"description\":\"El ecosistema de agronegocios\",\"publisher\":{\"@id\":\"https:\/\/safras.com.br\/es\/#organization\"},\"potentialAction\":[{\"@type\":\"SearchAction\",\"target\":{\"@type\":\"EntryPoint\",\"urlTemplate\":\"https:\/\/safras.com.br\/es\/?s={search_term_string}\"},\"query-input\":{\"@type\":\"PropertyValueSpecification\",\"valueRequired\":true,\"valueName\":\"search_term_string\"}}],\"inLanguage\":\"es\"},{\"@type\":\"Organization\",\"@id\":\"https:\/\/safras.com.br\/es\/#organization\",\"name\":\"SAFRAS & Mercado\",\"url\":\"https:\/\/safras.com.br\/es\/\",\"logo\":{\"@type\":\"ImageObject\",\"inLanguage\":\"es\",\"@id\":\"https:\/\/safras.com.br\/es\/#\/schema\/logo\/image\/\",\"url\":\"https:\/\/safras.com.br\/es\/wp-content\/uploads\/2023\/01\/cropped-favicon.png\",\"contentUrl\":\"https:\/\/safras.com.br\/es\/wp-content\/uploads\/2023\/01\/cropped-favicon.png\",\"width\":512,\"height\":512,\"caption\":\"SAFRAS & Mercado\"},\"image\":{\"@id\":\"https:\/\/safras.com.br\/es\/#\/schema\/logo\/image\/\"}},{\"@type\":\"Person\",\"@id\":\"https:\/\/safras.com.br\/es\/#\/schema\/person\/3c7009f94cf442d9df6f2cd1eedd0bfd\",\"name\":\"geronimo kener\",\"image\":{\"@type\":\"ImageObject\",\"inLanguage\":\"es\",\"@id\":\"https:\/\/safras.com.br\/es\/#\/schema\/person\/image\/\",\"url\":\"https:\/\/secure.gravatar.com\/avatar\/97803e93b95c46f5640aea59976da81aba4ba2ddb9a9f119122d0a068646612f?s=96&d=mm&r=g\",\"contentUrl\":\"https:\/\/secure.gravatar.com\/avatar\/97803e93b95c46f5640aea59976da81aba4ba2ddb9a9f119122d0a068646612f?s=96&d=mm&r=g\",\"caption\":\"geronimo kener\"},\"sameAs\":[\"http:\/\/safras.com.br\/es\"],\"url\":\"https:\/\/safras.com.br\/es\/author\/geronimo-kener\/\"}]}<\/script>\n<!-- \/ Yoast SEO plugin. -->","yoast_head_json":{"title":"Consumo de carne en Uruguay sube 5.0 kg\/hab en base anual durante 2024 - INAC - SAFRAS &amp; Mercado","robots":{"index":"index","follow":"follow","max-snippet":"max-snippet:-1","max-image-preview":"max-image-preview:large","max-video-preview":"max-video-preview:-1"},"canonical":"https:\/\/safras.com.br\/es\/consumo-de-carne-en-uruguay-sube-5-0-kg-hab-en-base-anual-durante-2024-inac\/","og_locale":"es_ES","og_type":"article","og_title":"Consumo de carne en Uruguay sube 5.0 kg\/hab en base anual durante 2024 - INAC - SAFRAS &amp; Mercado","og_description":"En el a\u00f1o 2024 el consumo total estimado de prote\u00edna c\u00e1rnica alcanz\u00f3 los 99.3 kg\/hab\/a\u00f1o, observ\u00e1ndose un crecimiento de 5.0 kg\/hab con respecto al a\u00f1o anterior, inform\u00f3 el Instituto Nacional de Carnes (INAC). El consumo de carne bovina cerr\u00f3 el a\u00f1o 2024 con 48.3 kg\/hab\/a\u00f1o, produci\u00e9ndose un aumento de 3.0 kg\/hab\/a\u00f1o respecto al a\u00f1o previo. [&hellip;]","og_url":"https:\/\/safras.com.br\/es\/consumo-de-carne-en-uruguay-sube-5-0-kg-hab-en-base-anual-durante-2024-inac\/","og_site_name":"SAFRAS &amp; Mercado","article_published_time":"2025-05-05T19:47:54+00:00","og_image":[{"width":560,"height":420,"url":"https:\/\/safras.com.br\/es\/wp-content\/uploads\/2022\/03\/carnes-freeimages-1.jpg","type":"image\/jpeg"}],"author":"geronimo kener","twitter_card":"summary_large_image","twitter_misc":{"Escrito por":"geronimo kener","Tiempo de lectura":"1 minuto"},"schema":{"@context":"https:\/\/schema.org","@graph":[{"@type":"Article","@id":"https:\/\/safras.com.br\/es\/consumo-de-carne-en-uruguay-sube-5-0-kg-hab-en-base-anual-durante-2024-inac\/#article","isPartOf":{"@id":"https:\/\/safras.com.br\/es\/consumo-de-carne-en-uruguay-sube-5-0-kg-hab-en-base-anual-durante-2024-inac\/"},"author":{"name":"geronimo kener","@id":"https:\/\/safras.com.br\/es\/#\/schema\/person\/3c7009f94cf442d9df6f2cd1eedd0bfd"},"headline":"Consumo de carne en Uruguay sube 5.0 kg\/hab en base anual durante 2024 &#8211; INAC","datePublished":"2025-05-05T19:47:54+00:00","mainEntityOfPage":{"@id":"https:\/\/safras.com.br\/es\/consumo-de-carne-en-uruguay-sube-5-0-kg-hab-en-base-anual-durante-2024-inac\/"},"wordCount":138,"commentCount":93,"publisher":{"@id":"https:\/\/safras.com.br\/es\/#organization"},"image":{"@id":"https:\/\/safras.com.br\/es\/consumo-de-carne-en-uruguay-sube-5-0-kg-hab-en-base-anual-durante-2024-inac\/#primaryimage"},"thumbnailUrl":"https:\/\/safras.com.br\/es\/wp-content\/uploads\/2022\/03\/carnes-freeimages-1.jpg","keywords":["carnes","Uruguay"],"articleSection":["Noticias Agronegocio"],"inLanguage":"es","potentialAction":[{"@type":"CommentAction","name":"Comment","target":["https:\/\/safras.com.br\/es\/consumo-de-carne-en-uruguay-sube-5-0-kg-hab-en-base-anual-durante-2024-inac\/#respond"]}]},{"@type":"WebPage","@id":"https:\/\/safras.com.br\/es\/consumo-de-carne-en-uruguay-sube-5-0-kg-hab-en-base-anual-durante-2024-inac\/","url":"https:\/\/safras.com.br\/es\/consumo-de-carne-en-uruguay-sube-5-0-kg-hab-en-base-anual-durante-2024-inac\/","name":"Consumo de carne en Uruguay sube 5.0 kg\/hab en base anual durante 2024 - INAC - SAFRAS &amp; Mercado","isPartOf":{"@id":"https:\/\/safras.com.br\/es\/#website"},"primaryImageOfPage":{"@id":"https:\/\/safras.com.br\/es\/consumo-de-carne-en-uruguay-sube-5-0-kg-hab-en-base-anual-durante-2024-inac\/#primaryimage"},"image":{"@id":"https:\/\/safras.com.br\/es\/consumo-de-carne-en-uruguay-sube-5-0-kg-hab-en-base-anual-durante-2024-inac\/#primaryimage"},"thumbnailUrl":"https:\/\/safras.com.br\/es\/wp-content\/uploads\/2022\/03\/carnes-freeimages-1.jpg","datePublished":"2025-05-05T19:47:54+00:00","breadcrumb":{"@id":"https:\/\/safras.com.br\/es\/consumo-de-carne-en-uruguay-sube-5-0-kg-hab-en-base-anual-durante-2024-inac\/#breadcrumb"},"inLanguage":"es","potentialAction":[{"@type":"ReadAction","target":["https:\/\/safras.com.br\/es\/consumo-de-carne-en-uruguay-sube-5-0-kg-hab-en-base-anual-durante-2024-inac\/"]}]},{"@type":"ImageObject","inLanguage":"es","@id":"https:\/\/safras.com.br\/es\/consumo-de-carne-en-uruguay-sube-5-0-kg-hab-en-base-anual-durante-2024-inac\/#primaryimage","url":"https:\/\/safras.com.br\/es\/wp-content\/uploads\/2022\/03\/carnes-freeimages-1.jpg","contentUrl":"https:\/\/safras.com.br\/es\/wp-content\/uploads\/2022\/03\/carnes-freeimages-1.jpg","width":560,"height":420,"caption":"Carnes \/Freeimages"},{"@type":"BreadcrumbList","@id":"https:\/\/safras.com.br\/es\/consumo-de-carne-en-uruguay-sube-5-0-kg-hab-en-base-anual-durante-2024-inac\/#breadcrumb","itemListElement":[{"@type":"ListItem","position":1,"name":"Portada","item":"https:\/\/safras.com.br\/es\/"},{"@type":"ListItem","position":2,"name":"Consumo de carne en Uruguay sube 5.0 kg\/hab en base anual durante 2024 &#8211; INAC"}]},{"@type":"WebSite","@id":"https:\/\/safras.com.br\/es\/#website","url":"https:\/\/safras.com.br\/es\/","name":"SAFRAS & Mercado","description":"El ecosistema de agronegocios","publisher":{"@id":"https:\/\/safras.com.br\/es\/#organization"},"potentialAction":[{"@type":"SearchAction","target":{"@type":"EntryPoint","urlTemplate":"https:\/\/safras.com.br\/es\/?s={search_term_string}"},"query-input":{"@type":"PropertyValueSpecification","valueRequired":true,"valueName":"search_term_string"}}],"inLanguage":"es"},{"@type":"Organization","@id":"https:\/\/safras.com.br\/es\/#organization","name":"SAFRAS & Mercado","url":"https:\/\/safras.com.br\/es\/","logo":{"@type":"ImageObject","inLanguage":"es","@id":"https:\/\/safras.com.br\/es\/#\/schema\/logo\/image\/","url":"https:\/\/safras.com.br\/es\/wp-content\/uploads\/2023\/01\/cropped-favicon.png","contentUrl":"https:\/\/safras.com.br\/es\/wp-content\/uploads\/2023\/01\/cropped-favicon.png","width":512,"height":512,"caption":"SAFRAS & Mercado"},"image":{"@id":"https:\/\/safras.com.br\/es\/#\/schema\/logo\/image\/"}},{"@type":"Person","@id":"https:\/\/safras.com.br\/es\/#\/schema\/person\/3c7009f94cf442d9df6f2cd1eedd0bfd","name":"geronimo kener","image":{"@type":"ImageObject","inLanguage":"es","@id":"https:\/\/safras.com.br\/es\/#\/schema\/person\/image\/","url":"https:\/\/secure.gravatar.com\/avatar\/97803e93b95c46f5640aea59976da81aba4ba2ddb9a9f119122d0a068646612f?s=96&d=mm&r=g","contentUrl":"https:\/\/secure.gravatar.com\/avatar\/97803e93b95c46f5640aea59976da81aba4ba2ddb9a9f119122d0a068646612f?s=96&d=mm&r=g","caption":"geronimo kener"},"sameAs":["http:\/\/safras.com.br\/es"],"url":"https:\/\/safras.com.br\/es\/author\/geronimo-kener\/"}]}},"_links":{"self":[{"href":"https:\/\/safras.com.br\/es\/wp-json\/wp\/v2\/posts\/65369","targetHints":{"allow":["GET"]}}],"collection":[{"href":"https:\/\/safras.com.br\/es\/wp-json\/wp\/v2\/posts"}],"about":[{"href":"https:\/\/safras.com.br\/es\/wp-json\/wp\/v2\/types\/post"}],"author":[{"embeddable":true,"href":"https:\/\/safras.com.br\/es\/wp-json\/wp\/v2\/users\/28"}],"replies":[{"embeddable":true,"href":"https:\/\/safras.com.br\/es\/wp-json\/wp\/v2\/comments?post=65369"}],"version-history":[{"count":1,"href":"https:\/\/safras.com.br\/es\/wp-json\/wp\/v2\/posts\/65369\/revisions"}],"predecessor-version":[{"id":65370,"href":"https:\/\/safras.com.br\/es\/wp-json\/wp\/v2\/posts\/65369\/revisions\/65370"}],"wp:featuredmedia":[{"embeddable":true,"href":"https:\/\/safras.com.br\/es\/wp-json\/wp\/v2\/media\/63870"}],"wp:attachment":[{"href":"https:\/\/safras.com.br\/es\/wp-json\/wp\/v2\/media?parent=65369"}],"wp:term":[{"taxonomy":"category","embeddable":true,"href":"https:\/\/safras.com.br\/es\/wp-json\/wp\/v2\/categories?post=65369"},{"taxonomy":"post_tag","embeddable":true,"href":"https:\/\/safras.com.br\/es\/wp-json\/wp\/v2\/tags?post=65369"},{"taxonomy":"commodity","embeddable":true,"href":"https:\/\/safras.com.br\/es\/wp-json\/wp\/v2\/commodity?post=65369"}],"curies":[{"name":"wp","href":"https:\/\/api.w.org\/{rel}","templated":true}]}}