{"id":65358,"date":"2025-05-05T11:06:03","date_gmt":"2025-05-05T14:06:03","guid":{"rendered":"https:\/\/safras.com.br\/es\/?p=65358"},"modified":"2025-05-05T11:06:03","modified_gmt":"2025-05-05T14:06:03","slug":"caputo-anuncia-reforma-al-iva-compuesta-por-9-nacional-y-restante-definido-por-las-provincias","status":"publish","type":"post","link":"https:\/\/safras.com.br\/es\/caputo-anuncia-reforma-al-iva-compuesta-por-9-nacional-y-restante-definido-por-las-provincias\/","title":{"rendered":"Caputo anuncia reforma al IVA compuesta por 9% nacional y restante definido por las provincias"},"content":{"rendered":"<p>El ministro de Econom\u00eda, Luis Caputo, anunci\u00f3 que preparan un nuevo esquema tributario, qie dividir\u00e1 al Impuesto al Valor Agregado (IVA) en un 9%, como base, a nivel nacional y un porcentaje restante que ser\u00e1 determinado por cada provincia, lo que promover\u00e1 una competencia fiscal.<\/p>\n<p>&nbsp;<\/p>\n<p>Entrevistado en un programa de streaming, Caputo adelant\u00f3 que lanzar\u00e1n medidas para fomentar el consumo de d\u00f3lares y calcul\u00f3 que existen \u00abUS$ 200.000 millones debajo del colch\u00f3n\u00bb, en alusi\u00f3n a las divisas no declaradas por los ciudadanos.<\/p>\n<p>&nbsp;<\/p>\n<p>\u00abLa gente no los usa (los d\u00f3lares) porque tiene miedo de que el ARCA los persiga\u00bb, afirm\u00f3 y defendi\u00f3 que el pa\u00eds \u00abno est\u00e1 caro en d\u00f3lares\u00bb. Luego, insisti\u00f3 con que la inflaci\u00f3n descender\u00e1 y asegur\u00f3 que el \u00edndice de abril ser\u00e1 menor al de marzo.<\/p>\n<p>&nbsp;<\/p>\n","protected":false},"excerpt":{"rendered":"<p>El ministro de Econom\u00eda, Luis Caputo, anunci\u00f3 que preparan un nuevo esquema tributario, qie dividir\u00e1 al Impuesto al Valor Agregado (IVA) en un 9%, como base, a nivel nacional y un porcentaje restante que ser\u00e1 determinado por cada provincia, lo que promover\u00e1 una competencia fiscal. &nbsp; Entrevistado en un programa de streaming, Caputo adelant\u00f3 que [&hellip;]<\/p>\n","protected":false},"author":13,"featured_media":65359,"comment_status":"open","ping_status":"closed","sticky":false,"template":"","format":"standard","meta":{"_acf_changed":false,"footnotes":""},"categories":[444],"tags":[],"commodity":[],"class_list":["post-65358","post","type-post","status-publish","format-standard","has-post-thumbnail","hentry","category-noticias-financieras"],"acf":[],"yoast_head":"<!-- This site is optimized with the Yoast SEO plugin v26.5 - https:\/\/yoast.com\/wordpress\/plugins\/seo\/ -->\n<title>Caputo anuncia reforma al IVA compuesta por 9% nacional y restante definido por las provincias - SAFRAS &amp; Mercado<\/title>\n<meta name=\"robots\" content=\"index, follow, max-snippet:-1, max-image-preview:large, max-video-preview:-1\" \/>\n<link rel=\"canonical\" href=\"https:\/\/safras.com.br\/es\/caputo-anuncia-reforma-al-iva-compuesta-por-9-nacional-y-restante-definido-por-las-provincias\/\" \/>\n<meta property=\"og:locale\" content=\"es_ES\" \/>\n<meta property=\"og:type\" content=\"article\" \/>\n<meta property=\"og:title\" content=\"Caputo anuncia reforma al IVA compuesta por 9% nacional y restante definido por las provincias - SAFRAS &amp; Mercado\" \/>\n<meta property=\"og:description\" content=\"El ministro de Econom\u00eda, Luis Caputo, anunci\u00f3 que preparan un nuevo esquema tributario, qie dividir\u00e1 al Impuesto al Valor Agregado (IVA) en un 9%, como base, a nivel nacional y un porcentaje restante que ser\u00e1 determinado por cada provincia, lo que promover\u00e1 una competencia fiscal. &nbsp; Entrevistado en un programa de streaming, Caputo adelant\u00f3 que [&hellip;]\" \/>\n<meta property=\"og:url\" content=\"https:\/\/safras.com.br\/es\/caputo-anuncia-reforma-al-iva-compuesta-por-9-nacional-y-restante-definido-por-las-provincias\/\" \/>\n<meta property=\"og:site_name\" content=\"SAFRAS &amp; Mercado\" \/>\n<meta property=\"article:published_time\" content=\"2025-05-05T14:06:03+00:00\" \/>\n<meta property=\"og:image\" content=\"https:\/\/safras.com.br\/es\/wp-content\/uploads\/2025\/05\/caputo7.jpeg\" \/>\n\t<meta property=\"og:image:width\" content=\"1280\" \/>\n\t<meta property=\"og:image:height\" content=\"854\" \/>\n\t<meta property=\"og:image:type\" content=\"image\/jpeg\" \/>\n<meta name=\"author\" content=\"Horacio Vera\" \/>\n<meta name=\"twitter:card\" content=\"summary_large_image\" \/>\n<meta name=\"twitter:label1\" content=\"Escrito por\" \/>\n\t<meta name=\"twitter:data1\" content=\"Horacio Vera\" \/>\n\t<meta name=\"twitter:label2\" content=\"Tiempo de lectura\" \/>\n\t<meta name=\"twitter:data2\" content=\"1 minuto\" \/>\n<script type=\"application\/ld+json\" class=\"yoast-schema-graph\">{\"@context\":\"https:\/\/schema.org\",\"@graph\":[{\"@type\":\"Article\",\"@id\":\"https:\/\/safras.com.br\/es\/caputo-anuncia-reforma-al-iva-compuesta-por-9-nacional-y-restante-definido-por-las-provincias\/#article\",\"isPartOf\":{\"@id\":\"https:\/\/safras.com.br\/es\/caputo-anuncia-reforma-al-iva-compuesta-por-9-nacional-y-restante-definido-por-las-provincias\/\"},\"author\":{\"name\":\"Horacio Vera\",\"@id\":\"https:\/\/safras.com.br\/es\/#\/schema\/person\/8a6e0df178260e340253292bf04da747\"},\"headline\":\"Caputo anuncia reforma al IVA compuesta por 9% nacional y restante definido por las provincias\",\"datePublished\":\"2025-05-05T14:06:03+00:00\",\"mainEntityOfPage\":{\"@id\":\"https:\/\/safras.com.br\/es\/caputo-anuncia-reforma-al-iva-compuesta-por-9-nacional-y-restante-definido-por-las-provincias\/\"},\"wordCount\":152,\"commentCount\":0,\"publisher\":{\"@id\":\"https:\/\/safras.com.br\/es\/#organization\"},\"image\":{\"@id\":\"https:\/\/safras.com.br\/es\/caputo-anuncia-reforma-al-iva-compuesta-por-9-nacional-y-restante-definido-por-las-provincias\/#primaryimage\"},\"thumbnailUrl\":\"https:\/\/safras.com.br\/es\/wp-content\/uploads\/2025\/05\/caputo7.jpeg\",\"articleSection\":[\"Noticias Financieras\"],\"inLanguage\":\"es\",\"potentialAction\":[{\"@type\":\"CommentAction\",\"name\":\"Comment\",\"target\":[\"https:\/\/safras.com.br\/es\/caputo-anuncia-reforma-al-iva-compuesta-por-9-nacional-y-restante-definido-por-las-provincias\/#respond\"]}]},{\"@type\":\"WebPage\",\"@id\":\"https:\/\/safras.com.br\/es\/caputo-anuncia-reforma-al-iva-compuesta-por-9-nacional-y-restante-definido-por-las-provincias\/\",\"url\":\"https:\/\/safras.com.br\/es\/caputo-anuncia-reforma-al-iva-compuesta-por-9-nacional-y-restante-definido-por-las-provincias\/\",\"name\":\"Caputo anuncia reforma al IVA compuesta por 9% nacional y restante definido por las provincias - SAFRAS &amp; Mercado\",\"isPartOf\":{\"@id\":\"https:\/\/safras.com.br\/es\/#website\"},\"primaryImageOfPage\":{\"@id\":\"https:\/\/safras.com.br\/es\/caputo-anuncia-reforma-al-iva-compuesta-por-9-nacional-y-restante-definido-por-las-provincias\/#primaryimage\"},\"image\":{\"@id\":\"https:\/\/safras.com.br\/es\/caputo-anuncia-reforma-al-iva-compuesta-por-9-nacional-y-restante-definido-por-las-provincias\/#primaryimage\"},\"thumbnailUrl\":\"https:\/\/safras.com.br\/es\/wp-content\/uploads\/2025\/05\/caputo7.jpeg\",\"datePublished\":\"2025-05-05T14:06:03+00:00\",\"breadcrumb\":{\"@id\":\"https:\/\/safras.com.br\/es\/caputo-anuncia-reforma-al-iva-compuesta-por-9-nacional-y-restante-definido-por-las-provincias\/#breadcrumb\"},\"inLanguage\":\"es\",\"potentialAction\":[{\"@type\":\"ReadAction\",\"target\":[\"https:\/\/safras.com.br\/es\/caputo-anuncia-reforma-al-iva-compuesta-por-9-nacional-y-restante-definido-por-las-provincias\/\"]}]},{\"@type\":\"ImageObject\",\"inLanguage\":\"es\",\"@id\":\"https:\/\/safras.com.br\/es\/caputo-anuncia-reforma-al-iva-compuesta-por-9-nacional-y-restante-definido-por-las-provincias\/#primaryimage\",\"url\":\"https:\/\/safras.com.br\/es\/wp-content\/uploads\/2025\/05\/caputo7.jpeg\",\"contentUrl\":\"https:\/\/safras.com.br\/es\/wp-content\/uploads\/2025\/05\/caputo7.jpeg\",\"width\":1280,\"height\":854,\"caption\":\"caputo7\"},{\"@type\":\"BreadcrumbList\",\"@id\":\"https:\/\/safras.com.br\/es\/caputo-anuncia-reforma-al-iva-compuesta-por-9-nacional-y-restante-definido-por-las-provincias\/#breadcrumb\",\"itemListElement\":[{\"@type\":\"ListItem\",\"position\":1,\"name\":\"Portada\",\"item\":\"https:\/\/safras.com.br\/es\/\"},{\"@type\":\"ListItem\",\"position\":2,\"name\":\"Caputo anuncia reforma al IVA compuesta por 9% nacional y restante definido por las provincias\"}]},{\"@type\":\"WebSite\",\"@id\":\"https:\/\/safras.com.br\/es\/#website\",\"url\":\"https:\/\/safras.com.br\/es\/\",\"name\":\"SAFRAS & Mercado\",\"description\":\"El ecosistema de agronegocios\",\"publisher\":{\"@id\":\"https:\/\/safras.com.br\/es\/#organization\"},\"potentialAction\":[{\"@type\":\"SearchAction\",\"target\":{\"@type\":\"EntryPoint\",\"urlTemplate\":\"https:\/\/safras.com.br\/es\/?s={search_term_string}\"},\"query-input\":{\"@type\":\"PropertyValueSpecification\",\"valueRequired\":true,\"valueName\":\"search_term_string\"}}],\"inLanguage\":\"es\"},{\"@type\":\"Organization\",\"@id\":\"https:\/\/safras.com.br\/es\/#organization\",\"name\":\"SAFRAS & Mercado\",\"url\":\"https:\/\/safras.com.br\/es\/\",\"logo\":{\"@type\":\"ImageObject\",\"inLanguage\":\"es\",\"@id\":\"https:\/\/safras.com.br\/es\/#\/schema\/logo\/image\/\",\"url\":\"https:\/\/safras.com.br\/es\/wp-content\/uploads\/2023\/01\/cropped-favicon.png\",\"contentUrl\":\"https:\/\/safras.com.br\/es\/wp-content\/uploads\/2023\/01\/cropped-favicon.png\",\"width\":512,\"height\":512,\"caption\":\"SAFRAS & Mercado\"},\"image\":{\"@id\":\"https:\/\/safras.com.br\/es\/#\/schema\/logo\/image\/\"}},{\"@type\":\"Person\",\"@id\":\"https:\/\/safras.com.br\/es\/#\/schema\/person\/8a6e0df178260e340253292bf04da747\",\"name\":\"Horacio Vera\",\"image\":{\"@type\":\"ImageObject\",\"inLanguage\":\"es\",\"@id\":\"https:\/\/safras.com.br\/es\/#\/schema\/person\/image\/\",\"url\":\"https:\/\/secure.gravatar.com\/avatar\/bc30669cd90fb2e21304f48bfae82357e2f9224933e78600478745d017747a8f?s=96&d=mm&r=g\",\"contentUrl\":\"https:\/\/secure.gravatar.com\/avatar\/bc30669cd90fb2e21304f48bfae82357e2f9224933e78600478745d017747a8f?s=96&d=mm&r=g\",\"caption\":\"Horacio Vera\"},\"url\":\"https:\/\/safras.com.br\/es\/author\/sf_horacio\/\"}]}<\/script>\n<!-- \/ Yoast SEO plugin. -->","yoast_head_json":{"title":"Caputo anuncia reforma al IVA compuesta por 9% nacional y restante definido por las provincias - SAFRAS &amp; Mercado","robots":{"index":"index","follow":"follow","max-snippet":"max-snippet:-1","max-image-preview":"max-image-preview:large","max-video-preview":"max-video-preview:-1"},"canonical":"https:\/\/safras.com.br\/es\/caputo-anuncia-reforma-al-iva-compuesta-por-9-nacional-y-restante-definido-por-las-provincias\/","og_locale":"es_ES","og_type":"article","og_title":"Caputo anuncia reforma al IVA compuesta por 9% nacional y restante definido por las provincias - SAFRAS &amp; Mercado","og_description":"El ministro de Econom\u00eda, Luis Caputo, anunci\u00f3 que preparan un nuevo esquema tributario, qie dividir\u00e1 al Impuesto al Valor Agregado (IVA) en un 9%, como base, a nivel nacional y un porcentaje restante que ser\u00e1 determinado por cada provincia, lo que promover\u00e1 una competencia fiscal. &nbsp; Entrevistado en un programa de streaming, Caputo adelant\u00f3 que [&hellip;]","og_url":"https:\/\/safras.com.br\/es\/caputo-anuncia-reforma-al-iva-compuesta-por-9-nacional-y-restante-definido-por-las-provincias\/","og_site_name":"SAFRAS &amp; Mercado","article_published_time":"2025-05-05T14:06:03+00:00","og_image":[{"width":1280,"height":854,"url":"https:\/\/safras.com.br\/es\/wp-content\/uploads\/2025\/05\/caputo7.jpeg","type":"image\/jpeg"}],"author":"Horacio Vera","twitter_card":"summary_large_image","twitter_misc":{"Escrito por":"Horacio Vera","Tiempo de lectura":"1 minuto"},"schema":{"@context":"https:\/\/schema.org","@graph":[{"@type":"Article","@id":"https:\/\/safras.com.br\/es\/caputo-anuncia-reforma-al-iva-compuesta-por-9-nacional-y-restante-definido-por-las-provincias\/#article","isPartOf":{"@id":"https:\/\/safras.com.br\/es\/caputo-anuncia-reforma-al-iva-compuesta-por-9-nacional-y-restante-definido-por-las-provincias\/"},"author":{"name":"Horacio Vera","@id":"https:\/\/safras.com.br\/es\/#\/schema\/person\/8a6e0df178260e340253292bf04da747"},"headline":"Caputo anuncia reforma al IVA compuesta por 9% nacional y restante definido por las provincias","datePublished":"2025-05-05T14:06:03+00:00","mainEntityOfPage":{"@id":"https:\/\/safras.com.br\/es\/caputo-anuncia-reforma-al-iva-compuesta-por-9-nacional-y-restante-definido-por-las-provincias\/"},"wordCount":152,"commentCount":0,"publisher":{"@id":"https:\/\/safras.com.br\/es\/#organization"},"image":{"@id":"https:\/\/safras.com.br\/es\/caputo-anuncia-reforma-al-iva-compuesta-por-9-nacional-y-restante-definido-por-las-provincias\/#primaryimage"},"thumbnailUrl":"https:\/\/safras.com.br\/es\/wp-content\/uploads\/2025\/05\/caputo7.jpeg","articleSection":["Noticias Financieras"],"inLanguage":"es","potentialAction":[{"@type":"CommentAction","name":"Comment","target":["https:\/\/safras.com.br\/es\/caputo-anuncia-reforma-al-iva-compuesta-por-9-nacional-y-restante-definido-por-las-provincias\/#respond"]}]},{"@type":"WebPage","@id":"https:\/\/safras.com.br\/es\/caputo-anuncia-reforma-al-iva-compuesta-por-9-nacional-y-restante-definido-por-las-provincias\/","url":"https:\/\/safras.com.br\/es\/caputo-anuncia-reforma-al-iva-compuesta-por-9-nacional-y-restante-definido-por-las-provincias\/","name":"Caputo anuncia reforma al IVA compuesta por 9% nacional y restante definido por las provincias - SAFRAS &amp; Mercado","isPartOf":{"@id":"https:\/\/safras.com.br\/es\/#website"},"primaryImageOfPage":{"@id":"https:\/\/safras.com.br\/es\/caputo-anuncia-reforma-al-iva-compuesta-por-9-nacional-y-restante-definido-por-las-provincias\/#primaryimage"},"image":{"@id":"https:\/\/safras.com.br\/es\/caputo-anuncia-reforma-al-iva-compuesta-por-9-nacional-y-restante-definido-por-las-provincias\/#primaryimage"},"thumbnailUrl":"https:\/\/safras.com.br\/es\/wp-content\/uploads\/2025\/05\/caputo7.jpeg","datePublished":"2025-05-05T14:06:03+00:00","breadcrumb":{"@id":"https:\/\/safras.com.br\/es\/caputo-anuncia-reforma-al-iva-compuesta-por-9-nacional-y-restante-definido-por-las-provincias\/#breadcrumb"},"inLanguage":"es","potentialAction":[{"@type":"ReadAction","target":["https:\/\/safras.com.br\/es\/caputo-anuncia-reforma-al-iva-compuesta-por-9-nacional-y-restante-definido-por-las-provincias\/"]}]},{"@type":"ImageObject","inLanguage":"es","@id":"https:\/\/safras.com.br\/es\/caputo-anuncia-reforma-al-iva-compuesta-por-9-nacional-y-restante-definido-por-las-provincias\/#primaryimage","url":"https:\/\/safras.com.br\/es\/wp-content\/uploads\/2025\/05\/caputo7.jpeg","contentUrl":"https:\/\/safras.com.br\/es\/wp-content\/uploads\/2025\/05\/caputo7.jpeg","width":1280,"height":854,"caption":"caputo7"},{"@type":"BreadcrumbList","@id":"https:\/\/safras.com.br\/es\/caputo-anuncia-reforma-al-iva-compuesta-por-9-nacional-y-restante-definido-por-las-provincias\/#breadcrumb","itemListElement":[{"@type":"ListItem","position":1,"name":"Portada","item":"https:\/\/safras.com.br\/es\/"},{"@type":"ListItem","position":2,"name":"Caputo anuncia reforma al IVA compuesta por 9% nacional y restante definido por las provincias"}]},{"@type":"WebSite","@id":"https:\/\/safras.com.br\/es\/#website","url":"https:\/\/safras.com.br\/es\/","name":"SAFRAS & Mercado","description":"El ecosistema de agronegocios","publisher":{"@id":"https:\/\/safras.com.br\/es\/#organization"},"potentialAction":[{"@type":"SearchAction","target":{"@type":"EntryPoint","urlTemplate":"https:\/\/safras.com.br\/es\/?s={search_term_string}"},"query-input":{"@type":"PropertyValueSpecification","valueRequired":true,"valueName":"search_term_string"}}],"inLanguage":"es"},{"@type":"Organization","@id":"https:\/\/safras.com.br\/es\/#organization","name":"SAFRAS & Mercado","url":"https:\/\/safras.com.br\/es\/","logo":{"@type":"ImageObject","inLanguage":"es","@id":"https:\/\/safras.com.br\/es\/#\/schema\/logo\/image\/","url":"https:\/\/safras.com.br\/es\/wp-content\/uploads\/2023\/01\/cropped-favicon.png","contentUrl":"https:\/\/safras.com.br\/es\/wp-content\/uploads\/2023\/01\/cropped-favicon.png","width":512,"height":512,"caption":"SAFRAS & Mercado"},"image":{"@id":"https:\/\/safras.com.br\/es\/#\/schema\/logo\/image\/"}},{"@type":"Person","@id":"https:\/\/safras.com.br\/es\/#\/schema\/person\/8a6e0df178260e340253292bf04da747","name":"Horacio Vera","image":{"@type":"ImageObject","inLanguage":"es","@id":"https:\/\/safras.com.br\/es\/#\/schema\/person\/image\/","url":"https:\/\/secure.gravatar.com\/avatar\/bc30669cd90fb2e21304f48bfae82357e2f9224933e78600478745d017747a8f?s=96&d=mm&r=g","contentUrl":"https:\/\/secure.gravatar.com\/avatar\/bc30669cd90fb2e21304f48bfae82357e2f9224933e78600478745d017747a8f?s=96&d=mm&r=g","caption":"Horacio Vera"},"url":"https:\/\/safras.com.br\/es\/author\/sf_horacio\/"}]}},"_links":{"self":[{"href":"https:\/\/safras.com.br\/es\/wp-json\/wp\/v2\/posts\/65358","targetHints":{"allow":["GET"]}}],"collection":[{"href":"https:\/\/safras.com.br\/es\/wp-json\/wp\/v2\/posts"}],"about":[{"href":"https:\/\/safras.com.br\/es\/wp-json\/wp\/v2\/types\/post"}],"author":[{"embeddable":true,"href":"https:\/\/safras.com.br\/es\/wp-json\/wp\/v2\/users\/13"}],"replies":[{"embeddable":true,"href":"https:\/\/safras.com.br\/es\/wp-json\/wp\/v2\/comments?post=65358"}],"version-history":[{"count":1,"href":"https:\/\/safras.com.br\/es\/wp-json\/wp\/v2\/posts\/65358\/revisions"}],"predecessor-version":[{"id":65360,"href":"https:\/\/safras.com.br\/es\/wp-json\/wp\/v2\/posts\/65358\/revisions\/65360"}],"wp:featuredmedia":[{"embeddable":true,"href":"https:\/\/safras.com.br\/es\/wp-json\/wp\/v2\/media\/65359"}],"wp:attachment":[{"href":"https:\/\/safras.com.br\/es\/wp-json\/wp\/v2\/media?parent=65358"}],"wp:term":[{"taxonomy":"category","embeddable":true,"href":"https:\/\/safras.com.br\/es\/wp-json\/wp\/v2\/categories?post=65358"},{"taxonomy":"post_tag","embeddable":true,"href":"https:\/\/safras.com.br\/es\/wp-json\/wp\/v2\/tags?post=65358"},{"taxonomy":"commodity","embeddable":true,"href":"https:\/\/safras.com.br\/es\/wp-json\/wp\/v2\/commodity?post=65358"}],"curies":[{"name":"wp","href":"https:\/\/api.w.org\/{rel}","templated":true}]}}