{"id":65354,"date":"2025-04-29T17:00:23","date_gmt":"2025-04-29T20:00:23","guid":{"rendered":"https:\/\/safras.com.br\/es\/?p=65354"},"modified":"2025-04-29T17:00:23","modified_gmt":"2025-04-29T20:00:23","slug":"itau-proyecta-inflacion-moderada-para-abril-y-confianza-alta-en-el-gobierno-de-milei","status":"publish","type":"post","link":"https:\/\/safras.com.br\/es\/itau-proyecta-inflacion-moderada-para-abril-y-confianza-alta-en-el-gobierno-de-milei\/","title":{"rendered":"Ita\u00fa proyecta inflaci\u00f3n moderada para abril y confianza alta en el gobierno de Milei"},"content":{"rendered":"<p>A pesar de la ca\u00edda en el \u00cdndice de Confianza en el Gobierno (ICG) medido por la Universidad Torcuato di Tella, el Banco Ita\u00fa analiz\u00f3 que la confianza en el gobierno de Milei sigue siendo alta, bajo un \u00edndice de inflaci\u00f3n moderado para abril.<\/p>\n<p>El ICG medido por la Universidad Torcuato Di Tella correspondiente a abril fue de 2,33 puntos, con una disminuci\u00f3n del 3,7% respecto al mes de marzo de 2025.<\/p>\n<p>\u00abMantener un alto nivel de aprobaci\u00f3n es clave para la administraci\u00f3n, ya que las elecciones de medio t\u00e9rmino se acercan a finales de octubre. Ser\u00e1 importante para monitorear la evaluaci\u00f3n de los encuestados sobre la eliminaci\u00f3n del llamado \u00abcepo\u00bb, con un enfoque en la capacidad de comprar moneda extranjera para ahorros a trav\u00e9s del tipo de cambio oficial. La disminuci\u00f3n gradual en la confianza en el gobierno tambi\u00e9n coincide con la reciente aceleraci\u00f3n de la inflaci\u00f3n mensual, que probablemente se moderar\u00e1 en abril\u00bb, destacaron desde Banco Ita\u00fa.<\/p>\n<p>El ICG de la gesti\u00f3n Milei se encuentra con su quinta ca\u00edda mensual consecutiva en el mes de abril 2025.<\/p>\n<p>El descenso acumulado en el nivel de confianza desde diciembre 2024 a abril es de 12,4%.El pr\u00f3ximo informe de confianza del gobierno se publicar\u00e1 el 26 de mayo.<\/p>\n","protected":false},"excerpt":{"rendered":"<p>A pesar de la ca\u00edda en el \u00cdndice de Confianza en el Gobierno (ICG) medido por la Universidad Torcuato di Tella, el Banco Ita\u00fa analiz\u00f3 que la confianza en el gobierno de Milei sigue siendo alta, bajo un \u00edndice de inflaci\u00f3n moderado para abril. El ICG medido por la Universidad Torcuato Di Tella correspondiente a [&hellip;]<\/p>\n","protected":false},"author":28,"featured_media":64930,"comment_status":"open","ping_status":"closed","sticky":false,"template":"","format":"standard","meta":{"_acf_changed":false,"footnotes":""},"categories":[444],"tags":[489,480,454],"commodity":[],"class_list":["post-65354","post","type-post","status-publish","format-standard","has-post-thumbnail","hentry","category-noticias-financieras","tag-banco-itau","tag-di-tella","tag-milei"],"acf":[],"yoast_head":"<!-- This site is optimized with the Yoast SEO plugin v26.5 - https:\/\/yoast.com\/wordpress\/plugins\/seo\/ -->\n<title>Ita\u00fa proyecta inflaci\u00f3n moderada para abril y confianza alta en el gobierno de Milei - SAFRAS &amp; Mercado<\/title>\n<meta name=\"robots\" content=\"index, follow, max-snippet:-1, max-image-preview:large, max-video-preview:-1\" \/>\n<link rel=\"canonical\" href=\"https:\/\/safras.com.br\/es\/itau-proyecta-inflacion-moderada-para-abril-y-confianza-alta-en-el-gobierno-de-milei\/\" \/>\n<meta property=\"og:locale\" content=\"es_ES\" \/>\n<meta property=\"og:type\" content=\"article\" \/>\n<meta property=\"og:title\" content=\"Ita\u00fa proyecta inflaci\u00f3n moderada para abril y confianza alta en el gobierno de Milei - SAFRAS &amp; Mercado\" \/>\n<meta property=\"og:description\" content=\"A pesar de la ca\u00edda en el \u00cdndice de Confianza en el Gobierno (ICG) medido por la Universidad Torcuato di Tella, el Banco Ita\u00fa analiz\u00f3 que la confianza en el gobierno de Milei sigue siendo alta, bajo un \u00edndice de inflaci\u00f3n moderado para abril. El ICG medido por la Universidad Torcuato Di Tella correspondiente a [&hellip;]\" \/>\n<meta property=\"og:url\" content=\"https:\/\/safras.com.br\/es\/itau-proyecta-inflacion-moderada-para-abril-y-confianza-alta-en-el-gobierno-de-milei\/\" \/>\n<meta property=\"og:site_name\" content=\"SAFRAS &amp; Mercado\" \/>\n<meta property=\"article:published_time\" content=\"2025-04-29T20:00:23+00:00\" \/>\n<meta property=\"og:image\" content=\"https:\/\/safras.com.br\/es\/wp-content\/uploads\/2025\/03\/milei-en-expoagro.png\" \/>\n\t<meta property=\"og:image:width\" content=\"1121\" \/>\n\t<meta property=\"og:image:height\" content=\"756\" \/>\n\t<meta property=\"og:image:type\" content=\"image\/png\" \/>\n<meta name=\"author\" content=\"geronimo kener\" \/>\n<meta name=\"twitter:card\" content=\"summary_large_image\" \/>\n<meta name=\"twitter:label1\" content=\"Escrito por\" \/>\n\t<meta name=\"twitter:data1\" content=\"geronimo kener\" \/>\n\t<meta name=\"twitter:label2\" content=\"Tiempo de lectura\" \/>\n\t<meta name=\"twitter:data2\" content=\"2 minutos\" \/>\n<script type=\"application\/ld+json\" class=\"yoast-schema-graph\">{\"@context\":\"https:\/\/schema.org\",\"@graph\":[{\"@type\":\"Article\",\"@id\":\"https:\/\/safras.com.br\/es\/itau-proyecta-inflacion-moderada-para-abril-y-confianza-alta-en-el-gobierno-de-milei\/#article\",\"isPartOf\":{\"@id\":\"https:\/\/safras.com.br\/es\/itau-proyecta-inflacion-moderada-para-abril-y-confianza-alta-en-el-gobierno-de-milei\/\"},\"author\":{\"name\":\"geronimo kener\",\"@id\":\"https:\/\/safras.com.br\/es\/#\/schema\/person\/3c7009f94cf442d9df6f2cd1eedd0bfd\"},\"headline\":\"Ita\u00fa proyecta inflaci\u00f3n moderada para abril y confianza alta en el gobierno de Milei\",\"datePublished\":\"2025-04-29T20:00:23+00:00\",\"mainEntityOfPage\":{\"@id\":\"https:\/\/safras.com.br\/es\/itau-proyecta-inflacion-moderada-para-abril-y-confianza-alta-en-el-gobierno-de-milei\/\"},\"wordCount\":232,\"commentCount\":0,\"publisher\":{\"@id\":\"https:\/\/safras.com.br\/es\/#organization\"},\"image\":{\"@id\":\"https:\/\/safras.com.br\/es\/itau-proyecta-inflacion-moderada-para-abril-y-confianza-alta-en-el-gobierno-de-milei\/#primaryimage\"},\"thumbnailUrl\":\"https:\/\/safras.com.br\/es\/wp-content\/uploads\/2025\/03\/milei-en-expoagro.png\",\"keywords\":[\"Banco Ita\u00fa\",\"Di Tella\",\"Milei\"],\"articleSection\":[\"Noticias Financieras\"],\"inLanguage\":\"es\",\"potentialAction\":[{\"@type\":\"CommentAction\",\"name\":\"Comment\",\"target\":[\"https:\/\/safras.com.br\/es\/itau-proyecta-inflacion-moderada-para-abril-y-confianza-alta-en-el-gobierno-de-milei\/#respond\"]}]},{\"@type\":\"WebPage\",\"@id\":\"https:\/\/safras.com.br\/es\/itau-proyecta-inflacion-moderada-para-abril-y-confianza-alta-en-el-gobierno-de-milei\/\",\"url\":\"https:\/\/safras.com.br\/es\/itau-proyecta-inflacion-moderada-para-abril-y-confianza-alta-en-el-gobierno-de-milei\/\",\"name\":\"Ita\u00fa proyecta inflaci\u00f3n moderada para abril y confianza alta en el gobierno de Milei - SAFRAS &amp; Mercado\",\"isPartOf\":{\"@id\":\"https:\/\/safras.com.br\/es\/#website\"},\"primaryImageOfPage\":{\"@id\":\"https:\/\/safras.com.br\/es\/itau-proyecta-inflacion-moderada-para-abril-y-confianza-alta-en-el-gobierno-de-milei\/#primaryimage\"},\"image\":{\"@id\":\"https:\/\/safras.com.br\/es\/itau-proyecta-inflacion-moderada-para-abril-y-confianza-alta-en-el-gobierno-de-milei\/#primaryimage\"},\"thumbnailUrl\":\"https:\/\/safras.com.br\/es\/wp-content\/uploads\/2025\/03\/milei-en-expoagro.png\",\"datePublished\":\"2025-04-29T20:00:23+00:00\",\"breadcrumb\":{\"@id\":\"https:\/\/safras.com.br\/es\/itau-proyecta-inflacion-moderada-para-abril-y-confianza-alta-en-el-gobierno-de-milei\/#breadcrumb\"},\"inLanguage\":\"es\",\"potentialAction\":[{\"@type\":\"ReadAction\",\"target\":[\"https:\/\/safras.com.br\/es\/itau-proyecta-inflacion-moderada-para-abril-y-confianza-alta-en-el-gobierno-de-milei\/\"]}]},{\"@type\":\"ImageObject\",\"inLanguage\":\"es\",\"@id\":\"https:\/\/safras.com.br\/es\/itau-proyecta-inflacion-moderada-para-abril-y-confianza-alta-en-el-gobierno-de-milei\/#primaryimage\",\"url\":\"https:\/\/safras.com.br\/es\/wp-content\/uploads\/2025\/03\/milei-en-expoagro.png\",\"contentUrl\":\"https:\/\/safras.com.br\/es\/wp-content\/uploads\/2025\/03\/milei-en-expoagro.png\",\"width\":1121,\"height\":756,\"caption\":\"milei en expoagro\"},{\"@type\":\"BreadcrumbList\",\"@id\":\"https:\/\/safras.com.br\/es\/itau-proyecta-inflacion-moderada-para-abril-y-confianza-alta-en-el-gobierno-de-milei\/#breadcrumb\",\"itemListElement\":[{\"@type\":\"ListItem\",\"position\":1,\"name\":\"Portada\",\"item\":\"https:\/\/safras.com.br\/es\/\"},{\"@type\":\"ListItem\",\"position\":2,\"name\":\"Ita\u00fa proyecta inflaci\u00f3n moderada para abril y confianza alta en el gobierno de Milei\"}]},{\"@type\":\"WebSite\",\"@id\":\"https:\/\/safras.com.br\/es\/#website\",\"url\":\"https:\/\/safras.com.br\/es\/\",\"name\":\"SAFRAS & Mercado\",\"description\":\"El ecosistema de agronegocios\",\"publisher\":{\"@id\":\"https:\/\/safras.com.br\/es\/#organization\"},\"potentialAction\":[{\"@type\":\"SearchAction\",\"target\":{\"@type\":\"EntryPoint\",\"urlTemplate\":\"https:\/\/safras.com.br\/es\/?s={search_term_string}\"},\"query-input\":{\"@type\":\"PropertyValueSpecification\",\"valueRequired\":true,\"valueName\":\"search_term_string\"}}],\"inLanguage\":\"es\"},{\"@type\":\"Organization\",\"@id\":\"https:\/\/safras.com.br\/es\/#organization\",\"name\":\"SAFRAS & Mercado\",\"url\":\"https:\/\/safras.com.br\/es\/\",\"logo\":{\"@type\":\"ImageObject\",\"inLanguage\":\"es\",\"@id\":\"https:\/\/safras.com.br\/es\/#\/schema\/logo\/image\/\",\"url\":\"https:\/\/safras.com.br\/es\/wp-content\/uploads\/2023\/01\/cropped-favicon.png\",\"contentUrl\":\"https:\/\/safras.com.br\/es\/wp-content\/uploads\/2023\/01\/cropped-favicon.png\",\"width\":512,\"height\":512,\"caption\":\"SAFRAS & Mercado\"},\"image\":{\"@id\":\"https:\/\/safras.com.br\/es\/#\/schema\/logo\/image\/\"}},{\"@type\":\"Person\",\"@id\":\"https:\/\/safras.com.br\/es\/#\/schema\/person\/3c7009f94cf442d9df6f2cd1eedd0bfd\",\"name\":\"geronimo kener\",\"image\":{\"@type\":\"ImageObject\",\"inLanguage\":\"es\",\"@id\":\"https:\/\/safras.com.br\/es\/#\/schema\/person\/image\/\",\"url\":\"https:\/\/secure.gravatar.com\/avatar\/97803e93b95c46f5640aea59976da81aba4ba2ddb9a9f119122d0a068646612f?s=96&d=mm&r=g\",\"contentUrl\":\"https:\/\/secure.gravatar.com\/avatar\/97803e93b95c46f5640aea59976da81aba4ba2ddb9a9f119122d0a068646612f?s=96&d=mm&r=g\",\"caption\":\"geronimo kener\"},\"sameAs\":[\"http:\/\/safras.com.br\/es\"],\"url\":\"https:\/\/safras.com.br\/es\/author\/geronimo-kener\/\"}]}<\/script>\n<!-- \/ Yoast SEO plugin. -->","yoast_head_json":{"title":"Ita\u00fa proyecta inflaci\u00f3n moderada para abril y confianza alta en el gobierno de Milei - SAFRAS &amp; Mercado","robots":{"index":"index","follow":"follow","max-snippet":"max-snippet:-1","max-image-preview":"max-image-preview:large","max-video-preview":"max-video-preview:-1"},"canonical":"https:\/\/safras.com.br\/es\/itau-proyecta-inflacion-moderada-para-abril-y-confianza-alta-en-el-gobierno-de-milei\/","og_locale":"es_ES","og_type":"article","og_title":"Ita\u00fa proyecta inflaci\u00f3n moderada para abril y confianza alta en el gobierno de Milei - SAFRAS &amp; Mercado","og_description":"A pesar de la ca\u00edda en el \u00cdndice de Confianza en el Gobierno (ICG) medido por la Universidad Torcuato di Tella, el Banco Ita\u00fa analiz\u00f3 que la confianza en el gobierno de Milei sigue siendo alta, bajo un \u00edndice de inflaci\u00f3n moderado para abril. El ICG medido por la Universidad Torcuato Di Tella correspondiente a [&hellip;]","og_url":"https:\/\/safras.com.br\/es\/itau-proyecta-inflacion-moderada-para-abril-y-confianza-alta-en-el-gobierno-de-milei\/","og_site_name":"SAFRAS &amp; Mercado","article_published_time":"2025-04-29T20:00:23+00:00","og_image":[{"width":1121,"height":756,"url":"https:\/\/safras.com.br\/es\/wp-content\/uploads\/2025\/03\/milei-en-expoagro.png","type":"image\/png"}],"author":"geronimo kener","twitter_card":"summary_large_image","twitter_misc":{"Escrito por":"geronimo kener","Tiempo de lectura":"2 minutos"},"schema":{"@context":"https:\/\/schema.org","@graph":[{"@type":"Article","@id":"https:\/\/safras.com.br\/es\/itau-proyecta-inflacion-moderada-para-abril-y-confianza-alta-en-el-gobierno-de-milei\/#article","isPartOf":{"@id":"https:\/\/safras.com.br\/es\/itau-proyecta-inflacion-moderada-para-abril-y-confianza-alta-en-el-gobierno-de-milei\/"},"author":{"name":"geronimo kener","@id":"https:\/\/safras.com.br\/es\/#\/schema\/person\/3c7009f94cf442d9df6f2cd1eedd0bfd"},"headline":"Ita\u00fa proyecta inflaci\u00f3n moderada para abril y confianza alta en el gobierno de Milei","datePublished":"2025-04-29T20:00:23+00:00","mainEntityOfPage":{"@id":"https:\/\/safras.com.br\/es\/itau-proyecta-inflacion-moderada-para-abril-y-confianza-alta-en-el-gobierno-de-milei\/"},"wordCount":232,"commentCount":0,"publisher":{"@id":"https:\/\/safras.com.br\/es\/#organization"},"image":{"@id":"https:\/\/safras.com.br\/es\/itau-proyecta-inflacion-moderada-para-abril-y-confianza-alta-en-el-gobierno-de-milei\/#primaryimage"},"thumbnailUrl":"https:\/\/safras.com.br\/es\/wp-content\/uploads\/2025\/03\/milei-en-expoagro.png","keywords":["Banco Ita\u00fa","Di Tella","Milei"],"articleSection":["Noticias Financieras"],"inLanguage":"es","potentialAction":[{"@type":"CommentAction","name":"Comment","target":["https:\/\/safras.com.br\/es\/itau-proyecta-inflacion-moderada-para-abril-y-confianza-alta-en-el-gobierno-de-milei\/#respond"]}]},{"@type":"WebPage","@id":"https:\/\/safras.com.br\/es\/itau-proyecta-inflacion-moderada-para-abril-y-confianza-alta-en-el-gobierno-de-milei\/","url":"https:\/\/safras.com.br\/es\/itau-proyecta-inflacion-moderada-para-abril-y-confianza-alta-en-el-gobierno-de-milei\/","name":"Ita\u00fa proyecta inflaci\u00f3n moderada para abril y confianza alta en el gobierno de Milei - SAFRAS &amp; Mercado","isPartOf":{"@id":"https:\/\/safras.com.br\/es\/#website"},"primaryImageOfPage":{"@id":"https:\/\/safras.com.br\/es\/itau-proyecta-inflacion-moderada-para-abril-y-confianza-alta-en-el-gobierno-de-milei\/#primaryimage"},"image":{"@id":"https:\/\/safras.com.br\/es\/itau-proyecta-inflacion-moderada-para-abril-y-confianza-alta-en-el-gobierno-de-milei\/#primaryimage"},"thumbnailUrl":"https:\/\/safras.com.br\/es\/wp-content\/uploads\/2025\/03\/milei-en-expoagro.png","datePublished":"2025-04-29T20:00:23+00:00","breadcrumb":{"@id":"https:\/\/safras.com.br\/es\/itau-proyecta-inflacion-moderada-para-abril-y-confianza-alta-en-el-gobierno-de-milei\/#breadcrumb"},"inLanguage":"es","potentialAction":[{"@type":"ReadAction","target":["https:\/\/safras.com.br\/es\/itau-proyecta-inflacion-moderada-para-abril-y-confianza-alta-en-el-gobierno-de-milei\/"]}]},{"@type":"ImageObject","inLanguage":"es","@id":"https:\/\/safras.com.br\/es\/itau-proyecta-inflacion-moderada-para-abril-y-confianza-alta-en-el-gobierno-de-milei\/#primaryimage","url":"https:\/\/safras.com.br\/es\/wp-content\/uploads\/2025\/03\/milei-en-expoagro.png","contentUrl":"https:\/\/safras.com.br\/es\/wp-content\/uploads\/2025\/03\/milei-en-expoagro.png","width":1121,"height":756,"caption":"milei en expoagro"},{"@type":"BreadcrumbList","@id":"https:\/\/safras.com.br\/es\/itau-proyecta-inflacion-moderada-para-abril-y-confianza-alta-en-el-gobierno-de-milei\/#breadcrumb","itemListElement":[{"@type":"ListItem","position":1,"name":"Portada","item":"https:\/\/safras.com.br\/es\/"},{"@type":"ListItem","position":2,"name":"Ita\u00fa proyecta inflaci\u00f3n moderada para abril y confianza alta en el gobierno de Milei"}]},{"@type":"WebSite","@id":"https:\/\/safras.com.br\/es\/#website","url":"https:\/\/safras.com.br\/es\/","name":"SAFRAS & Mercado","description":"El ecosistema de agronegocios","publisher":{"@id":"https:\/\/safras.com.br\/es\/#organization"},"potentialAction":[{"@type":"SearchAction","target":{"@type":"EntryPoint","urlTemplate":"https:\/\/safras.com.br\/es\/?s={search_term_string}"},"query-input":{"@type":"PropertyValueSpecification","valueRequired":true,"valueName":"search_term_string"}}],"inLanguage":"es"},{"@type":"Organization","@id":"https:\/\/safras.com.br\/es\/#organization","name":"SAFRAS & Mercado","url":"https:\/\/safras.com.br\/es\/","logo":{"@type":"ImageObject","inLanguage":"es","@id":"https:\/\/safras.com.br\/es\/#\/schema\/logo\/image\/","url":"https:\/\/safras.com.br\/es\/wp-content\/uploads\/2023\/01\/cropped-favicon.png","contentUrl":"https:\/\/safras.com.br\/es\/wp-content\/uploads\/2023\/01\/cropped-favicon.png","width":512,"height":512,"caption":"SAFRAS & Mercado"},"image":{"@id":"https:\/\/safras.com.br\/es\/#\/schema\/logo\/image\/"}},{"@type":"Person","@id":"https:\/\/safras.com.br\/es\/#\/schema\/person\/3c7009f94cf442d9df6f2cd1eedd0bfd","name":"geronimo kener","image":{"@type":"ImageObject","inLanguage":"es","@id":"https:\/\/safras.com.br\/es\/#\/schema\/person\/image\/","url":"https:\/\/secure.gravatar.com\/avatar\/97803e93b95c46f5640aea59976da81aba4ba2ddb9a9f119122d0a068646612f?s=96&d=mm&r=g","contentUrl":"https:\/\/secure.gravatar.com\/avatar\/97803e93b95c46f5640aea59976da81aba4ba2ddb9a9f119122d0a068646612f?s=96&d=mm&r=g","caption":"geronimo kener"},"sameAs":["http:\/\/safras.com.br\/es"],"url":"https:\/\/safras.com.br\/es\/author\/geronimo-kener\/"}]}},"_links":{"self":[{"href":"https:\/\/safras.com.br\/es\/wp-json\/wp\/v2\/posts\/65354","targetHints":{"allow":["GET"]}}],"collection":[{"href":"https:\/\/safras.com.br\/es\/wp-json\/wp\/v2\/posts"}],"about":[{"href":"https:\/\/safras.com.br\/es\/wp-json\/wp\/v2\/types\/post"}],"author":[{"embeddable":true,"href":"https:\/\/safras.com.br\/es\/wp-json\/wp\/v2\/users\/28"}],"replies":[{"embeddable":true,"href":"https:\/\/safras.com.br\/es\/wp-json\/wp\/v2\/comments?post=65354"}],"version-history":[{"count":1,"href":"https:\/\/safras.com.br\/es\/wp-json\/wp\/v2\/posts\/65354\/revisions"}],"predecessor-version":[{"id":65355,"href":"https:\/\/safras.com.br\/es\/wp-json\/wp\/v2\/posts\/65354\/revisions\/65355"}],"wp:featuredmedia":[{"embeddable":true,"href":"https:\/\/safras.com.br\/es\/wp-json\/wp\/v2\/media\/64930"}],"wp:attachment":[{"href":"https:\/\/safras.com.br\/es\/wp-json\/wp\/v2\/media?parent=65354"}],"wp:term":[{"taxonomy":"category","embeddable":true,"href":"https:\/\/safras.com.br\/es\/wp-json\/wp\/v2\/categories?post=65354"},{"taxonomy":"post_tag","embeddable":true,"href":"https:\/\/safras.com.br\/es\/wp-json\/wp\/v2\/tags?post=65354"},{"taxonomy":"commodity","embeddable":true,"href":"https:\/\/safras.com.br\/es\/wp-json\/wp\/v2\/commodity?post=65354"}],"curies":[{"name":"wp","href":"https:\/\/api.w.org\/{rel}","templated":true}]}}