{"id":65180,"date":"2025-04-15T10:05:17","date_gmt":"2025-04-15T13:05:17","guid":{"rendered":"https:\/\/safras.com.br\/es\/?p=65180"},"modified":"2025-04-15T10:05:17","modified_gmt":"2025-04-15T13:05:17","slug":"milei-proyecta-caida-de-inflacion-a-mitad-de-ano-y-dolar-a-la-baja","status":"publish","type":"post","link":"https:\/\/safras.com.br\/es\/milei-proyecta-caida-de-inflacion-a-mitad-de-ano-y-dolar-a-la-baja\/","title":{"rendered":"Milei proyecta ca\u00edda de inflaci\u00f3n a mitad de a\u00f1o y d\u00f3lar a la baja"},"content":{"rendered":"<p>El presidente Javier Milei anticip\u00f3 que el tipo de cambio oficial tender\u00e1 a la baja, acerc\u00e1ndose al piso de la banda cambiaria establecida entre $1000 y $1400. Tambi\u00e9n, proyect\u00f3 que, para mediados de 2025, la inflaci\u00f3n podr\u00eda caer por debajo del 1%, como resultado del ajuste fiscal, la emisi\u00f3n cero y el saneamiento del balance del BCRA.<\/p>\n<p>&nbsp;<\/p>\n<p>En entrevista en Neura, Milei explic\u00f3 que, seg\u00fan proyecciones del FMI, el Banco Central acumular\u00e1 US$ 4000 millones en reservas, comprando divisas cuando el d\u00f3lar se aproxime al piso. Milei insisti\u00f3 en que el nuevo esquema no representa una devaluaci\u00f3n, ya que el piso est\u00e1 por debajo del anterior tipo de cambio oficial, que era de $1100.<\/p>\n<p>&nbsp;<\/p>\n<p>Milei defendi\u00f3 la eliminaci\u00f3n del cepo y asegur\u00f3 que la econom\u00eda argentina avanza hacia un r\u00e9gimen de flotaci\u00f3n libre, emisi\u00f3n cero y super\u00e1vit fiscal, condiciones que nunca se hab\u00edan dado juntas en el pa\u00eds.<\/p>\n<p>&nbsp;<\/p>\n<p>Luego, defendi\u00f3 el principio de imputaci\u00f3n de Carl Menger con un ejemplo basado en una botella de agua en el desierto. \u00abLos precios determinan los costos, y no los costos los que determinan los precios\u00bb,<\/p>\n<p>&nbsp;<\/p>\n<p>Sobre la inflaci\u00f3n, Milei consider\u00f3 que la cifra de 3,7% registrada en marzo respondi\u00f3 a factores estacionales, como el aumento en educaci\u00f3n, y calcul\u00f3 que la inflaci\u00f3n real ser\u00eda de solo 1,5%.<\/p>\n<p>&nbsp;<\/p>\n<p>El presidente tambi\u00e9n intent\u00f3 diferenciar su gesti\u00f3n de la de Mauricio Macri, remarcando que la actual salida del cepo ocurre en un contexto completamente distinto: sin emisi\u00f3n, con flotaci\u00f3n libre y super\u00e1vit financiero. En respuesta a cr\u00edticas, Milei celebr\u00f3 el \u00e9xito inicial del nuevo r\u00e9gimen y rechaz\u00f3 comparaciones con el fracaso del programa de bandas cambiarias de 2018. Reiter\u00f3 que el FMI no impuso la eliminaci\u00f3n del cepo, y que las decisiones fueron propias del gobierno.<\/p>\n<p>&nbsp;<\/p>\n<p>Tambi\u00e9n anunci\u00f3 que, si logra una reelecci\u00f3n en 2027, se retirar\u00e1 de la pol\u00edtica en 2031. \u201cMe voy al campo solo con mi perro\u201d, afirm\u00f3.<\/p>\n<p>&nbsp;<\/p>\n","protected":false},"excerpt":{"rendered":"<p>El presidente Javier Milei anticip\u00f3 que el tipo de cambio oficial tender\u00e1 a la baja, acerc\u00e1ndose al piso de la banda cambiaria establecida entre $1000 y $1400. Tambi\u00e9n, proyect\u00f3 que, para mediados de 2025, la inflaci\u00f3n podr\u00eda caer por debajo del 1%, como resultado del ajuste fiscal, la emisi\u00f3n cero y el saneamiento del balance [&hellip;]<\/p>\n","protected":false},"author":13,"featured_media":65181,"comment_status":"open","ping_status":"closed","sticky":false,"template":"","format":"standard","meta":{"_acf_changed":false,"footnotes":""},"categories":[444],"tags":[],"commodity":[],"class_list":["post-65180","post","type-post","status-publish","format-standard","has-post-thumbnail","hentry","category-noticias-financieras"],"acf":[],"yoast_head":"<!-- This site is optimized with the Yoast SEO plugin v26.5 - https:\/\/yoast.com\/wordpress\/plugins\/seo\/ -->\n<title>Milei proyecta ca\u00edda de inflaci\u00f3n a mitad de a\u00f1o y d\u00f3lar a la baja - SAFRAS &amp; Mercado<\/title>\n<meta name=\"robots\" content=\"index, follow, max-snippet:-1, max-image-preview:large, max-video-preview:-1\" \/>\n<link rel=\"canonical\" href=\"https:\/\/safras.com.br\/es\/milei-proyecta-caida-de-inflacion-a-mitad-de-ano-y-dolar-a-la-baja\/\" \/>\n<meta property=\"og:locale\" content=\"es_ES\" \/>\n<meta property=\"og:type\" content=\"article\" \/>\n<meta property=\"og:title\" content=\"Milei proyecta ca\u00edda de inflaci\u00f3n a mitad de a\u00f1o y d\u00f3lar a la baja - SAFRAS &amp; Mercado\" \/>\n<meta property=\"og:description\" content=\"El presidente Javier Milei anticip\u00f3 que el tipo de cambio oficial tender\u00e1 a la baja, acerc\u00e1ndose al piso de la banda cambiaria establecida entre $1000 y $1400. Tambi\u00e9n, proyect\u00f3 que, para mediados de 2025, la inflaci\u00f3n podr\u00eda caer por debajo del 1%, como resultado del ajuste fiscal, la emisi\u00f3n cero y el saneamiento del balance [&hellip;]\" \/>\n<meta property=\"og:url\" content=\"https:\/\/safras.com.br\/es\/milei-proyecta-caida-de-inflacion-a-mitad-de-ano-y-dolar-a-la-baja\/\" \/>\n<meta property=\"og:site_name\" content=\"SAFRAS &amp; Mercado\" \/>\n<meta property=\"article:published_time\" content=\"2025-04-15T13:05:17+00:00\" \/>\n<meta property=\"og:image\" content=\"https:\/\/safras.com.br\/es\/wp-content\/uploads\/2025\/04\/MILEI55.jpeg\" \/>\n\t<meta property=\"og:image:width\" content=\"1069\" \/>\n\t<meta property=\"og:image:height\" content=\"1080\" \/>\n\t<meta property=\"og:image:type\" content=\"image\/jpeg\" \/>\n<meta name=\"author\" content=\"Horacio Vera\" \/>\n<meta name=\"twitter:card\" content=\"summary_large_image\" \/>\n<meta name=\"twitter:label1\" content=\"Escrito por\" \/>\n\t<meta name=\"twitter:data1\" content=\"Horacio Vera\" \/>\n\t<meta name=\"twitter:label2\" content=\"Tiempo de lectura\" \/>\n\t<meta name=\"twitter:data2\" content=\"2 minutos\" \/>\n<script type=\"application\/ld+json\" class=\"yoast-schema-graph\">{\"@context\":\"https:\/\/schema.org\",\"@graph\":[{\"@type\":\"Article\",\"@id\":\"https:\/\/safras.com.br\/es\/milei-proyecta-caida-de-inflacion-a-mitad-de-ano-y-dolar-a-la-baja\/#article\",\"isPartOf\":{\"@id\":\"https:\/\/safras.com.br\/es\/milei-proyecta-caida-de-inflacion-a-mitad-de-ano-y-dolar-a-la-baja\/\"},\"author\":{\"name\":\"Horacio Vera\",\"@id\":\"https:\/\/safras.com.br\/es\/#\/schema\/person\/8a6e0df178260e340253292bf04da747\"},\"headline\":\"Milei proyecta ca\u00edda de inflaci\u00f3n a mitad de a\u00f1o y d\u00f3lar a la baja\",\"datePublished\":\"2025-04-15T13:05:17+00:00\",\"mainEntityOfPage\":{\"@id\":\"https:\/\/safras.com.br\/es\/milei-proyecta-caida-de-inflacion-a-mitad-de-ano-y-dolar-a-la-baja\/\"},\"wordCount\":362,\"commentCount\":0,\"publisher\":{\"@id\":\"https:\/\/safras.com.br\/es\/#organization\"},\"image\":{\"@id\":\"https:\/\/safras.com.br\/es\/milei-proyecta-caida-de-inflacion-a-mitad-de-ano-y-dolar-a-la-baja\/#primaryimage\"},\"thumbnailUrl\":\"https:\/\/safras.com.br\/es\/wp-content\/uploads\/2025\/04\/MILEI55.jpeg\",\"articleSection\":[\"Noticias Financieras\"],\"inLanguage\":\"es\",\"potentialAction\":[{\"@type\":\"CommentAction\",\"name\":\"Comment\",\"target\":[\"https:\/\/safras.com.br\/es\/milei-proyecta-caida-de-inflacion-a-mitad-de-ano-y-dolar-a-la-baja\/#respond\"]}]},{\"@type\":\"WebPage\",\"@id\":\"https:\/\/safras.com.br\/es\/milei-proyecta-caida-de-inflacion-a-mitad-de-ano-y-dolar-a-la-baja\/\",\"url\":\"https:\/\/safras.com.br\/es\/milei-proyecta-caida-de-inflacion-a-mitad-de-ano-y-dolar-a-la-baja\/\",\"name\":\"Milei proyecta ca\u00edda de inflaci\u00f3n a mitad de a\u00f1o y d\u00f3lar a la baja - SAFRAS &amp; Mercado\",\"isPartOf\":{\"@id\":\"https:\/\/safras.com.br\/es\/#website\"},\"primaryImageOfPage\":{\"@id\":\"https:\/\/safras.com.br\/es\/milei-proyecta-caida-de-inflacion-a-mitad-de-ano-y-dolar-a-la-baja\/#primaryimage\"},\"image\":{\"@id\":\"https:\/\/safras.com.br\/es\/milei-proyecta-caida-de-inflacion-a-mitad-de-ano-y-dolar-a-la-baja\/#primaryimage\"},\"thumbnailUrl\":\"https:\/\/safras.com.br\/es\/wp-content\/uploads\/2025\/04\/MILEI55.jpeg\",\"datePublished\":\"2025-04-15T13:05:17+00:00\",\"breadcrumb\":{\"@id\":\"https:\/\/safras.com.br\/es\/milei-proyecta-caida-de-inflacion-a-mitad-de-ano-y-dolar-a-la-baja\/#breadcrumb\"},\"inLanguage\":\"es\",\"potentialAction\":[{\"@type\":\"ReadAction\",\"target\":[\"https:\/\/safras.com.br\/es\/milei-proyecta-caida-de-inflacion-a-mitad-de-ano-y-dolar-a-la-baja\/\"]}]},{\"@type\":\"ImageObject\",\"inLanguage\":\"es\",\"@id\":\"https:\/\/safras.com.br\/es\/milei-proyecta-caida-de-inflacion-a-mitad-de-ano-y-dolar-a-la-baja\/#primaryimage\",\"url\":\"https:\/\/safras.com.br\/es\/wp-content\/uploads\/2025\/04\/MILEI55.jpeg\",\"contentUrl\":\"https:\/\/safras.com.br\/es\/wp-content\/uploads\/2025\/04\/MILEI55.jpeg\",\"width\":1069,\"height\":1080,\"caption\":\"MILEI55\"},{\"@type\":\"BreadcrumbList\",\"@id\":\"https:\/\/safras.com.br\/es\/milei-proyecta-caida-de-inflacion-a-mitad-de-ano-y-dolar-a-la-baja\/#breadcrumb\",\"itemListElement\":[{\"@type\":\"ListItem\",\"position\":1,\"name\":\"Portada\",\"item\":\"https:\/\/safras.com.br\/es\/\"},{\"@type\":\"ListItem\",\"position\":2,\"name\":\"Milei proyecta ca\u00edda de inflaci\u00f3n a mitad de a\u00f1o y d\u00f3lar a la baja\"}]},{\"@type\":\"WebSite\",\"@id\":\"https:\/\/safras.com.br\/es\/#website\",\"url\":\"https:\/\/safras.com.br\/es\/\",\"name\":\"SAFRAS & Mercado\",\"description\":\"El ecosistema de agronegocios\",\"publisher\":{\"@id\":\"https:\/\/safras.com.br\/es\/#organization\"},\"potentialAction\":[{\"@type\":\"SearchAction\",\"target\":{\"@type\":\"EntryPoint\",\"urlTemplate\":\"https:\/\/safras.com.br\/es\/?s={search_term_string}\"},\"query-input\":{\"@type\":\"PropertyValueSpecification\",\"valueRequired\":true,\"valueName\":\"search_term_string\"}}],\"inLanguage\":\"es\"},{\"@type\":\"Organization\",\"@id\":\"https:\/\/safras.com.br\/es\/#organization\",\"name\":\"SAFRAS & Mercado\",\"url\":\"https:\/\/safras.com.br\/es\/\",\"logo\":{\"@type\":\"ImageObject\",\"inLanguage\":\"es\",\"@id\":\"https:\/\/safras.com.br\/es\/#\/schema\/logo\/image\/\",\"url\":\"https:\/\/safras.com.br\/es\/wp-content\/uploads\/2023\/01\/cropped-favicon.png\",\"contentUrl\":\"https:\/\/safras.com.br\/es\/wp-content\/uploads\/2023\/01\/cropped-favicon.png\",\"width\":512,\"height\":512,\"caption\":\"SAFRAS & Mercado\"},\"image\":{\"@id\":\"https:\/\/safras.com.br\/es\/#\/schema\/logo\/image\/\"}},{\"@type\":\"Person\",\"@id\":\"https:\/\/safras.com.br\/es\/#\/schema\/person\/8a6e0df178260e340253292bf04da747\",\"name\":\"Horacio Vera\",\"image\":{\"@type\":\"ImageObject\",\"inLanguage\":\"es\",\"@id\":\"https:\/\/safras.com.br\/es\/#\/schema\/person\/image\/\",\"url\":\"https:\/\/secure.gravatar.com\/avatar\/bc30669cd90fb2e21304f48bfae82357e2f9224933e78600478745d017747a8f?s=96&d=mm&r=g\",\"contentUrl\":\"https:\/\/secure.gravatar.com\/avatar\/bc30669cd90fb2e21304f48bfae82357e2f9224933e78600478745d017747a8f?s=96&d=mm&r=g\",\"caption\":\"Horacio Vera\"},\"url\":\"https:\/\/safras.com.br\/es\/author\/sf_horacio\/\"}]}<\/script>\n<!-- \/ Yoast SEO plugin. -->","yoast_head_json":{"title":"Milei proyecta ca\u00edda de inflaci\u00f3n a mitad de a\u00f1o y d\u00f3lar a la baja - SAFRAS &amp; Mercado","robots":{"index":"index","follow":"follow","max-snippet":"max-snippet:-1","max-image-preview":"max-image-preview:large","max-video-preview":"max-video-preview:-1"},"canonical":"https:\/\/safras.com.br\/es\/milei-proyecta-caida-de-inflacion-a-mitad-de-ano-y-dolar-a-la-baja\/","og_locale":"es_ES","og_type":"article","og_title":"Milei proyecta ca\u00edda de inflaci\u00f3n a mitad de a\u00f1o y d\u00f3lar a la baja - SAFRAS &amp; Mercado","og_description":"El presidente Javier Milei anticip\u00f3 que el tipo de cambio oficial tender\u00e1 a la baja, acerc\u00e1ndose al piso de la banda cambiaria establecida entre $1000 y $1400. Tambi\u00e9n, proyect\u00f3 que, para mediados de 2025, la inflaci\u00f3n podr\u00eda caer por debajo del 1%, como resultado del ajuste fiscal, la emisi\u00f3n cero y el saneamiento del balance [&hellip;]","og_url":"https:\/\/safras.com.br\/es\/milei-proyecta-caida-de-inflacion-a-mitad-de-ano-y-dolar-a-la-baja\/","og_site_name":"SAFRAS &amp; Mercado","article_published_time":"2025-04-15T13:05:17+00:00","og_image":[{"width":1069,"height":1080,"url":"https:\/\/safras.com.br\/es\/wp-content\/uploads\/2025\/04\/MILEI55.jpeg","type":"image\/jpeg"}],"author":"Horacio Vera","twitter_card":"summary_large_image","twitter_misc":{"Escrito por":"Horacio Vera","Tiempo de lectura":"2 minutos"},"schema":{"@context":"https:\/\/schema.org","@graph":[{"@type":"Article","@id":"https:\/\/safras.com.br\/es\/milei-proyecta-caida-de-inflacion-a-mitad-de-ano-y-dolar-a-la-baja\/#article","isPartOf":{"@id":"https:\/\/safras.com.br\/es\/milei-proyecta-caida-de-inflacion-a-mitad-de-ano-y-dolar-a-la-baja\/"},"author":{"name":"Horacio Vera","@id":"https:\/\/safras.com.br\/es\/#\/schema\/person\/8a6e0df178260e340253292bf04da747"},"headline":"Milei proyecta ca\u00edda de inflaci\u00f3n a mitad de a\u00f1o y d\u00f3lar a la baja","datePublished":"2025-04-15T13:05:17+00:00","mainEntityOfPage":{"@id":"https:\/\/safras.com.br\/es\/milei-proyecta-caida-de-inflacion-a-mitad-de-ano-y-dolar-a-la-baja\/"},"wordCount":362,"commentCount":0,"publisher":{"@id":"https:\/\/safras.com.br\/es\/#organization"},"image":{"@id":"https:\/\/safras.com.br\/es\/milei-proyecta-caida-de-inflacion-a-mitad-de-ano-y-dolar-a-la-baja\/#primaryimage"},"thumbnailUrl":"https:\/\/safras.com.br\/es\/wp-content\/uploads\/2025\/04\/MILEI55.jpeg","articleSection":["Noticias Financieras"],"inLanguage":"es","potentialAction":[{"@type":"CommentAction","name":"Comment","target":["https:\/\/safras.com.br\/es\/milei-proyecta-caida-de-inflacion-a-mitad-de-ano-y-dolar-a-la-baja\/#respond"]}]},{"@type":"WebPage","@id":"https:\/\/safras.com.br\/es\/milei-proyecta-caida-de-inflacion-a-mitad-de-ano-y-dolar-a-la-baja\/","url":"https:\/\/safras.com.br\/es\/milei-proyecta-caida-de-inflacion-a-mitad-de-ano-y-dolar-a-la-baja\/","name":"Milei proyecta ca\u00edda de inflaci\u00f3n a mitad de a\u00f1o y d\u00f3lar a la baja - SAFRAS &amp; Mercado","isPartOf":{"@id":"https:\/\/safras.com.br\/es\/#website"},"primaryImageOfPage":{"@id":"https:\/\/safras.com.br\/es\/milei-proyecta-caida-de-inflacion-a-mitad-de-ano-y-dolar-a-la-baja\/#primaryimage"},"image":{"@id":"https:\/\/safras.com.br\/es\/milei-proyecta-caida-de-inflacion-a-mitad-de-ano-y-dolar-a-la-baja\/#primaryimage"},"thumbnailUrl":"https:\/\/safras.com.br\/es\/wp-content\/uploads\/2025\/04\/MILEI55.jpeg","datePublished":"2025-04-15T13:05:17+00:00","breadcrumb":{"@id":"https:\/\/safras.com.br\/es\/milei-proyecta-caida-de-inflacion-a-mitad-de-ano-y-dolar-a-la-baja\/#breadcrumb"},"inLanguage":"es","potentialAction":[{"@type":"ReadAction","target":["https:\/\/safras.com.br\/es\/milei-proyecta-caida-de-inflacion-a-mitad-de-ano-y-dolar-a-la-baja\/"]}]},{"@type":"ImageObject","inLanguage":"es","@id":"https:\/\/safras.com.br\/es\/milei-proyecta-caida-de-inflacion-a-mitad-de-ano-y-dolar-a-la-baja\/#primaryimage","url":"https:\/\/safras.com.br\/es\/wp-content\/uploads\/2025\/04\/MILEI55.jpeg","contentUrl":"https:\/\/safras.com.br\/es\/wp-content\/uploads\/2025\/04\/MILEI55.jpeg","width":1069,"height":1080,"caption":"MILEI55"},{"@type":"BreadcrumbList","@id":"https:\/\/safras.com.br\/es\/milei-proyecta-caida-de-inflacion-a-mitad-de-ano-y-dolar-a-la-baja\/#breadcrumb","itemListElement":[{"@type":"ListItem","position":1,"name":"Portada","item":"https:\/\/safras.com.br\/es\/"},{"@type":"ListItem","position":2,"name":"Milei proyecta ca\u00edda de inflaci\u00f3n a mitad de a\u00f1o y d\u00f3lar a la baja"}]},{"@type":"WebSite","@id":"https:\/\/safras.com.br\/es\/#website","url":"https:\/\/safras.com.br\/es\/","name":"SAFRAS & Mercado","description":"El ecosistema de agronegocios","publisher":{"@id":"https:\/\/safras.com.br\/es\/#organization"},"potentialAction":[{"@type":"SearchAction","target":{"@type":"EntryPoint","urlTemplate":"https:\/\/safras.com.br\/es\/?s={search_term_string}"},"query-input":{"@type":"PropertyValueSpecification","valueRequired":true,"valueName":"search_term_string"}}],"inLanguage":"es"},{"@type":"Organization","@id":"https:\/\/safras.com.br\/es\/#organization","name":"SAFRAS & Mercado","url":"https:\/\/safras.com.br\/es\/","logo":{"@type":"ImageObject","inLanguage":"es","@id":"https:\/\/safras.com.br\/es\/#\/schema\/logo\/image\/","url":"https:\/\/safras.com.br\/es\/wp-content\/uploads\/2023\/01\/cropped-favicon.png","contentUrl":"https:\/\/safras.com.br\/es\/wp-content\/uploads\/2023\/01\/cropped-favicon.png","width":512,"height":512,"caption":"SAFRAS & Mercado"},"image":{"@id":"https:\/\/safras.com.br\/es\/#\/schema\/logo\/image\/"}},{"@type":"Person","@id":"https:\/\/safras.com.br\/es\/#\/schema\/person\/8a6e0df178260e340253292bf04da747","name":"Horacio Vera","image":{"@type":"ImageObject","inLanguage":"es","@id":"https:\/\/safras.com.br\/es\/#\/schema\/person\/image\/","url":"https:\/\/secure.gravatar.com\/avatar\/bc30669cd90fb2e21304f48bfae82357e2f9224933e78600478745d017747a8f?s=96&d=mm&r=g","contentUrl":"https:\/\/secure.gravatar.com\/avatar\/bc30669cd90fb2e21304f48bfae82357e2f9224933e78600478745d017747a8f?s=96&d=mm&r=g","caption":"Horacio Vera"},"url":"https:\/\/safras.com.br\/es\/author\/sf_horacio\/"}]}},"_links":{"self":[{"href":"https:\/\/safras.com.br\/es\/wp-json\/wp\/v2\/posts\/65180","targetHints":{"allow":["GET"]}}],"collection":[{"href":"https:\/\/safras.com.br\/es\/wp-json\/wp\/v2\/posts"}],"about":[{"href":"https:\/\/safras.com.br\/es\/wp-json\/wp\/v2\/types\/post"}],"author":[{"embeddable":true,"href":"https:\/\/safras.com.br\/es\/wp-json\/wp\/v2\/users\/13"}],"replies":[{"embeddable":true,"href":"https:\/\/safras.com.br\/es\/wp-json\/wp\/v2\/comments?post=65180"}],"version-history":[{"count":1,"href":"https:\/\/safras.com.br\/es\/wp-json\/wp\/v2\/posts\/65180\/revisions"}],"predecessor-version":[{"id":65182,"href":"https:\/\/safras.com.br\/es\/wp-json\/wp\/v2\/posts\/65180\/revisions\/65182"}],"wp:featuredmedia":[{"embeddable":true,"href":"https:\/\/safras.com.br\/es\/wp-json\/wp\/v2\/media\/65181"}],"wp:attachment":[{"href":"https:\/\/safras.com.br\/es\/wp-json\/wp\/v2\/media?parent=65180"}],"wp:term":[{"taxonomy":"category","embeddable":true,"href":"https:\/\/safras.com.br\/es\/wp-json\/wp\/v2\/categories?post=65180"},{"taxonomy":"post_tag","embeddable":true,"href":"https:\/\/safras.com.br\/es\/wp-json\/wp\/v2\/tags?post=65180"},{"taxonomy":"commodity","embeddable":true,"href":"https:\/\/safras.com.br\/es\/wp-json\/wp\/v2\/commodity?post=65180"}],"curies":[{"name":"wp","href":"https:\/\/api.w.org\/{rel}","templated":true}]}}