{"id":65166,"date":"2025-04-14T10:13:18","date_gmt":"2025-04-14T13:13:18","guid":{"rendered":"https:\/\/safras.com.br\/es\/?p=65166"},"modified":"2025-04-14T10:13:18","modified_gmt":"2025-04-14T13:13:18","slug":"fmi-confirma-acuerdo-por-us-20-000-mi-con-argentina-hasta-2029","status":"publish","type":"post","link":"https:\/\/safras.com.br\/es\/fmi-confirma-acuerdo-por-us-20-000-mi-con-argentina-hasta-2029\/","title":{"rendered":"FMI confirma acuerdo por US$ 20.000 mi con Argentina hasta 2029"},"content":{"rendered":"<p>El Fondo Monetario Internacional (FMI) aprob\u00f3 un nuevo acuerdo con Argentina bajo el Servicio Ampliado del Fondo (SAF) por un total de aproximadamente US$ 20.000 millones de d\u00f3lares, con un primer desembolso inmediato de US$ 12.000 millones y revisiones peri\u00f3dicas a lo largo de los pr\u00f3ximos cuatro a\u00f1os.<\/p>\n<p>&nbsp;<\/p>\n<p>Esta decisi\u00f3n responde a una solicitud del gobierno argentino, que busca apoyo financiero para consolidar los avances iniciales en estabilizaci\u00f3n econ\u00f3mica, al tiempo que enfrenta una situaci\u00f3n a\u00fan fr\u00e1gil en su balanza de pagos y elevados riesgos externos e internos.<\/p>\n<p>&nbsp;<\/p>\n<p>La primera revisi\u00f3n ser\u00e1 el 15 de junio de 2025 y promete un desembolso de US$ 2.028 millones. Luego, seguir\u00e1 otra revisi\u00f3n el 15 de noviembre de 2025 por un desembolso de US$ 1.012 millones.<\/p>\n<p>&nbsp;<\/p>\n<p>Desde 2026, las revisiones ser\u00e1n semestrales para los meses de mayo y noviembre, con desembolsos pactados por US$ 723 millones. El programa finaliza en marzo de 2029.<\/p>\n<p>&nbsp;<\/p>\n<p>El nuevo acuerdo respalda las reformas ya implementadas por el gobierno de Javier Milei, como un fuerte ajuste fiscal, una gran devaluaci\u00f3n inicial, una pol\u00edtica monetaria contractiva y un proceso de desregulaci\u00f3n.<\/p>\n<p>&nbsp;<\/p>\n<p>Sin embargo, el FMI advierte que los desaf\u00edos siguen siendo importantes: las reservas externas a\u00fan son bajas, la inflaci\u00f3n se mantiene alta y hay numerosos obst\u00e1culos estructurales que dificultan la inversi\u00f3n, el empleo y el crecimiento.<\/p>\n<p>&nbsp;<\/p>\n<p>Adem\u00e1s, se prev\u00e9 una profunda agenda de reformas estructurales que abarcan desde la flexibilizaci\u00f3n de mercados laborales y de productos, hasta la reducci\u00f3n del tama\u00f1o del Estado, pasando por mejoras en la gobernanza, la transparencia y la lucha contra la corrupci\u00f3n.<\/p>\n<p>&nbsp;<\/p>\n<p>En el \u00e1mbito fiscal, el gobierno argentino trabaja en una Ley de Responsabilidad Fiscal con un objetivo de d\u00e9ficit cero para diciembre de 2026, adem\u00e1s de una reforma tributaria que se presentar\u00e1 ante el FMI en diciembre de 2025 y al Congreso en 2026.<\/p>\n<p>&nbsp;<\/p>\n<p>Tambi\u00e9n se espera una reforma en el sistema de coparticipaci\u00f3n federal. En cuanto a proyecciones econ\u00f3micas, se espera que en 2027, el Producto Bruto Interno (PBI) de Argentina crezca un 4%, con una inflaci\u00f3n de 7,5%. Para 2028, se prev\u00e9 un crecimiento del 3,2% del PBI, con la misma tasa de inflaci\u00f3n, mientras que para 2029, se estima una inflaci\u00f3n del 7,5% y un crecimiento del 3,1% del PBI.<\/p>\n<p>&nbsp;<\/p>\n<p>En el plano fiscal, se busca alcanzar un super\u00e1vit primario de 2,5% del PIB a mediano plazo, con reformas que apuntan a reducir impuestos distorsivos y mejorar la administraci\u00f3n tributaria y aduanera. Tambi\u00e9n se impulsar\u00e1 una reforma del sistema de coparticipaci\u00f3n de impuestos, y se avanzar\u00e1 en la reforma previsional para mejorar la equidad y la sostenibilidad del sistema. En el sector energ\u00e9tico, se continuar\u00e1 con el proceso de eliminaci\u00f3n de subsidios y se simplificar\u00e1 el esquema de tarifas.<\/p>\n<p>&nbsp;<\/p>\n<p>Adem\u00e1s, se espera que el programa facilite el regreso de Argentina a los mercados internacionales de capital para 2026 y catalice financiamiento adicional de organismos multilaterales como el Banco Mundial y el BID.<\/p>\n","protected":false},"excerpt":{"rendered":"<p>El Fondo Monetario Internacional (FMI) aprob\u00f3 un nuevo acuerdo con Argentina bajo el Servicio Ampliado del Fondo (SAF) por un total de aproximadamente US$ 20.000 millones de d\u00f3lares, con un primer desembolso inmediato de US$ 12.000 millones y revisiones peri\u00f3dicas a lo largo de los pr\u00f3ximos cuatro a\u00f1os. &nbsp; Esta decisi\u00f3n responde a una solicitud [&hellip;]<\/p>\n","protected":false},"author":13,"featured_media":65167,"comment_status":"open","ping_status":"closed","sticky":false,"template":"","format":"standard","meta":{"_acf_changed":false,"footnotes":""},"categories":[444],"tags":[],"commodity":[],"class_list":["post-65166","post","type-post","status-publish","format-standard","has-post-thumbnail","hentry","category-noticias-financieras"],"acf":[],"yoast_head":"<!-- This site is optimized with the Yoast SEO plugin v26.5 - https:\/\/yoast.com\/wordpress\/plugins\/seo\/ -->\n<title>FMI confirma acuerdo por US$ 20.000 mi con Argentina hasta 2029 - SAFRAS &amp; Mercado<\/title>\n<meta name=\"robots\" content=\"index, follow, max-snippet:-1, max-image-preview:large, max-video-preview:-1\" \/>\n<link rel=\"canonical\" href=\"https:\/\/safras.com.br\/es\/fmi-confirma-acuerdo-por-us-20-000-mi-con-argentina-hasta-2029\/\" \/>\n<meta property=\"og:locale\" content=\"es_ES\" \/>\n<meta property=\"og:type\" content=\"article\" \/>\n<meta property=\"og:title\" content=\"FMI confirma acuerdo por US$ 20.000 mi con Argentina hasta 2029 - SAFRAS &amp; Mercado\" \/>\n<meta property=\"og:description\" content=\"El Fondo Monetario Internacional (FMI) aprob\u00f3 un nuevo acuerdo con Argentina bajo el Servicio Ampliado del Fondo (SAF) por un total de aproximadamente US$ 20.000 millones de d\u00f3lares, con un primer desembolso inmediato de US$ 12.000 millones y revisiones peri\u00f3dicas a lo largo de los pr\u00f3ximos cuatro a\u00f1os. &nbsp; Esta decisi\u00f3n responde a una solicitud [&hellip;]\" \/>\n<meta property=\"og:url\" content=\"https:\/\/safras.com.br\/es\/fmi-confirma-acuerdo-por-us-20-000-mi-con-argentina-hasta-2029\/\" \/>\n<meta property=\"og:site_name\" content=\"SAFRAS &amp; Mercado\" \/>\n<meta property=\"article:published_time\" content=\"2025-04-14T13:13:18+00:00\" \/>\n<meta property=\"og:image\" content=\"https:\/\/safras.com.br\/es\/wp-content\/uploads\/2025\/04\/FMI2.jpg\" \/>\n\t<meta property=\"og:image:width\" content=\"1733\" \/>\n\t<meta property=\"og:image:height\" content=\"662\" \/>\n\t<meta property=\"og:image:type\" content=\"image\/jpeg\" \/>\n<meta name=\"author\" content=\"Horacio Vera\" \/>\n<meta name=\"twitter:card\" content=\"summary_large_image\" \/>\n<meta name=\"twitter:label1\" content=\"Escrito por\" \/>\n\t<meta name=\"twitter:data1\" content=\"Horacio Vera\" \/>\n\t<meta name=\"twitter:label2\" content=\"Tiempo de lectura\" \/>\n\t<meta name=\"twitter:data2\" content=\"3 minutos\" \/>\n<script type=\"application\/ld+json\" class=\"yoast-schema-graph\">{\"@context\":\"https:\/\/schema.org\",\"@graph\":[{\"@type\":\"Article\",\"@id\":\"https:\/\/safras.com.br\/es\/fmi-confirma-acuerdo-por-us-20-000-mi-con-argentina-hasta-2029\/#article\",\"isPartOf\":{\"@id\":\"https:\/\/safras.com.br\/es\/fmi-confirma-acuerdo-por-us-20-000-mi-con-argentina-hasta-2029\/\"},\"author\":{\"name\":\"Horacio Vera\",\"@id\":\"https:\/\/safras.com.br\/es\/#\/schema\/person\/8a6e0df178260e340253292bf04da747\"},\"headline\":\"FMI confirma acuerdo por US$ 20.000 mi con Argentina hasta 2029\",\"datePublished\":\"2025-04-14T13:13:18+00:00\",\"mainEntityOfPage\":{\"@id\":\"https:\/\/safras.com.br\/es\/fmi-confirma-acuerdo-por-us-20-000-mi-con-argentina-hasta-2029\/\"},\"wordCount\":520,\"commentCount\":0,\"publisher\":{\"@id\":\"https:\/\/safras.com.br\/es\/#organization\"},\"image\":{\"@id\":\"https:\/\/safras.com.br\/es\/fmi-confirma-acuerdo-por-us-20-000-mi-con-argentina-hasta-2029\/#primaryimage\"},\"thumbnailUrl\":\"https:\/\/safras.com.br\/es\/wp-content\/uploads\/2025\/04\/FMI2.jpg\",\"articleSection\":[\"Noticias Financieras\"],\"inLanguage\":\"es\",\"potentialAction\":[{\"@type\":\"CommentAction\",\"name\":\"Comment\",\"target\":[\"https:\/\/safras.com.br\/es\/fmi-confirma-acuerdo-por-us-20-000-mi-con-argentina-hasta-2029\/#respond\"]}]},{\"@type\":\"WebPage\",\"@id\":\"https:\/\/safras.com.br\/es\/fmi-confirma-acuerdo-por-us-20-000-mi-con-argentina-hasta-2029\/\",\"url\":\"https:\/\/safras.com.br\/es\/fmi-confirma-acuerdo-por-us-20-000-mi-con-argentina-hasta-2029\/\",\"name\":\"FMI confirma acuerdo por US$ 20.000 mi con Argentina hasta 2029 - SAFRAS &amp; Mercado\",\"isPartOf\":{\"@id\":\"https:\/\/safras.com.br\/es\/#website\"},\"primaryImageOfPage\":{\"@id\":\"https:\/\/safras.com.br\/es\/fmi-confirma-acuerdo-por-us-20-000-mi-con-argentina-hasta-2029\/#primaryimage\"},\"image\":{\"@id\":\"https:\/\/safras.com.br\/es\/fmi-confirma-acuerdo-por-us-20-000-mi-con-argentina-hasta-2029\/#primaryimage\"},\"thumbnailUrl\":\"https:\/\/safras.com.br\/es\/wp-content\/uploads\/2025\/04\/FMI2.jpg\",\"datePublished\":\"2025-04-14T13:13:18+00:00\",\"breadcrumb\":{\"@id\":\"https:\/\/safras.com.br\/es\/fmi-confirma-acuerdo-por-us-20-000-mi-con-argentina-hasta-2029\/#breadcrumb\"},\"inLanguage\":\"es\",\"potentialAction\":[{\"@type\":\"ReadAction\",\"target\":[\"https:\/\/safras.com.br\/es\/fmi-confirma-acuerdo-por-us-20-000-mi-con-argentina-hasta-2029\/\"]}]},{\"@type\":\"ImageObject\",\"inLanguage\":\"es\",\"@id\":\"https:\/\/safras.com.br\/es\/fmi-confirma-acuerdo-por-us-20-000-mi-con-argentina-hasta-2029\/#primaryimage\",\"url\":\"https:\/\/safras.com.br\/es\/wp-content\/uploads\/2025\/04\/FMI2.jpg\",\"contentUrl\":\"https:\/\/safras.com.br\/es\/wp-content\/uploads\/2025\/04\/FMI2.jpg\",\"width\":1733,\"height\":662,\"caption\":\"FMI2\"},{\"@type\":\"BreadcrumbList\",\"@id\":\"https:\/\/safras.com.br\/es\/fmi-confirma-acuerdo-por-us-20-000-mi-con-argentina-hasta-2029\/#breadcrumb\",\"itemListElement\":[{\"@type\":\"ListItem\",\"position\":1,\"name\":\"Portada\",\"item\":\"https:\/\/safras.com.br\/es\/\"},{\"@type\":\"ListItem\",\"position\":2,\"name\":\"FMI confirma acuerdo por US$ 20.000 mi con Argentina hasta 2029\"}]},{\"@type\":\"WebSite\",\"@id\":\"https:\/\/safras.com.br\/es\/#website\",\"url\":\"https:\/\/safras.com.br\/es\/\",\"name\":\"SAFRAS & Mercado\",\"description\":\"El ecosistema de agronegocios\",\"publisher\":{\"@id\":\"https:\/\/safras.com.br\/es\/#organization\"},\"potentialAction\":[{\"@type\":\"SearchAction\",\"target\":{\"@type\":\"EntryPoint\",\"urlTemplate\":\"https:\/\/safras.com.br\/es\/?s={search_term_string}\"},\"query-input\":{\"@type\":\"PropertyValueSpecification\",\"valueRequired\":true,\"valueName\":\"search_term_string\"}}],\"inLanguage\":\"es\"},{\"@type\":\"Organization\",\"@id\":\"https:\/\/safras.com.br\/es\/#organization\",\"name\":\"SAFRAS & Mercado\",\"url\":\"https:\/\/safras.com.br\/es\/\",\"logo\":{\"@type\":\"ImageObject\",\"inLanguage\":\"es\",\"@id\":\"https:\/\/safras.com.br\/es\/#\/schema\/logo\/image\/\",\"url\":\"https:\/\/safras.com.br\/es\/wp-content\/uploads\/2023\/01\/cropped-favicon.png\",\"contentUrl\":\"https:\/\/safras.com.br\/es\/wp-content\/uploads\/2023\/01\/cropped-favicon.png\",\"width\":512,\"height\":512,\"caption\":\"SAFRAS & Mercado\"},\"image\":{\"@id\":\"https:\/\/safras.com.br\/es\/#\/schema\/logo\/image\/\"}},{\"@type\":\"Person\",\"@id\":\"https:\/\/safras.com.br\/es\/#\/schema\/person\/8a6e0df178260e340253292bf04da747\",\"name\":\"Horacio Vera\",\"image\":{\"@type\":\"ImageObject\",\"inLanguage\":\"es\",\"@id\":\"https:\/\/safras.com.br\/es\/#\/schema\/person\/image\/\",\"url\":\"https:\/\/secure.gravatar.com\/avatar\/bc30669cd90fb2e21304f48bfae82357e2f9224933e78600478745d017747a8f?s=96&d=mm&r=g\",\"contentUrl\":\"https:\/\/secure.gravatar.com\/avatar\/bc30669cd90fb2e21304f48bfae82357e2f9224933e78600478745d017747a8f?s=96&d=mm&r=g\",\"caption\":\"Horacio Vera\"},\"url\":\"https:\/\/safras.com.br\/es\/author\/sf_horacio\/\"}]}<\/script>\n<!-- \/ Yoast SEO plugin. -->","yoast_head_json":{"title":"FMI confirma acuerdo por US$ 20.000 mi con Argentina hasta 2029 - SAFRAS &amp; Mercado","robots":{"index":"index","follow":"follow","max-snippet":"max-snippet:-1","max-image-preview":"max-image-preview:large","max-video-preview":"max-video-preview:-1"},"canonical":"https:\/\/safras.com.br\/es\/fmi-confirma-acuerdo-por-us-20-000-mi-con-argentina-hasta-2029\/","og_locale":"es_ES","og_type":"article","og_title":"FMI confirma acuerdo por US$ 20.000 mi con Argentina hasta 2029 - SAFRAS &amp; Mercado","og_description":"El Fondo Monetario Internacional (FMI) aprob\u00f3 un nuevo acuerdo con Argentina bajo el Servicio Ampliado del Fondo (SAF) por un total de aproximadamente US$ 20.000 millones de d\u00f3lares, con un primer desembolso inmediato de US$ 12.000 millones y revisiones peri\u00f3dicas a lo largo de los pr\u00f3ximos cuatro a\u00f1os. &nbsp; Esta decisi\u00f3n responde a una solicitud [&hellip;]","og_url":"https:\/\/safras.com.br\/es\/fmi-confirma-acuerdo-por-us-20-000-mi-con-argentina-hasta-2029\/","og_site_name":"SAFRAS &amp; Mercado","article_published_time":"2025-04-14T13:13:18+00:00","og_image":[{"width":1733,"height":662,"url":"https:\/\/safras.com.br\/es\/wp-content\/uploads\/2025\/04\/FMI2.jpg","type":"image\/jpeg"}],"author":"Horacio Vera","twitter_card":"summary_large_image","twitter_misc":{"Escrito por":"Horacio Vera","Tiempo de lectura":"3 minutos"},"schema":{"@context":"https:\/\/schema.org","@graph":[{"@type":"Article","@id":"https:\/\/safras.com.br\/es\/fmi-confirma-acuerdo-por-us-20-000-mi-con-argentina-hasta-2029\/#article","isPartOf":{"@id":"https:\/\/safras.com.br\/es\/fmi-confirma-acuerdo-por-us-20-000-mi-con-argentina-hasta-2029\/"},"author":{"name":"Horacio Vera","@id":"https:\/\/safras.com.br\/es\/#\/schema\/person\/8a6e0df178260e340253292bf04da747"},"headline":"FMI confirma acuerdo por US$ 20.000 mi con Argentina hasta 2029","datePublished":"2025-04-14T13:13:18+00:00","mainEntityOfPage":{"@id":"https:\/\/safras.com.br\/es\/fmi-confirma-acuerdo-por-us-20-000-mi-con-argentina-hasta-2029\/"},"wordCount":520,"commentCount":0,"publisher":{"@id":"https:\/\/safras.com.br\/es\/#organization"},"image":{"@id":"https:\/\/safras.com.br\/es\/fmi-confirma-acuerdo-por-us-20-000-mi-con-argentina-hasta-2029\/#primaryimage"},"thumbnailUrl":"https:\/\/safras.com.br\/es\/wp-content\/uploads\/2025\/04\/FMI2.jpg","articleSection":["Noticias Financieras"],"inLanguage":"es","potentialAction":[{"@type":"CommentAction","name":"Comment","target":["https:\/\/safras.com.br\/es\/fmi-confirma-acuerdo-por-us-20-000-mi-con-argentina-hasta-2029\/#respond"]}]},{"@type":"WebPage","@id":"https:\/\/safras.com.br\/es\/fmi-confirma-acuerdo-por-us-20-000-mi-con-argentina-hasta-2029\/","url":"https:\/\/safras.com.br\/es\/fmi-confirma-acuerdo-por-us-20-000-mi-con-argentina-hasta-2029\/","name":"FMI confirma acuerdo por US$ 20.000 mi con Argentina hasta 2029 - SAFRAS &amp; Mercado","isPartOf":{"@id":"https:\/\/safras.com.br\/es\/#website"},"primaryImageOfPage":{"@id":"https:\/\/safras.com.br\/es\/fmi-confirma-acuerdo-por-us-20-000-mi-con-argentina-hasta-2029\/#primaryimage"},"image":{"@id":"https:\/\/safras.com.br\/es\/fmi-confirma-acuerdo-por-us-20-000-mi-con-argentina-hasta-2029\/#primaryimage"},"thumbnailUrl":"https:\/\/safras.com.br\/es\/wp-content\/uploads\/2025\/04\/FMI2.jpg","datePublished":"2025-04-14T13:13:18+00:00","breadcrumb":{"@id":"https:\/\/safras.com.br\/es\/fmi-confirma-acuerdo-por-us-20-000-mi-con-argentina-hasta-2029\/#breadcrumb"},"inLanguage":"es","potentialAction":[{"@type":"ReadAction","target":["https:\/\/safras.com.br\/es\/fmi-confirma-acuerdo-por-us-20-000-mi-con-argentina-hasta-2029\/"]}]},{"@type":"ImageObject","inLanguage":"es","@id":"https:\/\/safras.com.br\/es\/fmi-confirma-acuerdo-por-us-20-000-mi-con-argentina-hasta-2029\/#primaryimage","url":"https:\/\/safras.com.br\/es\/wp-content\/uploads\/2025\/04\/FMI2.jpg","contentUrl":"https:\/\/safras.com.br\/es\/wp-content\/uploads\/2025\/04\/FMI2.jpg","width":1733,"height":662,"caption":"FMI2"},{"@type":"BreadcrumbList","@id":"https:\/\/safras.com.br\/es\/fmi-confirma-acuerdo-por-us-20-000-mi-con-argentina-hasta-2029\/#breadcrumb","itemListElement":[{"@type":"ListItem","position":1,"name":"Portada","item":"https:\/\/safras.com.br\/es\/"},{"@type":"ListItem","position":2,"name":"FMI confirma acuerdo por US$ 20.000 mi con Argentina hasta 2029"}]},{"@type":"WebSite","@id":"https:\/\/safras.com.br\/es\/#website","url":"https:\/\/safras.com.br\/es\/","name":"SAFRAS & Mercado","description":"El ecosistema de agronegocios","publisher":{"@id":"https:\/\/safras.com.br\/es\/#organization"},"potentialAction":[{"@type":"SearchAction","target":{"@type":"EntryPoint","urlTemplate":"https:\/\/safras.com.br\/es\/?s={search_term_string}"},"query-input":{"@type":"PropertyValueSpecification","valueRequired":true,"valueName":"search_term_string"}}],"inLanguage":"es"},{"@type":"Organization","@id":"https:\/\/safras.com.br\/es\/#organization","name":"SAFRAS & Mercado","url":"https:\/\/safras.com.br\/es\/","logo":{"@type":"ImageObject","inLanguage":"es","@id":"https:\/\/safras.com.br\/es\/#\/schema\/logo\/image\/","url":"https:\/\/safras.com.br\/es\/wp-content\/uploads\/2023\/01\/cropped-favicon.png","contentUrl":"https:\/\/safras.com.br\/es\/wp-content\/uploads\/2023\/01\/cropped-favicon.png","width":512,"height":512,"caption":"SAFRAS & Mercado"},"image":{"@id":"https:\/\/safras.com.br\/es\/#\/schema\/logo\/image\/"}},{"@type":"Person","@id":"https:\/\/safras.com.br\/es\/#\/schema\/person\/8a6e0df178260e340253292bf04da747","name":"Horacio Vera","image":{"@type":"ImageObject","inLanguage":"es","@id":"https:\/\/safras.com.br\/es\/#\/schema\/person\/image\/","url":"https:\/\/secure.gravatar.com\/avatar\/bc30669cd90fb2e21304f48bfae82357e2f9224933e78600478745d017747a8f?s=96&d=mm&r=g","contentUrl":"https:\/\/secure.gravatar.com\/avatar\/bc30669cd90fb2e21304f48bfae82357e2f9224933e78600478745d017747a8f?s=96&d=mm&r=g","caption":"Horacio Vera"},"url":"https:\/\/safras.com.br\/es\/author\/sf_horacio\/"}]}},"_links":{"self":[{"href":"https:\/\/safras.com.br\/es\/wp-json\/wp\/v2\/posts\/65166","targetHints":{"allow":["GET"]}}],"collection":[{"href":"https:\/\/safras.com.br\/es\/wp-json\/wp\/v2\/posts"}],"about":[{"href":"https:\/\/safras.com.br\/es\/wp-json\/wp\/v2\/types\/post"}],"author":[{"embeddable":true,"href":"https:\/\/safras.com.br\/es\/wp-json\/wp\/v2\/users\/13"}],"replies":[{"embeddable":true,"href":"https:\/\/safras.com.br\/es\/wp-json\/wp\/v2\/comments?post=65166"}],"version-history":[{"count":1,"href":"https:\/\/safras.com.br\/es\/wp-json\/wp\/v2\/posts\/65166\/revisions"}],"predecessor-version":[{"id":65168,"href":"https:\/\/safras.com.br\/es\/wp-json\/wp\/v2\/posts\/65166\/revisions\/65168"}],"wp:featuredmedia":[{"embeddable":true,"href":"https:\/\/safras.com.br\/es\/wp-json\/wp\/v2\/media\/65167"}],"wp:attachment":[{"href":"https:\/\/safras.com.br\/es\/wp-json\/wp\/v2\/media?parent=65166"}],"wp:term":[{"taxonomy":"category","embeddable":true,"href":"https:\/\/safras.com.br\/es\/wp-json\/wp\/v2\/categories?post=65166"},{"taxonomy":"post_tag","embeddable":true,"href":"https:\/\/safras.com.br\/es\/wp-json\/wp\/v2\/tags?post=65166"},{"taxonomy":"commodity","embeddable":true,"href":"https:\/\/safras.com.br\/es\/wp-json\/wp\/v2\/commodity?post=65166"}],"curies":[{"name":"wp","href":"https:\/\/api.w.org\/{rel}","templated":true}]}}