{"id":45434,"date":"2022-12-13T09:05:02","date_gmt":"2022-12-13T12:05:02","guid":{"rendered":"https:\/\/safras.com.br\/?p=45434"},"modified":"2022-12-13T09:05:02","modified_gmt":"2022-12-13T12:05:02","slug":"brazilian-market-of-corn-is-emptied-by-record-exports","status":"publish","type":"post","link":"https:\/\/safras.com.br\/eng\/brazilian-market-of-corn-is-emptied-by-record-exports\/","title":{"rendered":"Brazilian market of corn is emptied by record exports"},"content":{"rendered":"\n<p>&nbsp;&nbsp;&nbsp;&nbsp; Porto Alegre, December 13, 2022 &#8211; The preparation of consumers for this turn of the year does not allow the market to reflect the very high Brazilian exports of 2022. Furthermore, the need for space for the soybean crop in January keeps the market with some regional offers that collaborate to hide the impact of the emptying of great offers in the internal market. The arrival of the summer crop, despite some concern in the Miss\u00f5es region, in Rio Grande do Sul, makes consumers focused on the regional harvest from January and with less interest in old-crop corn. Unchanged demand and record exports are a combination that could impact prices in the coming few weeks in the Brazilian market.<\/p>\n\n\n\n<p>&nbsp;&nbsp;&nbsp;&nbsp; Brazilian exports accumulated from February to December reached 43 mln tons. In a surprising December, with almost 7 mln tons nominated for shipment, exports confirm the new record and could definitively empty carryover stocks. January still has open shipping positions, but if the pace of December is sustained, we can estimate shipments of 2 to 3 mln tons, at least. It is clear that a volume like this will have an impact on the carryover stock environment and demand more from the arrival of the new crop.<\/p>\n\n\n\n<p>&nbsp;&nbsp;&nbsp;&nbsp; If the consumer sector is, once again, allowing for this strong export flow and working with short-term stocks, the concentration of purchases in the first regional harvests will be intense. One should not imagine that, in mid-December, there are still large volumes to be withdrawn from warehouses in the short term to put pressure on the domestic corn market. Fundamentals will need to prevail at some point in the market, as they have so far at the harvest of a record second crop of corn.<\/p>\n\n\n\n<p>&nbsp;&nbsp;&nbsp;&nbsp; In 2022, consumers adopted a posture of remaining slow in purchases and working with short stock positions, not accepting very high prices, and limiting increases in import cost levels. Imports from Argentina are currently limited due to the local export registration already at the limit. From Paraguay, maybe some batches are still possible. This means that the domestic market will have to be supplied with local and regional supply over the first semester. The issue is that there will still be exports through the port of Rio Grande in February and March, possibly being the price guide for the period. This competition between exporters and the entire domestic market boosts prices for the first half.<\/p>\n\n\n\n<p>&nbsp;&nbsp;&nbsp;&nbsp; At the same time, there is the decision of growers selling or not the summer corn. The issue of space will be important in the first semester and may define this marketing strategy, especially if soybean prices plummet, as it may happen, leading producers to retain soybeans and not corn. Trading progressed well in November, given the concern to empty warehouses, reaching 80% of the 2022 second crop. On the one hand, it met great export demand, on the other, it helped some consumers to position themselves in terms of longer stocks. This also reveals that selling pressure has passed, there is still internal demand for December and January, as well as the export commitments. We cannot consider the entry of the summer crop as a bearish indicator, since the consumer sector&#8217;s need to replenish stocks could cause a rush to the plantations at harvest.<\/p>\n\n\n\n<p>&nbsp;&nbsp;&nbsp;&nbsp; The climate has been regular for corn in the regions that plant the summer crop. The biggest concern, again, is part of Rio Grande do Sul, concentrated on the west side, Miss\u00f5es, where some loss of potential productivity might occur. In other regions, the situation is normal, with the harvest appearing in Paran\u00e1 and Santa Catarina in February, in S\u00e3o Paulo firstly in January and then in April and May, and then in Minas Gerais and Goi\u00e1s. The consumer sector will need to manage the first semester well to make domestic supply feasible and at still healthy prices.<\/p>\n\n\n\n<p>     Follow the&nbsp;<a href=\"https:\/\/safras.com.br\/\">Safras Agency<\/a>&nbsp;on our website. Also follow us on our&nbsp;<a href=\"https:\/\/www.instagram.com\/safrasmercado\/\">Instagram<\/a>&nbsp;and&nbsp;<a href=\"https:\/\/twitter.com\/safrasmercado\">Twitter<\/a>&nbsp;and stay on top of the main agribusiness news!<\/p>\n\n\n\n<p>Copyright 2022 &#8211; Grupo CMA<\/p>\n","protected":false},"excerpt":{"rendered":"<p>&nbsp;&nbsp;&nbsp;&nbsp; Porto Alegre, December 13, 2022 &#8211; The preparation of consumers for this turn of the year does not allow the market to reflect the very high Brazilian exports of 2022. Furthermore, the need for space for the soybean crop in January keeps the market with some regional offers that collaborate to hide the impact [&hellip;]<\/p>\n","protected":false},"author":5,"featured_media":64000,"comment_status":"closed","ping_status":"open","sticky":false,"template":"","format":"standard","meta":{"_acf_changed":false,"footnotes":""},"categories":[111],"tags":[],"commodity":[],"class_list":["post-45434","post","type-post","status-publish","format-standard","has-post-thumbnail","hentry","category-agribusiness-eng"],"acf":[],"yoast_head":"<!-- This site is optimized with the Yoast SEO plugin v26.1.1 - https:\/\/yoast.com\/wordpress\/plugins\/seo\/ -->\n<title>Brazilian market of corn is emptied by record exports - SAFRAS &amp; Market<\/title>\n<meta name=\"description\" content=\"The preparation of consumers for this turn of the year does not allow the market to reflect the very high Brazilian exports of 2022.\" \/>\n<meta name=\"robots\" content=\"noindex, follow, max-snippet:-1, max-image-preview:large, max-video-preview:-1\" \/>\n<meta property=\"og:locale\" content=\"en_US\" \/>\n<meta property=\"og:type\" content=\"article\" \/>\n<meta property=\"og:title\" content=\"Brazilian market of corn is emptied by record exports - SAFRAS &amp; Market\" \/>\n<meta property=\"og:description\" content=\"The preparation of consumers for this turn of the year does not allow the market to reflect the very high Brazilian exports of 2022.\" \/>\n<meta property=\"og:url\" content=\"https:\/\/safras.com.br\/eng\/brazilian-market-of-corn-is-emptied-by-record-exports\/\" \/>\n<meta property=\"og:site_name\" content=\"SAFRAS &amp; Market\" \/>\n<meta property=\"article:published_time\" content=\"2022-12-13T12:05:02+00:00\" \/>\n<meta property=\"og:image\" content=\"https:\/\/safras.com.br\/eng\/wp-content\/uploads\/2021\/04\/milho-espiga-graos-33-2.jpg\" \/>\n\t<meta property=\"og:image:width\" content=\"900\" \/>\n\t<meta property=\"og:image:height\" content=\"600\" \/>\n\t<meta property=\"og:image:type\" content=\"image\/jpeg\" \/>\n<meta name=\"author\" content=\"sf_arno\" \/>\n<meta name=\"twitter:card\" content=\"summary_large_image\" \/>\n<meta name=\"twitter:label1\" content=\"Written by\" \/>\n\t<meta name=\"twitter:data1\" content=\"sf_arno\" \/>\n\t<meta name=\"twitter:label2\" content=\"Est. reading time\" \/>\n\t<meta name=\"twitter:data2\" content=\"4 minutes\" \/>\n<script type=\"application\/ld+json\" class=\"yoast-schema-graph\">{\"@context\":\"https:\/\/schema.org\",\"@graph\":[{\"@type\":\"WebPage\",\"@id\":\"https:\/\/safras.com.br\/eng\/brazilian-market-of-corn-is-emptied-by-record-exports\/\",\"url\":\"https:\/\/safras.com.br\/eng\/brazilian-market-of-corn-is-emptied-by-record-exports\/\",\"name\":\"Brazilian market of corn is emptied by record exports - SAFRAS &amp; Market\",\"isPartOf\":{\"@id\":\"https:\/\/safras.com.br\/eng\/#website\"},\"primaryImageOfPage\":{\"@id\":\"https:\/\/safras.com.br\/eng\/brazilian-market-of-corn-is-emptied-by-record-exports\/#primaryimage\"},\"image\":{\"@id\":\"https:\/\/safras.com.br\/eng\/brazilian-market-of-corn-is-emptied-by-record-exports\/#primaryimage\"},\"thumbnailUrl\":\"https:\/\/safras.com.br\/eng\/wp-content\/uploads\/2021\/04\/milho-espiga-graos-33-2.jpg\",\"datePublished\":\"2022-12-13T12:05:02+00:00\",\"author\":{\"@id\":\"https:\/\/safras.com.br\/eng\/#\/schema\/person\/6b4f5f84555b26df81ebf265afeea468\"},\"description\":\"The preparation of consumers for this turn of the year does not allow the market to reflect the very high Brazilian exports of 2022.\",\"breadcrumb\":{\"@id\":\"https:\/\/safras.com.br\/eng\/brazilian-market-of-corn-is-emptied-by-record-exports\/#breadcrumb\"},\"inLanguage\":\"en-US\",\"potentialAction\":[{\"@type\":\"ReadAction\",\"target\":[\"https:\/\/safras.com.br\/eng\/brazilian-market-of-corn-is-emptied-by-record-exports\/\"]}]},{\"@type\":\"ImageObject\",\"inLanguage\":\"en-US\",\"@id\":\"https:\/\/safras.com.br\/eng\/brazilian-market-of-corn-is-emptied-by-record-exports\/#primaryimage\",\"url\":\"https:\/\/safras.com.br\/eng\/wp-content\/uploads\/2021\/04\/milho-espiga-graos-33-2.jpg\",\"contentUrl\":\"https:\/\/safras.com.br\/eng\/wp-content\/uploads\/2021\/04\/milho-espiga-graos-33-2.jpg\",\"width\":900,\"height\":600,\"caption\":\"milho espiga graos (33)\"},{\"@type\":\"BreadcrumbList\",\"@id\":\"https:\/\/safras.com.br\/eng\/brazilian-market-of-corn-is-emptied-by-record-exports\/#breadcrumb\",\"itemListElement\":[{\"@type\":\"ListItem\",\"position\":1,\"name\":\"Home\",\"item\":\"https:\/\/safras.com.br\/eng\/\"},{\"@type\":\"ListItem\",\"position\":2,\"name\":\"Brazilian market of corn is emptied by record exports\"}]},{\"@type\":\"WebSite\",\"@id\":\"https:\/\/safras.com.br\/eng\/#website\",\"url\":\"https:\/\/safras.com.br\/eng\/\",\"name\":\"SAFRAS &amp; Market\",\"description\":\"The Agribusiness Ecosystem\",\"potentialAction\":[{\"@type\":\"SearchAction\",\"target\":{\"@type\":\"EntryPoint\",\"urlTemplate\":\"https:\/\/safras.com.br\/eng\/?s={search_term_string}\"},\"query-input\":{\"@type\":\"PropertyValueSpecification\",\"valueRequired\":true,\"valueName\":\"search_term_string\"}}],\"inLanguage\":\"en-US\"},{\"@type\":\"Person\",\"@id\":\"https:\/\/safras.com.br\/eng\/#\/schema\/person\/6b4f5f84555b26df81ebf265afeea468\",\"name\":\"sf_arno\",\"image\":{\"@type\":\"ImageObject\",\"inLanguage\":\"en-US\",\"@id\":\"https:\/\/safras.com.br\/eng\/#\/schema\/person\/image\/\",\"url\":\"https:\/\/secure.gravatar.com\/avatar\/cd827467d38e031bbcca2d21dc078f23b033e41343522eda43899bdf04ca2c96?s=96&d=mm&r=g\",\"contentUrl\":\"https:\/\/secure.gravatar.com\/avatar\/cd827467d38e031bbcca2d21dc078f23b033e41343522eda43899bdf04ca2c96?s=96&d=mm&r=g\",\"caption\":\"sf_arno\"},\"url\":\"https:\/\/safras.com.br\/eng\/author\/sf_arno\/\"}]}<\/script>\n<!-- \/ Yoast SEO plugin. -->","yoast_head_json":{"title":"Brazilian market of corn is emptied by record exports - SAFRAS &amp; Market","description":"The preparation of consumers for this turn of the year does not allow the market to reflect the very high Brazilian exports of 2022.","robots":{"index":"noindex","follow":"follow","max-snippet":"max-snippet:-1","max-image-preview":"max-image-preview:large","max-video-preview":"max-video-preview:-1"},"og_locale":"en_US","og_type":"article","og_title":"Brazilian market of corn is emptied by record exports - SAFRAS &amp; Market","og_description":"The preparation of consumers for this turn of the year does not allow the market to reflect the very high Brazilian exports of 2022.","og_url":"https:\/\/safras.com.br\/eng\/brazilian-market-of-corn-is-emptied-by-record-exports\/","og_site_name":"SAFRAS &amp; Market","article_published_time":"2022-12-13T12:05:02+00:00","og_image":[{"width":900,"height":600,"url":"https:\/\/safras.com.br\/eng\/wp-content\/uploads\/2021\/04\/milho-espiga-graos-33-2.jpg","type":"image\/jpeg"}],"author":"sf_arno","twitter_card":"summary_large_image","twitter_misc":{"Written by":"sf_arno","Est. reading time":"4 minutes"},"schema":{"@context":"https:\/\/schema.org","@graph":[{"@type":"WebPage","@id":"https:\/\/safras.com.br\/eng\/brazilian-market-of-corn-is-emptied-by-record-exports\/","url":"https:\/\/safras.com.br\/eng\/brazilian-market-of-corn-is-emptied-by-record-exports\/","name":"Brazilian market of corn is emptied by record exports - SAFRAS &amp; Market","isPartOf":{"@id":"https:\/\/safras.com.br\/eng\/#website"},"primaryImageOfPage":{"@id":"https:\/\/safras.com.br\/eng\/brazilian-market-of-corn-is-emptied-by-record-exports\/#primaryimage"},"image":{"@id":"https:\/\/safras.com.br\/eng\/brazilian-market-of-corn-is-emptied-by-record-exports\/#primaryimage"},"thumbnailUrl":"https:\/\/safras.com.br\/eng\/wp-content\/uploads\/2021\/04\/milho-espiga-graos-33-2.jpg","datePublished":"2022-12-13T12:05:02+00:00","author":{"@id":"https:\/\/safras.com.br\/eng\/#\/schema\/person\/6b4f5f84555b26df81ebf265afeea468"},"description":"The preparation of consumers for this turn of the year does not allow the market to reflect the very high Brazilian exports of 2022.","breadcrumb":{"@id":"https:\/\/safras.com.br\/eng\/brazilian-market-of-corn-is-emptied-by-record-exports\/#breadcrumb"},"inLanguage":"en-US","potentialAction":[{"@type":"ReadAction","target":["https:\/\/safras.com.br\/eng\/brazilian-market-of-corn-is-emptied-by-record-exports\/"]}]},{"@type":"ImageObject","inLanguage":"en-US","@id":"https:\/\/safras.com.br\/eng\/brazilian-market-of-corn-is-emptied-by-record-exports\/#primaryimage","url":"https:\/\/safras.com.br\/eng\/wp-content\/uploads\/2021\/04\/milho-espiga-graos-33-2.jpg","contentUrl":"https:\/\/safras.com.br\/eng\/wp-content\/uploads\/2021\/04\/milho-espiga-graos-33-2.jpg","width":900,"height":600,"caption":"milho espiga graos (33)"},{"@type":"BreadcrumbList","@id":"https:\/\/safras.com.br\/eng\/brazilian-market-of-corn-is-emptied-by-record-exports\/#breadcrumb","itemListElement":[{"@type":"ListItem","position":1,"name":"Home","item":"https:\/\/safras.com.br\/eng\/"},{"@type":"ListItem","position":2,"name":"Brazilian market of corn is emptied by record exports"}]},{"@type":"WebSite","@id":"https:\/\/safras.com.br\/eng\/#website","url":"https:\/\/safras.com.br\/eng\/","name":"SAFRAS &amp; Market","description":"The Agribusiness Ecosystem","potentialAction":[{"@type":"SearchAction","target":{"@type":"EntryPoint","urlTemplate":"https:\/\/safras.com.br\/eng\/?s={search_term_string}"},"query-input":{"@type":"PropertyValueSpecification","valueRequired":true,"valueName":"search_term_string"}}],"inLanguage":"en-US"},{"@type":"Person","@id":"https:\/\/safras.com.br\/eng\/#\/schema\/person\/6b4f5f84555b26df81ebf265afeea468","name":"sf_arno","image":{"@type":"ImageObject","inLanguage":"en-US","@id":"https:\/\/safras.com.br\/eng\/#\/schema\/person\/image\/","url":"https:\/\/secure.gravatar.com\/avatar\/cd827467d38e031bbcca2d21dc078f23b033e41343522eda43899bdf04ca2c96?s=96&d=mm&r=g","contentUrl":"https:\/\/secure.gravatar.com\/avatar\/cd827467d38e031bbcca2d21dc078f23b033e41343522eda43899bdf04ca2c96?s=96&d=mm&r=g","caption":"sf_arno"},"url":"https:\/\/safras.com.br\/eng\/author\/sf_arno\/"}]}},"_links":{"self":[{"href":"https:\/\/safras.com.br\/eng\/wp-json\/wp\/v2\/posts\/45434","targetHints":{"allow":["GET"]}}],"collection":[{"href":"https:\/\/safras.com.br\/eng\/wp-json\/wp\/v2\/posts"}],"about":[{"href":"https:\/\/safras.com.br\/eng\/wp-json\/wp\/v2\/types\/post"}],"author":[{"embeddable":true,"href":"https:\/\/safras.com.br\/eng\/wp-json\/wp\/v2\/users\/5"}],"replies":[{"embeddable":true,"href":"https:\/\/safras.com.br\/eng\/wp-json\/wp\/v2\/comments?post=45434"}],"version-history":[{"count":0,"href":"https:\/\/safras.com.br\/eng\/wp-json\/wp\/v2\/posts\/45434\/revisions"}],"wp:featuredmedia":[{"embeddable":true,"href":"https:\/\/safras.com.br\/eng\/wp-json\/wp\/v2\/media\/64000"}],"wp:attachment":[{"href":"https:\/\/safras.com.br\/eng\/wp-json\/wp\/v2\/media?parent=45434"}],"wp:term":[{"taxonomy":"category","embeddable":true,"href":"https:\/\/safras.com.br\/eng\/wp-json\/wp\/v2\/categories?post=45434"},{"taxonomy":"post_tag","embeddable":true,"href":"https:\/\/safras.com.br\/eng\/wp-json\/wp\/v2\/tags?post=45434"},{"taxonomy":"commodity","embeddable":true,"href":"https:\/\/safras.com.br\/eng\/wp-json\/wp\/v2\/commodity?post=45434"}],"curies":[{"name":"wp","href":"https:\/\/api.w.org\/{rel}","templated":true}]}}