{"id":42644,"date":"2022-09-23T09:49:27","date_gmt":"2022-09-23T12:49:27","guid":{"rendered":"https:\/\/safras.com.br\/?p=42644"},"modified":"2022-09-23T09:49:27","modified_gmt":"2022-09-23T12:49:27","slug":"rains-in-brazils-coffee-belt-financial-market-and-smaller-crop-focus-attention","status":"publish","type":"post","link":"https:\/\/safras.com.br\/eng\/rains-in-brazils-coffee-belt-financial-market-and-smaller-crop-focus-attention\/","title":{"rendered":"Rains in Brazil&#8217;s coffee belt, financial market and smaller crop focus attention"},"content":{"rendered":"\n<p>&nbsp;&nbsp;&nbsp; Porto Alegre, September 22th, 2022 \u2013 The coffee market finds support in the low physical availability, but shows difficulty in following the gains due to weak demand. The expectation around the Fed\u2019s decision shook markets and brought volatility to the dollar and international coffee prices. The Fed raised the US prime interest rate by 0.75%, in line with market expectations. And that must reduce traders\u2019 anxiety a little bit.<\/p>\n\n\n\n<p>    On the fundamental side, the number from Conab (50.38 mln bags) reinforces the idea of a lower-than-expected Brazil\u2019s 2022 crop, already anticipated by SAFRAS (58.20 mln). And a smaller crop in Brazil must result in a lower flow of exports and very low stocks at the end of the 22\/23 business cycle.<\/p>\n\n\n\n<p>&nbsp;&nbsp;&nbsp; Low availability helps to lift an apparent bottom above 210 cents, which keeps the market away from the psychological reference of 200 cents. However, weak demand serves as a counterpoint to bullish moves, creating a cap at 230 cents.<\/p>\n\n\n\n<p>&nbsp;&nbsp;&nbsp; The brake on world activity and the growing signs of recession in consolidated economies such as the United States and, mainly, Europe, generate fears around consumption, which directly affects the coffee market. It is good to remember that the United States is the main individual consumer of coffee. Europe is the main consumer region of the beverage, responsible for 32% of the world\u2019s total. When North America and Europe are added together, the consumption share exceeds 50%, according to ICO data.<\/p>\n\n\n\n<p>&nbsp;&nbsp;&nbsp; While financial instability serves as a justification for volatility in coffee prices, the market\u2019s focus has already shifted to Brazil\u2019s 2023 crop. Traders on ICE US are trying to assimilate this year\u2019s lower crop in Brazil. However, greater attention is directed to the signs of the future Brazilian crop. And in this sense, the forecast for rains in the second half of September, associated with projections of rain in good volume also throughout the month of October, creates a more favorable environment, which reinforces the idea of a full crop in Brazil next year.<\/p>\n\n\n\n<p>&nbsp;&nbsp; It is interesting to note that the negative difference in coffee prices between the nearest position (Dec\/2022) and the reference for Brazil\u2019s future crop (Sep\/2023) rose to 15.65 cents. In this sense, at the same time that the market assimilates the current lower physical availability, it also increases the bet on an improvement in future supply. And with that, the price of the Sep\/23 position converges towards the level of 200 cents on ICE US.<\/p>\n\n\n\n<p>&nbsp;&nbsp;&nbsp; The world coffee industry tends to extend stocks and continue slowly working its 22\/23 positions, betting on a better future supply. The reference is precisely Brazil\u2019s 2023 crop. And the forecast for rains in Brazil reinforces the idea of more coffee next year and leaves buyers more comfortable to go on with their business strategy.<\/p>\n\n\n\n<p>&nbsp;&nbsp; F\u00e1bio R\u00fcbenich (fabio@safras.com.br) &#8211; Ag\u00eancia SAFRAS<\/p>\n\n\n\n<p>Copyright 2022 &#8211; Grupo CMA<\/p>\n","protected":false},"excerpt":{"rendered":"<p>&nbsp;&nbsp;&nbsp; Porto Alegre, September 22th, 2022 \u2013 The coffee market finds support in the low physical availability, but shows difficulty in following the gains due to weak demand. The expectation around the Fed\u2019s decision shook markets and brought volatility to the dollar and international coffee prices. The Fed raised the US prime interest rate by [&hellip;]<\/p>\n","protected":false},"author":12,"featured_media":64032,"comment_status":"closed","ping_status":"open","sticky":false,"template":"","format":"standard","meta":{"_acf_changed":false,"footnotes":""},"categories":[111],"tags":[],"commodity":[],"class_list":["post-42644","post","type-post","status-publish","format-standard","has-post-thumbnail","hentry","category-agribusiness-eng"],"acf":[],"yoast_head":"<!-- This site is optimized with the Yoast SEO plugin v26.1.1 - https:\/\/yoast.com\/wordpress\/plugins\/seo\/ -->\n<title>Rains in Brazil&#039;s coffee belt, financial market and smaller crop focus attention<\/title>\n<meta name=\"description\" content=\"The coffee market finds support in the low physical availability, but shows difficulty in following the gains due to weak demand.\" \/>\n<meta name=\"robots\" content=\"noindex, follow, max-snippet:-1, max-image-preview:large, max-video-preview:-1\" \/>\n<meta property=\"og:locale\" content=\"en_US\" \/>\n<meta property=\"og:type\" content=\"article\" \/>\n<meta property=\"og:title\" content=\"Rains in Brazil&#039;s coffee belt, financial market and smaller crop focus attention\" \/>\n<meta property=\"og:description\" content=\"The coffee market finds support in the low physical availability, but shows difficulty in following the gains due to weak demand.\" \/>\n<meta property=\"og:url\" content=\"https:\/\/safras.com.br\/eng\/rains-in-brazils-coffee-belt-financial-market-and-smaller-crop-focus-attention\/\" \/>\n<meta property=\"og:site_name\" content=\"SAFRAS &amp; Market\" \/>\n<meta property=\"article:published_time\" content=\"2022-09-23T12:49:27+00:00\" \/>\n<meta property=\"og:image\" content=\"https:\/\/safras.com.br\/eng\/wp-content\/uploads\/2021\/03\/cafe-graos-2-1-3.jpg\" \/>\n\t<meta property=\"og:image:width\" content=\"900\" \/>\n\t<meta property=\"og:image:height\" content=\"600\" \/>\n\t<meta property=\"og:image:type\" content=\"image\/jpeg\" \/>\n<meta name=\"author\" content=\"sf_fabio\" \/>\n<meta name=\"twitter:card\" content=\"summary_large_image\" \/>\n<meta name=\"twitter:label1\" content=\"Written by\" \/>\n\t<meta name=\"twitter:data1\" content=\"sf_fabio\" \/>\n\t<meta name=\"twitter:label2\" content=\"Est. reading time\" \/>\n\t<meta name=\"twitter:data2\" content=\"3 minutes\" \/>\n<script type=\"application\/ld+json\" class=\"yoast-schema-graph\">{\"@context\":\"https:\/\/schema.org\",\"@graph\":[{\"@type\":\"WebPage\",\"@id\":\"https:\/\/safras.com.br\/eng\/rains-in-brazils-coffee-belt-financial-market-and-smaller-crop-focus-attention\/\",\"url\":\"https:\/\/safras.com.br\/eng\/rains-in-brazils-coffee-belt-financial-market-and-smaller-crop-focus-attention\/\",\"name\":\"Rains in Brazil's coffee belt, financial market and smaller crop focus attention\",\"isPartOf\":{\"@id\":\"https:\/\/safras.com.br\/eng\/#website\"},\"primaryImageOfPage\":{\"@id\":\"https:\/\/safras.com.br\/eng\/rains-in-brazils-coffee-belt-financial-market-and-smaller-crop-focus-attention\/#primaryimage\"},\"image\":{\"@id\":\"https:\/\/safras.com.br\/eng\/rains-in-brazils-coffee-belt-financial-market-and-smaller-crop-focus-attention\/#primaryimage\"},\"thumbnailUrl\":\"https:\/\/safras.com.br\/eng\/wp-content\/uploads\/2021\/03\/cafe-graos-2-1-3.jpg\",\"datePublished\":\"2022-09-23T12:49:27+00:00\",\"author\":{\"@id\":\"https:\/\/safras.com.br\/eng\/#\/schema\/person\/246ec45d1db9165323f0735230a4625e\"},\"description\":\"The coffee market finds support in the low physical availability, but shows difficulty in following the gains due to weak demand.\",\"breadcrumb\":{\"@id\":\"https:\/\/safras.com.br\/eng\/rains-in-brazils-coffee-belt-financial-market-and-smaller-crop-focus-attention\/#breadcrumb\"},\"inLanguage\":\"en-US\",\"potentialAction\":[{\"@type\":\"ReadAction\",\"target\":[\"https:\/\/safras.com.br\/eng\/rains-in-brazils-coffee-belt-financial-market-and-smaller-crop-focus-attention\/\"]}]},{\"@type\":\"ImageObject\",\"inLanguage\":\"en-US\",\"@id\":\"https:\/\/safras.com.br\/eng\/rains-in-brazils-coffee-belt-financial-market-and-smaller-crop-focus-attention\/#primaryimage\",\"url\":\"https:\/\/safras.com.br\/eng\/wp-content\/uploads\/2021\/03\/cafe-graos-2-1-3.jpg\",\"contentUrl\":\"https:\/\/safras.com.br\/eng\/wp-content\/uploads\/2021\/03\/cafe-graos-2-1-3.jpg\",\"width\":900,\"height\":600,\"caption\":\"cafe graos (2)\"},{\"@type\":\"BreadcrumbList\",\"@id\":\"https:\/\/safras.com.br\/eng\/rains-in-brazils-coffee-belt-financial-market-and-smaller-crop-focus-attention\/#breadcrumb\",\"itemListElement\":[{\"@type\":\"ListItem\",\"position\":1,\"name\":\"Home\",\"item\":\"https:\/\/safras.com.br\/eng\/\"},{\"@type\":\"ListItem\",\"position\":2,\"name\":\"Rains in Brazil&#8217;s coffee belt, financial market and smaller crop focus attention\"}]},{\"@type\":\"WebSite\",\"@id\":\"https:\/\/safras.com.br\/eng\/#website\",\"url\":\"https:\/\/safras.com.br\/eng\/\",\"name\":\"SAFRAS &amp; Market\",\"description\":\"The Agribusiness Ecosystem\",\"potentialAction\":[{\"@type\":\"SearchAction\",\"target\":{\"@type\":\"EntryPoint\",\"urlTemplate\":\"https:\/\/safras.com.br\/eng\/?s={search_term_string}\"},\"query-input\":{\"@type\":\"PropertyValueSpecification\",\"valueRequired\":true,\"valueName\":\"search_term_string\"}}],\"inLanguage\":\"en-US\"},{\"@type\":\"Person\",\"@id\":\"https:\/\/safras.com.br\/eng\/#\/schema\/person\/246ec45d1db9165323f0735230a4625e\",\"name\":\"sf_fabio\",\"image\":{\"@type\":\"ImageObject\",\"inLanguage\":\"en-US\",\"@id\":\"https:\/\/safras.com.br\/eng\/#\/schema\/person\/image\/\",\"url\":\"https:\/\/secure.gravatar.com\/avatar\/379b3103d1f5eb3c01a2fa2982bd118bc6383bc75c4d77526254279a3eabeee2?s=96&d=mm&r=g\",\"contentUrl\":\"https:\/\/secure.gravatar.com\/avatar\/379b3103d1f5eb3c01a2fa2982bd118bc6383bc75c4d77526254279a3eabeee2?s=96&d=mm&r=g\",\"caption\":\"sf_fabio\"},\"url\":\"https:\/\/safras.com.br\/eng\/author\/sf_fabio\/\"}]}<\/script>\n<!-- \/ Yoast SEO plugin. -->","yoast_head_json":{"title":"Rains in Brazil's coffee belt, financial market and smaller crop focus attention","description":"The coffee market finds support in the low physical availability, but shows difficulty in following the gains due to weak demand.","robots":{"index":"noindex","follow":"follow","max-snippet":"max-snippet:-1","max-image-preview":"max-image-preview:large","max-video-preview":"max-video-preview:-1"},"og_locale":"en_US","og_type":"article","og_title":"Rains in Brazil's coffee belt, financial market and smaller crop focus attention","og_description":"The coffee market finds support in the low physical availability, but shows difficulty in following the gains due to weak demand.","og_url":"https:\/\/safras.com.br\/eng\/rains-in-brazils-coffee-belt-financial-market-and-smaller-crop-focus-attention\/","og_site_name":"SAFRAS &amp; Market","article_published_time":"2022-09-23T12:49:27+00:00","og_image":[{"width":900,"height":600,"url":"https:\/\/safras.com.br\/eng\/wp-content\/uploads\/2021\/03\/cafe-graos-2-1-3.jpg","type":"image\/jpeg"}],"author":"sf_fabio","twitter_card":"summary_large_image","twitter_misc":{"Written by":"sf_fabio","Est. reading time":"3 minutes"},"schema":{"@context":"https:\/\/schema.org","@graph":[{"@type":"WebPage","@id":"https:\/\/safras.com.br\/eng\/rains-in-brazils-coffee-belt-financial-market-and-smaller-crop-focus-attention\/","url":"https:\/\/safras.com.br\/eng\/rains-in-brazils-coffee-belt-financial-market-and-smaller-crop-focus-attention\/","name":"Rains in Brazil's coffee belt, financial market and smaller crop focus attention","isPartOf":{"@id":"https:\/\/safras.com.br\/eng\/#website"},"primaryImageOfPage":{"@id":"https:\/\/safras.com.br\/eng\/rains-in-brazils-coffee-belt-financial-market-and-smaller-crop-focus-attention\/#primaryimage"},"image":{"@id":"https:\/\/safras.com.br\/eng\/rains-in-brazils-coffee-belt-financial-market-and-smaller-crop-focus-attention\/#primaryimage"},"thumbnailUrl":"https:\/\/safras.com.br\/eng\/wp-content\/uploads\/2021\/03\/cafe-graos-2-1-3.jpg","datePublished":"2022-09-23T12:49:27+00:00","author":{"@id":"https:\/\/safras.com.br\/eng\/#\/schema\/person\/246ec45d1db9165323f0735230a4625e"},"description":"The coffee market finds support in the low physical availability, but shows difficulty in following the gains due to weak demand.","breadcrumb":{"@id":"https:\/\/safras.com.br\/eng\/rains-in-brazils-coffee-belt-financial-market-and-smaller-crop-focus-attention\/#breadcrumb"},"inLanguage":"en-US","potentialAction":[{"@type":"ReadAction","target":["https:\/\/safras.com.br\/eng\/rains-in-brazils-coffee-belt-financial-market-and-smaller-crop-focus-attention\/"]}]},{"@type":"ImageObject","inLanguage":"en-US","@id":"https:\/\/safras.com.br\/eng\/rains-in-brazils-coffee-belt-financial-market-and-smaller-crop-focus-attention\/#primaryimage","url":"https:\/\/safras.com.br\/eng\/wp-content\/uploads\/2021\/03\/cafe-graos-2-1-3.jpg","contentUrl":"https:\/\/safras.com.br\/eng\/wp-content\/uploads\/2021\/03\/cafe-graos-2-1-3.jpg","width":900,"height":600,"caption":"cafe graos (2)"},{"@type":"BreadcrumbList","@id":"https:\/\/safras.com.br\/eng\/rains-in-brazils-coffee-belt-financial-market-and-smaller-crop-focus-attention\/#breadcrumb","itemListElement":[{"@type":"ListItem","position":1,"name":"Home","item":"https:\/\/safras.com.br\/eng\/"},{"@type":"ListItem","position":2,"name":"Rains in Brazil&#8217;s coffee belt, financial market and smaller crop focus attention"}]},{"@type":"WebSite","@id":"https:\/\/safras.com.br\/eng\/#website","url":"https:\/\/safras.com.br\/eng\/","name":"SAFRAS &amp; Market","description":"The Agribusiness Ecosystem","potentialAction":[{"@type":"SearchAction","target":{"@type":"EntryPoint","urlTemplate":"https:\/\/safras.com.br\/eng\/?s={search_term_string}"},"query-input":{"@type":"PropertyValueSpecification","valueRequired":true,"valueName":"search_term_string"}}],"inLanguage":"en-US"},{"@type":"Person","@id":"https:\/\/safras.com.br\/eng\/#\/schema\/person\/246ec45d1db9165323f0735230a4625e","name":"sf_fabio","image":{"@type":"ImageObject","inLanguage":"en-US","@id":"https:\/\/safras.com.br\/eng\/#\/schema\/person\/image\/","url":"https:\/\/secure.gravatar.com\/avatar\/379b3103d1f5eb3c01a2fa2982bd118bc6383bc75c4d77526254279a3eabeee2?s=96&d=mm&r=g","contentUrl":"https:\/\/secure.gravatar.com\/avatar\/379b3103d1f5eb3c01a2fa2982bd118bc6383bc75c4d77526254279a3eabeee2?s=96&d=mm&r=g","caption":"sf_fabio"},"url":"https:\/\/safras.com.br\/eng\/author\/sf_fabio\/"}]}},"_links":{"self":[{"href":"https:\/\/safras.com.br\/eng\/wp-json\/wp\/v2\/posts\/42644","targetHints":{"allow":["GET"]}}],"collection":[{"href":"https:\/\/safras.com.br\/eng\/wp-json\/wp\/v2\/posts"}],"about":[{"href":"https:\/\/safras.com.br\/eng\/wp-json\/wp\/v2\/types\/post"}],"author":[{"embeddable":true,"href":"https:\/\/safras.com.br\/eng\/wp-json\/wp\/v2\/users\/12"}],"replies":[{"embeddable":true,"href":"https:\/\/safras.com.br\/eng\/wp-json\/wp\/v2\/comments?post=42644"}],"version-history":[{"count":0,"href":"https:\/\/safras.com.br\/eng\/wp-json\/wp\/v2\/posts\/42644\/revisions"}],"wp:featuredmedia":[{"embeddable":true,"href":"https:\/\/safras.com.br\/eng\/wp-json\/wp\/v2\/media\/64032"}],"wp:attachment":[{"href":"https:\/\/safras.com.br\/eng\/wp-json\/wp\/v2\/media?parent=42644"}],"wp:term":[{"taxonomy":"category","embeddable":true,"href":"https:\/\/safras.com.br\/eng\/wp-json\/wp\/v2\/categories?post=42644"},{"taxonomy":"post_tag","embeddable":true,"href":"https:\/\/safras.com.br\/eng\/wp-json\/wp\/v2\/tags?post=42644"},{"taxonomy":"commodity","embeddable":true,"href":"https:\/\/safras.com.br\/eng\/wp-json\/wp\/v2\/commodity?post=42644"}],"curies":[{"name":"wp","href":"https:\/\/api.w.org\/{rel}","templated":true}]}}