{"id":42641,"date":"2022-09-23T09:31:15","date_gmt":"2022-09-23T12:31:15","guid":{"rendered":"https:\/\/safras.com.br\/?p=42641"},"modified":"2022-09-23T09:31:15","modified_gmt":"2022-09-23T12:31:15","slug":"physical-coffee-market-in-brazil-reacts-to-ice-but-trading-remains-thin","status":"publish","type":"post","link":"https:\/\/safras.com.br\/eng\/physical-coffee-market-in-brazil-reacts-to-ice-but-trading-remains-thin\/","title":{"rendered":"Physical coffee market in Brazil reacts to ICE, but trading remains thin"},"content":{"rendered":"\n<p>\u00a0\u00a0\u00a0 Porto Alegre, September 22th, 2022 \u2013 The physical coffee market in Brazil seeks some balance in the inverse behavior of the dollar and ICE and walks on the sidelines, trying to consolidate a level of performance. Concerns about sales in advance deliveries in September and the lower Brazil\u2019s 2022 output, associated with financial volatility and economic uncertainties, explain the caution in the physical market. Good cup in the south of Minas Gerais tries a new approach to the level of BRL 1,300, with bids around BRL 1,280 per 60-kg bag in the physicals. Sellers are still distant, asking BRL 1,310 a bag. The spread between the ends and the concentration on deliveries ends up emptying negotiations. <\/p>\n\n\n\n<p>     Positions with future crops continue not to attract the interest of growers. The price is practically the same as in the physical market, which justifies the lack of sellers. The confirmation of rains and the appearance of blossoming in Brazil\u2019s 2023 crop may help to break this resistance a little, with some progress in barter operations and future commitments.<\/p>\n\n\n\n<p>&nbsp;&nbsp;&nbsp; Fine cup is bidded at BRL 1,300 a bag in Cerrado and Mogiana. Offers are still distant, between BRL 1,370 and 1,390 a bag, already below the old trigger of BRL 1,400 a bag. Fine cherry coffee ranges from BRL 1380 to 1,420 per bag. Rio cup rose to BRL 1,070 a bag for a lot with 20% of defects in the region of Matas de Minas. Conillon 7\/8 in Colatina is maintained at BRL 735 a bag.<\/p>\n\n\n\n<p>&nbsp;&nbsp; F\u00e1bio R\u00fcbenich (fabio@safras.com.br) &#8211; Ag\u00eancia SAFRAS<\/p>\n\n\n\n<p>Copyright 2022 &#8211; Grupo CMA<\/p>\n","protected":false},"excerpt":{"rendered":"<p>\u00a0\u00a0\u00a0 Porto Alegre, September 22th, 2022 \u2013 The physical coffee market in Brazil seeks some balance in the inverse behavior of the dollar and ICE and walks on the sidelines, trying to consolidate a level of performance. Concerns about sales in advance deliveries in September and the lower Brazil\u2019s 2022 output, associated with financial volatility [&hellip;]<\/p>\n","protected":false},"author":12,"featured_media":64223,"comment_status":"closed","ping_status":"open","sticky":false,"template":"","format":"standard","meta":{"_acf_changed":false,"footnotes":""},"categories":[105],"tags":[],"commodity":[],"class_list":["post-42641","post","type-post","status-publish","format-standard","has-post-thumbnail","hentry","category-market-eng"],"acf":[],"yoast_head":"<!-- This site is optimized with the Yoast SEO plugin v26.1.1 - https:\/\/yoast.com\/wordpress\/plugins\/seo\/ -->\n<title>Physical coffee market in Brazil reacts to ICE, but trading remains thin -<\/title>\n<meta name=\"description\" content=\"The physical coffee market in Brazil seeks some balance in the inverse behavior of the dollar and ICE and walks on the sidelines,\" \/>\n<meta name=\"robots\" content=\"noindex, follow, max-snippet:-1, max-image-preview:large, max-video-preview:-1\" \/>\n<meta property=\"og:locale\" content=\"en_US\" \/>\n<meta property=\"og:type\" content=\"article\" \/>\n<meta property=\"og:title\" content=\"Physical coffee market in Brazil reacts to ICE, but trading remains thin -\" \/>\n<meta property=\"og:description\" content=\"The physical coffee market in Brazil seeks some balance in the inverse behavior of the dollar and ICE and walks on the sidelines,\" \/>\n<meta property=\"og:url\" content=\"https:\/\/safras.com.br\/eng\/physical-coffee-market-in-brazil-reacts-to-ice-but-trading-remains-thin\/\" \/>\n<meta property=\"og:site_name\" content=\"SAFRAS &amp; Market\" \/>\n<meta property=\"article:published_time\" content=\"2022-09-23T12:31:15+00:00\" \/>\n<meta property=\"og:image\" content=\"https:\/\/safras.com.br\/eng\/wp-content\/uploads\/2021\/03\/cafe-graos-25-1-4.jpg\" \/>\n\t<meta property=\"og:image:width\" content=\"900\" \/>\n\t<meta property=\"og:image:height\" content=\"600\" \/>\n\t<meta property=\"og:image:type\" content=\"image\/jpeg\" \/>\n<meta name=\"author\" content=\"sf_fabio\" \/>\n<meta name=\"twitter:card\" content=\"summary_large_image\" \/>\n<meta name=\"twitter:label1\" content=\"Written by\" \/>\n\t<meta name=\"twitter:data1\" content=\"sf_fabio\" \/>\n\t<meta name=\"twitter:label2\" content=\"Est. reading time\" \/>\n\t<meta name=\"twitter:data2\" content=\"2 minutes\" \/>\n<script type=\"application\/ld+json\" class=\"yoast-schema-graph\">{\"@context\":\"https:\/\/schema.org\",\"@graph\":[{\"@type\":\"WebPage\",\"@id\":\"https:\/\/safras.com.br\/eng\/physical-coffee-market-in-brazil-reacts-to-ice-but-trading-remains-thin\/\",\"url\":\"https:\/\/safras.com.br\/eng\/physical-coffee-market-in-brazil-reacts-to-ice-but-trading-remains-thin\/\",\"name\":\"Physical coffee market in Brazil reacts to ICE, but trading remains thin -\",\"isPartOf\":{\"@id\":\"https:\/\/safras.com.br\/eng\/#website\"},\"primaryImageOfPage\":{\"@id\":\"https:\/\/safras.com.br\/eng\/physical-coffee-market-in-brazil-reacts-to-ice-but-trading-remains-thin\/#primaryimage\"},\"image\":{\"@id\":\"https:\/\/safras.com.br\/eng\/physical-coffee-market-in-brazil-reacts-to-ice-but-trading-remains-thin\/#primaryimage\"},\"thumbnailUrl\":\"https:\/\/safras.com.br\/eng\/wp-content\/uploads\/2021\/03\/cafe-graos-25-1-4.jpg\",\"datePublished\":\"2022-09-23T12:31:15+00:00\",\"author\":{\"@id\":\"https:\/\/safras.com.br\/eng\/#\/schema\/person\/246ec45d1db9165323f0735230a4625e\"},\"description\":\"The physical coffee market in Brazil seeks some balance in the inverse behavior of the dollar and ICE and walks on the sidelines,\",\"breadcrumb\":{\"@id\":\"https:\/\/safras.com.br\/eng\/physical-coffee-market-in-brazil-reacts-to-ice-but-trading-remains-thin\/#breadcrumb\"},\"inLanguage\":\"en-US\",\"potentialAction\":[{\"@type\":\"ReadAction\",\"target\":[\"https:\/\/safras.com.br\/eng\/physical-coffee-market-in-brazil-reacts-to-ice-but-trading-remains-thin\/\"]}]},{\"@type\":\"ImageObject\",\"inLanguage\":\"en-US\",\"@id\":\"https:\/\/safras.com.br\/eng\/physical-coffee-market-in-brazil-reacts-to-ice-but-trading-remains-thin\/#primaryimage\",\"url\":\"https:\/\/safras.com.br\/eng\/wp-content\/uploads\/2021\/03\/cafe-graos-25-1-4.jpg\",\"contentUrl\":\"https:\/\/safras.com.br\/eng\/wp-content\/uploads\/2021\/03\/cafe-graos-25-1-4.jpg\",\"width\":900,\"height\":600,\"caption\":\"cafe graos (25)\"},{\"@type\":\"BreadcrumbList\",\"@id\":\"https:\/\/safras.com.br\/eng\/physical-coffee-market-in-brazil-reacts-to-ice-but-trading-remains-thin\/#breadcrumb\",\"itemListElement\":[{\"@type\":\"ListItem\",\"position\":1,\"name\":\"Home\",\"item\":\"https:\/\/safras.com.br\/eng\/\"},{\"@type\":\"ListItem\",\"position\":2,\"name\":\"Physical coffee market in Brazil reacts to ICE, but trading remains thin\"}]},{\"@type\":\"WebSite\",\"@id\":\"https:\/\/safras.com.br\/eng\/#website\",\"url\":\"https:\/\/safras.com.br\/eng\/\",\"name\":\"SAFRAS &amp; Market\",\"description\":\"The Agribusiness Ecosystem\",\"potentialAction\":[{\"@type\":\"SearchAction\",\"target\":{\"@type\":\"EntryPoint\",\"urlTemplate\":\"https:\/\/safras.com.br\/eng\/?s={search_term_string}\"},\"query-input\":{\"@type\":\"PropertyValueSpecification\",\"valueRequired\":true,\"valueName\":\"search_term_string\"}}],\"inLanguage\":\"en-US\"},{\"@type\":\"Person\",\"@id\":\"https:\/\/safras.com.br\/eng\/#\/schema\/person\/246ec45d1db9165323f0735230a4625e\",\"name\":\"sf_fabio\",\"image\":{\"@type\":\"ImageObject\",\"inLanguage\":\"en-US\",\"@id\":\"https:\/\/safras.com.br\/eng\/#\/schema\/person\/image\/\",\"url\":\"https:\/\/secure.gravatar.com\/avatar\/379b3103d1f5eb3c01a2fa2982bd118bc6383bc75c4d77526254279a3eabeee2?s=96&d=mm&r=g\",\"contentUrl\":\"https:\/\/secure.gravatar.com\/avatar\/379b3103d1f5eb3c01a2fa2982bd118bc6383bc75c4d77526254279a3eabeee2?s=96&d=mm&r=g\",\"caption\":\"sf_fabio\"},\"url\":\"https:\/\/safras.com.br\/eng\/author\/sf_fabio\/\"}]}<\/script>\n<!-- \/ Yoast SEO plugin. -->","yoast_head_json":{"title":"Physical coffee market in Brazil reacts to ICE, but trading remains thin -","description":"The physical coffee market in Brazil seeks some balance in the inverse behavior of the dollar and ICE and walks on the sidelines,","robots":{"index":"noindex","follow":"follow","max-snippet":"max-snippet:-1","max-image-preview":"max-image-preview:large","max-video-preview":"max-video-preview:-1"},"og_locale":"en_US","og_type":"article","og_title":"Physical coffee market in Brazil reacts to ICE, but trading remains thin -","og_description":"The physical coffee market in Brazil seeks some balance in the inverse behavior of the dollar and ICE and walks on the sidelines,","og_url":"https:\/\/safras.com.br\/eng\/physical-coffee-market-in-brazil-reacts-to-ice-but-trading-remains-thin\/","og_site_name":"SAFRAS &amp; Market","article_published_time":"2022-09-23T12:31:15+00:00","og_image":[{"width":900,"height":600,"url":"https:\/\/safras.com.br\/eng\/wp-content\/uploads\/2021\/03\/cafe-graos-25-1-4.jpg","type":"image\/jpeg"}],"author":"sf_fabio","twitter_card":"summary_large_image","twitter_misc":{"Written by":"sf_fabio","Est. reading time":"2 minutes"},"schema":{"@context":"https:\/\/schema.org","@graph":[{"@type":"WebPage","@id":"https:\/\/safras.com.br\/eng\/physical-coffee-market-in-brazil-reacts-to-ice-but-trading-remains-thin\/","url":"https:\/\/safras.com.br\/eng\/physical-coffee-market-in-brazil-reacts-to-ice-but-trading-remains-thin\/","name":"Physical coffee market in Brazil reacts to ICE, but trading remains thin -","isPartOf":{"@id":"https:\/\/safras.com.br\/eng\/#website"},"primaryImageOfPage":{"@id":"https:\/\/safras.com.br\/eng\/physical-coffee-market-in-brazil-reacts-to-ice-but-trading-remains-thin\/#primaryimage"},"image":{"@id":"https:\/\/safras.com.br\/eng\/physical-coffee-market-in-brazil-reacts-to-ice-but-trading-remains-thin\/#primaryimage"},"thumbnailUrl":"https:\/\/safras.com.br\/eng\/wp-content\/uploads\/2021\/03\/cafe-graos-25-1-4.jpg","datePublished":"2022-09-23T12:31:15+00:00","author":{"@id":"https:\/\/safras.com.br\/eng\/#\/schema\/person\/246ec45d1db9165323f0735230a4625e"},"description":"The physical coffee market in Brazil seeks some balance in the inverse behavior of the dollar and ICE and walks on the sidelines,","breadcrumb":{"@id":"https:\/\/safras.com.br\/eng\/physical-coffee-market-in-brazil-reacts-to-ice-but-trading-remains-thin\/#breadcrumb"},"inLanguage":"en-US","potentialAction":[{"@type":"ReadAction","target":["https:\/\/safras.com.br\/eng\/physical-coffee-market-in-brazil-reacts-to-ice-but-trading-remains-thin\/"]}]},{"@type":"ImageObject","inLanguage":"en-US","@id":"https:\/\/safras.com.br\/eng\/physical-coffee-market-in-brazil-reacts-to-ice-but-trading-remains-thin\/#primaryimage","url":"https:\/\/safras.com.br\/eng\/wp-content\/uploads\/2021\/03\/cafe-graos-25-1-4.jpg","contentUrl":"https:\/\/safras.com.br\/eng\/wp-content\/uploads\/2021\/03\/cafe-graos-25-1-4.jpg","width":900,"height":600,"caption":"cafe graos (25)"},{"@type":"BreadcrumbList","@id":"https:\/\/safras.com.br\/eng\/physical-coffee-market-in-brazil-reacts-to-ice-but-trading-remains-thin\/#breadcrumb","itemListElement":[{"@type":"ListItem","position":1,"name":"Home","item":"https:\/\/safras.com.br\/eng\/"},{"@type":"ListItem","position":2,"name":"Physical coffee market in Brazil reacts to ICE, but trading remains thin"}]},{"@type":"WebSite","@id":"https:\/\/safras.com.br\/eng\/#website","url":"https:\/\/safras.com.br\/eng\/","name":"SAFRAS &amp; Market","description":"The Agribusiness Ecosystem","potentialAction":[{"@type":"SearchAction","target":{"@type":"EntryPoint","urlTemplate":"https:\/\/safras.com.br\/eng\/?s={search_term_string}"},"query-input":{"@type":"PropertyValueSpecification","valueRequired":true,"valueName":"search_term_string"}}],"inLanguage":"en-US"},{"@type":"Person","@id":"https:\/\/safras.com.br\/eng\/#\/schema\/person\/246ec45d1db9165323f0735230a4625e","name":"sf_fabio","image":{"@type":"ImageObject","inLanguage":"en-US","@id":"https:\/\/safras.com.br\/eng\/#\/schema\/person\/image\/","url":"https:\/\/secure.gravatar.com\/avatar\/379b3103d1f5eb3c01a2fa2982bd118bc6383bc75c4d77526254279a3eabeee2?s=96&d=mm&r=g","contentUrl":"https:\/\/secure.gravatar.com\/avatar\/379b3103d1f5eb3c01a2fa2982bd118bc6383bc75c4d77526254279a3eabeee2?s=96&d=mm&r=g","caption":"sf_fabio"},"url":"https:\/\/safras.com.br\/eng\/author\/sf_fabio\/"}]}},"_links":{"self":[{"href":"https:\/\/safras.com.br\/eng\/wp-json\/wp\/v2\/posts\/42641","targetHints":{"allow":["GET"]}}],"collection":[{"href":"https:\/\/safras.com.br\/eng\/wp-json\/wp\/v2\/posts"}],"about":[{"href":"https:\/\/safras.com.br\/eng\/wp-json\/wp\/v2\/types\/post"}],"author":[{"embeddable":true,"href":"https:\/\/safras.com.br\/eng\/wp-json\/wp\/v2\/users\/12"}],"replies":[{"embeddable":true,"href":"https:\/\/safras.com.br\/eng\/wp-json\/wp\/v2\/comments?post=42641"}],"version-history":[{"count":0,"href":"https:\/\/safras.com.br\/eng\/wp-json\/wp\/v2\/posts\/42641\/revisions"}],"wp:featuredmedia":[{"embeddable":true,"href":"https:\/\/safras.com.br\/eng\/wp-json\/wp\/v2\/media\/64223"}],"wp:attachment":[{"href":"https:\/\/safras.com.br\/eng\/wp-json\/wp\/v2\/media?parent=42641"}],"wp:term":[{"taxonomy":"category","embeddable":true,"href":"https:\/\/safras.com.br\/eng\/wp-json\/wp\/v2\/categories?post=42641"},{"taxonomy":"post_tag","embeddable":true,"href":"https:\/\/safras.com.br\/eng\/wp-json\/wp\/v2\/tags?post=42641"},{"taxonomy":"commodity","embeddable":true,"href":"https:\/\/safras.com.br\/eng\/wp-json\/wp\/v2\/commodity?post=42641"}],"curies":[{"name":"wp","href":"https:\/\/api.w.org\/{rel}","templated":true}]}}